{"id":65946,"date":"2016-01-19T09:57:21","date_gmt":"2016-01-19T12:57:21","guid":{"rendered":"http:\/\/www.eltrabajo.cl\/portal\/?p=65946"},"modified":"2016-01-19T09:57:21","modified_gmt":"2016-01-19T12:57:21","slug":"tres-deportistas-aconcaguinos-fueron-de-hierro-en-valle-nevado","status":"publish","type":"post","link":"https:\/\/eltrabajo.cl\/portal\/tres-deportistas-aconcaguinos-fueron-de-hierro-en-valle-nevado\/","title":{"rendered":"Tres deportistas aconcag\u00fcinos fueron de hierro en Valle Nevado"},"content":{"rendered":"<figure id=\"attachment_65947\" aria-describedby=\"caption-attachment-65947\" style=\"width: 300px\" class=\"wp-caption alignleft\"><img data-recalc-dims=\"1\" loading=\"lazy\" decoding=\"async\" class=\"wp-image-65947 size-medium\" src=\"https:\/\/i0.wp.com\/www.eltrabajo.cl\/portal\/wp-content\/uploads\/2016\/01\/ingrid-estay-300x198.jpg?resize=300%2C198\" alt=\"Ingrid Estay se qued\u00f3 con el segundo lugar en la distancia de los 28 K entre las participantes de entre 35 a 45 a\u00f1os.\" width=\"300\" height=\"198\" srcset=\"https:\/\/i0.wp.com\/eltrabajo.cl\/portal\/wp-content\/uploads\/2016\/01\/ingrid-estay.jpg?resize=300%2C198&amp;ssl=1 300w, https:\/\/i0.wp.com\/eltrabajo.cl\/portal\/wp-content\/uploads\/2016\/01\/ingrid-estay.jpg?resize=200%2C132&amp;ssl=1 200w, https:\/\/i0.wp.com\/eltrabajo.cl\/portal\/wp-content\/uploads\/2016\/01\/ingrid-estay.jpg?resize=228%2C150&amp;ssl=1 228w, https:\/\/i0.wp.com\/eltrabajo.cl\/portal\/wp-content\/uploads\/2016\/01\/ingrid-estay.jpg?resize=400%2C263&amp;ssl=1 400w, https:\/\/i0.wp.com\/eltrabajo.cl\/portal\/wp-content\/uploads\/2016\/01\/ingrid-estay.jpg?w=530&amp;ssl=1 530w\" sizes=\"auto, (max-width: 300px) 100vw, 300px\" \/><figcaption id=\"caption-attachment-65947\" class=\"wp-caption-text\">Ingrid Estay se qued\u00f3 con el segundo lugar en la distancia de los 28 K entre las participantes de entre 35 a 45 a\u00f1os.<\/figcaption><\/figure>\n<ul>\n<li><strong>Dos mujeres y un hombre subieron al podio en la altura del Andes Infernal.<\/strong><\/li>\n<\/ul>\n<p>Una destacada actuaci\u00f3n cumpli\u00f3 una delegaci\u00f3n del club de atletismo Iron Runners de la comuna de Rinconada de Los Andes, en la competencia Andes Infernal en Valle Nevado a 5.400 metros de altura.<br \/>\nLa especialidad en que incursionan los aconcag\u00fcinos tiene por nombre Ultra Sky, y en ella se mezclan el running, caminata y carrera, lo cual los lleva a una exigencia extrema, que se traduce en que solo un peque\u00f1o porcentaje de competidores pueda finalizar una competencia, cosa que sucedi\u00f3 el s\u00e1bado pasado donde el 57% de los participantes pudo cumplir con el circuito.<br \/>\nLos Andes Infernal es el circuito de mayor altitud y por lo mismo es que antes hubo una etapa clasificatoria en la cual 2.000 buscaron estar dentro de los 600 que lucharon por estar entre los mejores de las respectivas categor\u00edas.<br \/>\nDentro del selecto y excluyente grupo de los mejores, tres aconcag\u00fcinos -de los 22 que compon\u00edan la delegaci\u00f3n- consiguieron subir al podio, as\u00ed en los 28 kil\u00f3metros, Alejandra Aldunce de San Esteban, lleg\u00f3 segunda en la altura de 4.500 metros en la serie para participantes entre 25 y 35 a\u00f1os, mientras que la sanfelipe\u00f1a Ingrid Estay consigui\u00f3 el mismo logro en igual distancia y altitud en la categor\u00eda 35 a 45 a\u00f1os.<br \/>\nManuel Guti\u00e9rrez fue la otra figura de los Iron Runners que tuvo el honor de subir al podio al llegar segundo en los 15 K a 3.500 metros de altitud entre los competidores cuyas edades iban desde los 45 a 55 a\u00f1os.<br \/>\nRespecto a la gran presentaci\u00f3n de los aconcag\u00fcinos, Rodrigo Alarc\u00f3n, uno de sus integrantes, dijo \u201ces muy importante lo que el s\u00e1bado se hizo en Valle Nevado, porque la competencia fue en sumo compleja, la m\u00e1s dif\u00edcil que se hace en Chile y que tres de los nuestros hayan estado dentro de los mejores nos tiene a todos muy contentos y orgullosos\u201d.<\/p>\n<div class=\"tiled-gallery type-rectangular tiled-gallery-unresized\" data-original-width=\"640\" data-carousel-extra='null' itemscope itemtype=\"http:\/\/schema.org\/ImageGallery\" > <div class=\"gallery-row\" style=\"width: 640px; height: 212px;\" data-original-width=\"640\" data-original-height=\"212\" > <div class=\"gallery-group images-1\" style=\"width: 320px; height: 212px;\" data-original-width=\"320\" data-original-height=\"212\" > <div class=\"tiled-gallery-item tiled-gallery-item-large\" itemprop=\"associatedMedia\" itemscope itemtype=\"http:\/\/schema.org\/ImageObject\"> <a href=\"https:\/\/eltrabajo.cl\/portal\/tres-deportistas-aconcaguinos-fueron-de-hierro-en-valle-nevado\/delegacion-iron-runners\/\" border=\"0\" itemprop=\"url\"> <meta itemprop=\"width\" content=\"316\"> <meta itemprop=\"height\" content=\"208\"> <img decoding=\"async\" class=\"\" data-attachment-id=\"65948\" data-orig-file=\"https:\/\/eltrabajo.cl\/portal\/wp-content\/uploads\/2016\/01\/delegacion-iron-runners.jpg\" data-orig-size=\"530,349\" data-comments-opened=\"1\" data-image-meta=\"{&quot;aperture&quot;:&quot;0&quot;,&quot;credit&quot;:&quot;&quot;,&quot;camera&quot;:&quot;&quot;,&quot;caption&quot;:&quot;&quot;,&quot;created_timestamp&quot;:&quot;0&quot;,&quot;copyright&quot;:&quot;&quot;,&quot;focal_length&quot;:&quot;0&quot;,&quot;iso&quot;:&quot;0&quot;,&quot;shutter_speed&quot;:&quot;0&quot;,&quot;title&quot;:&quot;&quot;,&quot;orientation&quot;:&quot;0&quot;}\" data-image-title=\"delegacion iron runners\" data-image-description=\"&lt;p&gt;La delegaci\u00f3n de Iron Runners cumpli\u00f3 una destacada presentaci\u00f3n en el Andes Infernal 2016.&lt;\/p&gt; \" data-medium-file=\"https:\/\/i0.wp.com\/eltrabajo.cl\/portal\/wp-content\/uploads\/2016\/01\/delegacion-iron-runners.jpg?fit=300%2C198&#038;ssl=1\" data-large-file=\"https:\/\/i0.wp.com\/eltrabajo.cl\/portal\/wp-content\/uploads\/2016\/01\/delegacion-iron-runners.jpg?fit=530%2C349&#038;ssl=1\" src=\"https:\/\/i0.wp.com\/eltrabajo.cl\/portal\/wp-content\/uploads\/2016\/01\/delegacion-iron-runners.jpg?w=316&#038;h=208&#038;ssl=1\" srcset=\"https:\/\/i0.wp.com\/eltrabajo.cl\/portal\/wp-content\/uploads\/2016\/01\/delegacion-iron-runners.jpg?w=530&amp;ssl=1 530w, https:\/\/i0.wp.com\/eltrabajo.cl\/portal\/wp-content\/uploads\/2016\/01\/delegacion-iron-runners.jpg?resize=200%2C132&amp;ssl=1 200w, https:\/\/i0.wp.com\/eltrabajo.cl\/portal\/wp-content\/uploads\/2016\/01\/delegacion-iron-runners.jpg?resize=300%2C198&amp;ssl=1 300w, https:\/\/i0.wp.com\/eltrabajo.cl\/portal\/wp-content\/uploads\/2016\/01\/delegacion-iron-runners.jpg?resize=228%2C150&amp;ssl=1 228w, https:\/\/i0.wp.com\/eltrabajo.cl\/portal\/wp-content\/uploads\/2016\/01\/delegacion-iron-runners.jpg?resize=400%2C263&amp;ssl=1 400w\" width=\"316\" height=\"208\" loading=\"lazy\" data-original-width=\"316\" data-original-height=\"208\" itemprop=\"http:\/\/schema.org\/image\" title=\"delegacion iron runners\" alt=\"La delegaci\u00f3n de Iron Runners cumpli\u00f3 una destacada presentaci\u00f3n en el Andes Infernal 2016.\" style=\"width: 316px; height: 208px;\" \/> <\/a> <div class=\"tiled-gallery-caption\" itemprop=\"caption description\"> La delegaci\u00f3n de Iron Runners cumpli\u00f3 una destacada presentaci\u00f3n en el Andes Infernal 2016. <\/div> <\/div> <\/div> <!-- close group --> <div class=\"gallery-group images-1\" style=\"width: 320px; height: 212px;\" data-original-width=\"320\" data-original-height=\"212\" > <div class=\"tiled-gallery-item tiled-gallery-item-large\" itemprop=\"associatedMedia\" itemscope itemtype=\"http:\/\/schema.org\/ImageObject\"> <a href=\"https:\/\/eltrabajo.cl\/portal\/tres-deportistas-aconcaguinos-fueron-de-hierro-en-valle-nevado\/panoramica-de-la-carrera\/\" border=\"0\" itemprop=\"url\"> <meta itemprop=\"width\" content=\"316\"> <meta itemprop=\"height\" content=\"208\"> <img decoding=\"async\" class=\"\" data-attachment-id=\"65949\" data-orig-file=\"https:\/\/eltrabajo.cl\/portal\/wp-content\/uploads\/2016\/01\/panoramica-de-la-carrera.jpg\" data-orig-size=\"530,348\" data-comments-opened=\"1\" data-image-meta=\"{&quot;aperture&quot;:&quot;0&quot;,&quot;credit&quot;:&quot;&quot;,&quot;camera&quot;:&quot;&quot;,&quot;caption&quot;:&quot;&quot;,&quot;created_timestamp&quot;:&quot;0&quot;,&quot;copyright&quot;:&quot;Brandon Gage&quot;,&quot;focal_length&quot;:&quot;0&quot;,&quot;iso&quot;:&quot;0&quot;,&quot;shutter_speed&quot;:&quot;0&quot;,&quot;title&quot;:&quot;&quot;,&quot;orientation&quot;:&quot;0&quot;}\" data-image-title=\"panoramica de la carrera\" data-image-description=\"&lt;p&gt;Los participantes debieron cubrir un trazado extenuante sobre los tres mil metros de altura.&lt;\/p&gt; \" data-medium-file=\"https:\/\/i0.wp.com\/eltrabajo.cl\/portal\/wp-content\/uploads\/2016\/01\/panoramica-de-la-carrera.jpg?fit=300%2C197&#038;ssl=1\" data-large-file=\"https:\/\/i0.wp.com\/eltrabajo.cl\/portal\/wp-content\/uploads\/2016\/01\/panoramica-de-la-carrera.jpg?fit=530%2C348&#038;ssl=1\" src=\"https:\/\/i0.wp.com\/eltrabajo.cl\/portal\/wp-content\/uploads\/2016\/01\/panoramica-de-la-carrera.jpg?w=316&#038;h=208&#038;ssl=1\" srcset=\"https:\/\/i0.wp.com\/eltrabajo.cl\/portal\/wp-content\/uploads\/2016\/01\/panoramica-de-la-carrera.jpg?w=530&amp;ssl=1 530w, https:\/\/i0.wp.com\/eltrabajo.cl\/portal\/wp-content\/uploads\/2016\/01\/panoramica-de-la-carrera.jpg?resize=200%2C131&amp;ssl=1 200w, https:\/\/i0.wp.com\/eltrabajo.cl\/portal\/wp-content\/uploads\/2016\/01\/panoramica-de-la-carrera.jpg?resize=300%2C197&amp;ssl=1 300w, https:\/\/i0.wp.com\/eltrabajo.cl\/portal\/wp-content\/uploads\/2016\/01\/panoramica-de-la-carrera.jpg?resize=228%2C150&amp;ssl=1 228w, https:\/\/i0.wp.com\/eltrabajo.cl\/portal\/wp-content\/uploads\/2016\/01\/panoramica-de-la-carrera.jpg?resize=400%2C263&amp;ssl=1 400w\" width=\"316\" height=\"208\" loading=\"lazy\" data-original-width=\"316\" data-original-height=\"208\" itemprop=\"http:\/\/schema.org\/image\" title=\"panoramica de la carrera\" alt=\"Los participantes debieron cubrir un trazado extenuante sobre los tres mil metros de altura.\" style=\"width: 316px; height: 208px;\" \/> <\/a> <div class=\"tiled-gallery-caption\" itemprop=\"caption description\"> Los participantes debieron cubrir un trazado extenuante sobre los tres mil metros de altura. <\/div> <\/div> <\/div> <!-- close group --> <\/div> <!-- close row --> <\/div>\n","protected":false},"excerpt":{"rendered":"<p>Dos mujeres y un hombre subieron al podio en la altura del Andes Infernal. Una destacada actuaci\u00f3n cumpli\u00f3 una delegaci\u00f3n del club de atletismo Iron Runners de la comuna de Rinconada de&#8230;<\/p>\n","protected":false},"author":482,"featured_media":65947,"comment_status":"open","ping_status":"open","sticky":false,"template":"","format":"standard","meta":{"advanced_seo_description":"","jetpack_seo_html_title":"","jetpack_seo_noindex":false,"_jetpack_memberships_contains_paid_content":false,"footnotes":""},"categories":[19],"tags":[],"class_list":["post-65946","post","type-post","status-publish","format-standard","has-post-thumbnail","hentry","category-deportes"],"jetpack_featured_media_url":"https:\/\/i0.wp.com\/eltrabajo.cl\/portal\/wp-content\/uploads\/2016\/01\/ingrid-estay.jpg?fit=530%2C349&ssl=1","jetpack_sharing_enabled":true,"jetpack_likes_enabled":true,"jetpack-related-posts":[],"_links":{"self":[{"href":"https:\/\/eltrabajo.cl\/portal\/wp-json\/wp\/v2\/posts\/65946","targetHints":{"allow":["GET"]}}],"collection":[{"href":"https:\/\/eltrabajo.cl\/portal\/wp-json\/wp\/v2\/posts"}],"about":[{"href":"https:\/\/eltrabajo.cl\/portal\/wp-json\/wp\/v2\/types\/post"}],"author":[{"embeddable":true,"href":"https:\/\/eltrabajo.cl\/portal\/wp-json\/wp\/v2\/users\/482"}],"replies":[{"embeddable":true,"href":"https:\/\/eltrabajo.cl\/portal\/wp-json\/wp\/v2\/comments?post=65946"}],"version-history":[{"count":0,"href":"https:\/\/eltrabajo.cl\/portal\/wp-json\/wp\/v2\/posts\/65946\/revisions"}],"wp:featuredmedia":[{"embeddable":true,"href":"https:\/\/eltrabajo.cl\/portal\/wp-json\/wp\/v2\/media\/65947"}],"wp:attachment":[{"href":"https:\/\/eltrabajo.cl\/portal\/wp-json\/wp\/v2\/media?parent=65946"}],"wp:term":[{"taxonomy":"category","embeddable":true,"href":"https:\/\/eltrabajo.cl\/portal\/wp-json\/wp\/v2\/categories?post=65946"},{"taxonomy":"post_tag","embeddable":true,"href":"https:\/\/eltrabajo.cl\/portal\/wp-json\/wp\/v2\/tags?post=65946"}],"curies":[{"name":"wp","href":"https:\/\/api.w.org\/{rel}","templated":true}]}}