{"id":65951,"date":"2016-01-19T09:59:53","date_gmt":"2016-01-19T12:59:53","guid":{"rendered":"http:\/\/www.eltrabajo.cl\/portal\/?p=65951"},"modified":"2016-01-19T09:59:53","modified_gmt":"2016-01-19T12:59:53","slug":"a-la-carcel-banda-de-narcos-que-abastecian-a-traficantes-de-santiago-en-villa-250-anos","status":"publish","type":"post","link":"https:\/\/eltrabajo.cl\/portal\/a-la-carcel-banda-de-narcos-que-abastecian-a-traficantes-de-santiago-en-villa-250-anos\/","title":{"rendered":"A la c\u00e1rcel banda de narcos que abastec\u00edan a traficantes de Santiago en Villa 250 A\u00f1os"},"content":{"rendered":"<figure id=\"attachment_65952\" aria-describedby=\"caption-attachment-65952\" style=\"width: 300px\" class=\"wp-caption alignleft\"><img data-recalc-dims=\"1\" loading=\"lazy\" decoding=\"async\" class=\"wp-image-65952 size-medium\" src=\"https:\/\/i0.wp.com\/www.eltrabajo.cl\/portal\/wp-content\/uploads\/2016\/01\/DROGAS-PDI-300x198.jpg?resize=300%2C198\" alt=\"Los 14 kilos de marihuana elaborada adquiridas en la villa 250 A\u00f1os de San Felipe ten\u00edan como destino ser comercializadas en la Regi\u00f3n Metropolitana, siendo incautadas por los efectivos de la PDI.\" width=\"300\" height=\"198\" srcset=\"https:\/\/i0.wp.com\/eltrabajo.cl\/portal\/wp-content\/uploads\/2016\/01\/DROGAS-PDI.jpg?resize=300%2C198&amp;ssl=1 300w, https:\/\/i0.wp.com\/eltrabajo.cl\/portal\/wp-content\/uploads\/2016\/01\/DROGAS-PDI.jpg?resize=200%2C132&amp;ssl=1 200w, https:\/\/i0.wp.com\/eltrabajo.cl\/portal\/wp-content\/uploads\/2016\/01\/DROGAS-PDI.jpg?resize=228%2C150&amp;ssl=1 228w, https:\/\/i0.wp.com\/eltrabajo.cl\/portal\/wp-content\/uploads\/2016\/01\/DROGAS-PDI.jpg?resize=400%2C263&amp;ssl=1 400w, https:\/\/i0.wp.com\/eltrabajo.cl\/portal\/wp-content\/uploads\/2016\/01\/DROGAS-PDI.jpg?w=530&amp;ssl=1 530w\" sizes=\"auto, (max-width: 300px) 100vw, 300px\" \/><figcaption id=\"caption-attachment-65952\" class=\"wp-caption-text\">Los 14 kilos de marihuana elaborada adquiridas en la villa 250 A\u00f1os de San Felipe ten\u00edan como destino ser comercializadas en la Regi\u00f3n Metropolitana, siendo incautadas por los efectivos de la PDI.<\/figcaption><\/figure>\n<ul>\n<li><strong>La droga incautada por la Brigada de Antinarc\u00f3ticos estaba avaluada en 70 millones de pesos.<\/strong><\/li>\n<\/ul>\n<p>Por el delito de tr\u00e1fico de drogas, el Tribunal Oral en lo Penal de San Felipe conden\u00f3 a los hermanos Segundo Eugenio y Roberto Jorge Herrera Mella junto a Luis Alejandro Silva Estay, luego de ser considerados culpables de este il\u00edcito, siendo sentenciados a cumplir la pena de siete a\u00f1os de c\u00e1rcel cada uno de ellos.<\/p>\n<figure id=\"attachment_65953\" aria-describedby=\"caption-attachment-65953\" style=\"width: 200px\" class=\"wp-caption alignright\"><img data-recalc-dims=\"1\" loading=\"lazy\" decoding=\"async\" class=\"wp-image-65953 size-thumbnail\" src=\"https:\/\/i0.wp.com\/www.eltrabajo.cl\/portal\/wp-content\/uploads\/2016\/01\/FISCAL-JULIO-PALACIOS1-200x132.jpg?resize=200%2C132\" alt=\"Fiscal Julio Palacios Bobadilla.\" width=\"200\" height=\"132\" srcset=\"https:\/\/i0.wp.com\/eltrabajo.cl\/portal\/wp-content\/uploads\/2016\/01\/FISCAL-JULIO-PALACIOS1.jpg?resize=200%2C132&amp;ssl=1 200w, https:\/\/i0.wp.com\/eltrabajo.cl\/portal\/wp-content\/uploads\/2016\/01\/FISCAL-JULIO-PALACIOS1.jpg?resize=300%2C198&amp;ssl=1 300w, https:\/\/i0.wp.com\/eltrabajo.cl\/portal\/wp-content\/uploads\/2016\/01\/FISCAL-JULIO-PALACIOS1.jpg?resize=228%2C150&amp;ssl=1 228w, https:\/\/i0.wp.com\/eltrabajo.cl\/portal\/wp-content\/uploads\/2016\/01\/FISCAL-JULIO-PALACIOS1.jpg?resize=400%2C263&amp;ssl=1 400w, https:\/\/i0.wp.com\/eltrabajo.cl\/portal\/wp-content\/uploads\/2016\/01\/FISCAL-JULIO-PALACIOS1.jpg?w=530&amp;ssl=1 530w\" sizes=\"auto, (max-width: 200px) 100vw, 200px\" \/><figcaption id=\"caption-attachment-65953\" class=\"wp-caption-text\">Fiscal Julio Palacios Bobadilla.<\/figcaption><\/figure>\n<p>El dictamen judicial a\u00f1ade que el tr\u00edo condenado deber\u00e1 cancelar una multa de 40 Unidades Tributarias Mensuales, luego de ser sometidos a juicio oral en dicho tribunal, donde se arrib\u00f3 a la sentencia condenatoria tras las diferentes pruebas presentadas por el Ministerio P\u00fablico de San Felipe.<br \/>\nLos hechos de la acusaci\u00f3n encabezada por la Fiscal\u00eda, se establecieron luego de las diligencias ejecutadas por la Brigada Antinarc\u00f3ticos de la PDI de Los Andes, donde se estableci\u00f3 que Segundo Herrera Mella, con antecedentes por delitos de drogas, dirigi\u00f3 una importante adquisici\u00f3n de estupefacientes desde Santiago contactando a Luis Silva Estay, alias \u2018El Mosca\u2019, domiciliado en la villa 250 A\u00f1os de San Felipe.<br \/>\nLa transacci\u00f3n llevada a cabo el 17 de agosto de 2012, fue encomendada al hermano de Segundo, Roberto Herrera Mella, quien a bordo de un veh\u00edculo de alquiler viaj\u00f3 desde la Regi\u00f3n Metropolitana para adquirir 14 kilos de marihuana en el domicilio de Silva Estay en la villa 250 A\u00f1os.<br \/>\nConcretada la compra del alucin\u00f3geno, Herrera Mella, quien cumpli\u00f3 una condena por homicidio, volvi\u00f3 hacia la capital por la Carretera San Mart\u00edn. En el sector cercano al cruce Tres Esquinas de San Felipe, Herrera fue interceptado por la polic\u00eda civil portando 18 paquetes contenedores de 14 kilos de marihuana dentro del veh\u00edculo, tres tel\u00e9fonos celulares y $300.000 en dinero en efectivo, medios de pruebas para quedar detenido.<br \/>\nEl Fiscal Julio Palacios Bobadilla afirm\u00f3 a Diario El Trabajo que durante la investigaci\u00f3n se logr\u00f3 establecer que \u201cSegundo Mella fue quien coordin\u00f3 la transacci\u00f3n con Silva Estay, requiriendo \u00f3rdenes de detenci\u00f3n para ambos para ser formalizados por estos hechos\u201d.<br \/>\nEl persecutor a\u00f1adi\u00f3 que pese a que se persegu\u00edan condenas que alcanzaran los diez a\u00f1os de presidio para los acusados, la sentencia emitida por el tribunal los deja conforme como Ministerio P\u00fablico. \u201cEstas personas fueron condenadas a la pena de siete a\u00f1os de c\u00e1rcel, todos con antecedentes anteriores por delitos de drogas\u201d, afirm\u00f3 el Fiscal Julio Palacios.<br \/>\n<strong>Pablo Salinas Sald\u00edas<\/strong><\/p>\n","protected":false},"excerpt":{"rendered":"<p>La droga incautada por la Brigada de Antinarc\u00f3ticos estaba avaluada en 70 millones de pesos. Por el delito de tr\u00e1fico de drogas, el Tribunal Oral en lo Penal de San Felipe conden\u00f3&#8230;<\/p>\n","protected":false},"author":482,"featured_media":65952,"comment_status":"open","ping_status":"open","sticky":false,"template":"","format":"standard","meta":{"advanced_seo_description":"","jetpack_seo_html_title":"","jetpack_seo_noindex":false,"_jetpack_memberships_contains_paid_content":false,"footnotes":""},"categories":[21],"tags":[],"class_list":["post-65951","post","type-post","status-publish","format-standard","has-post-thumbnail","hentry","category-policial"],"jetpack_featured_media_url":"https:\/\/i0.wp.com\/eltrabajo.cl\/portal\/wp-content\/uploads\/2016\/01\/DROGAS-PDI.jpg?fit=530%2C349&ssl=1","jetpack_sharing_enabled":true,"jetpack_likes_enabled":true,"jetpack-related-posts":[],"_links":{"self":[{"href":"https:\/\/eltrabajo.cl\/portal\/wp-json\/wp\/v2\/posts\/65951","targetHints":{"allow":["GET"]}}],"collection":[{"href":"https:\/\/eltrabajo.cl\/portal\/wp-json\/wp\/v2\/posts"}],"about":[{"href":"https:\/\/eltrabajo.cl\/portal\/wp-json\/wp\/v2\/types\/post"}],"author":[{"embeddable":true,"href":"https:\/\/eltrabajo.cl\/portal\/wp-json\/wp\/v2\/users\/482"}],"replies":[{"embeddable":true,"href":"https:\/\/eltrabajo.cl\/portal\/wp-json\/wp\/v2\/comments?post=65951"}],"version-history":[{"count":0,"href":"https:\/\/eltrabajo.cl\/portal\/wp-json\/wp\/v2\/posts\/65951\/revisions"}],"wp:featuredmedia":[{"embeddable":true,"href":"https:\/\/eltrabajo.cl\/portal\/wp-json\/wp\/v2\/media\/65952"}],"wp:attachment":[{"href":"https:\/\/eltrabajo.cl\/portal\/wp-json\/wp\/v2\/media?parent=65951"}],"wp:term":[{"taxonomy":"category","embeddable":true,"href":"https:\/\/eltrabajo.cl\/portal\/wp-json\/wp\/v2\/categories?post=65951"},{"taxonomy":"post_tag","embeddable":true,"href":"https:\/\/eltrabajo.cl\/portal\/wp-json\/wp\/v2\/tags?post=65951"}],"curies":[{"name":"wp","href":"https:\/\/api.w.org\/{rel}","templated":true}]}}