{"id":65955,"date":"2016-01-20T09:27:55","date_gmt":"2016-01-20T12:27:55","guid":{"rendered":"http:\/\/www.eltrabajo.cl\/portal\/?p=65955"},"modified":"2016-01-20T09:27:55","modified_gmt":"2016-01-20T12:27:55","slug":"servicio-pais-realizara-hoy-miercoles-actividades-culturales-y-medioambientales-en-llay-llay","status":"publish","type":"post","link":"https:\/\/eltrabajo.cl\/portal\/servicio-pais-realizara-hoy-miercoles-actividades-culturales-y-medioambientales-en-llay-llay\/","title":{"rendered":"Servicio Pa\u00eds realizar\u00e1 hoy mi\u00e9rcoles actividades culturales y medioambientales en Llay Llay"},"content":{"rendered":"<figure id=\"attachment_65956\" aria-describedby=\"caption-attachment-65956\" style=\"width: 300px\" class=\"wp-caption alignleft\"><img data-recalc-dims=\"1\" loading=\"lazy\" decoding=\"async\" class=\"wp-image-65956 size-medium\" src=\"https:\/\/i0.wp.com\/www.eltrabajo.cl\/portal\/wp-content\/uploads\/2016\/01\/Servicio-Pais-Llay-Llay-CAROLINA-Y-PATRICIA-300x197.jpg?resize=300%2C197\" alt=\"Carolina Pacheco y Patricia Mart\u00ednez, profesionales del convenio Servicio Pa\u00eds-Municipalidad de Llay Llay de los \u00e1mbitos cultura y medioambiente. \" width=\"300\" height=\"197\" srcset=\"https:\/\/i0.wp.com\/eltrabajo.cl\/portal\/wp-content\/uploads\/2016\/01\/Servicio-Pais-Llay-Llay-CAROLINA-Y-PATRICIA.jpg?resize=300%2C197&amp;ssl=1 300w, https:\/\/i0.wp.com\/eltrabajo.cl\/portal\/wp-content\/uploads\/2016\/01\/Servicio-Pais-Llay-Llay-CAROLINA-Y-PATRICIA.jpg?resize=200%2C131&amp;ssl=1 200w, https:\/\/i0.wp.com\/eltrabajo.cl\/portal\/wp-content\/uploads\/2016\/01\/Servicio-Pais-Llay-Llay-CAROLINA-Y-PATRICIA.jpg?resize=228%2C150&amp;ssl=1 228w, https:\/\/i0.wp.com\/eltrabajo.cl\/portal\/wp-content\/uploads\/2016\/01\/Servicio-Pais-Llay-Llay-CAROLINA-Y-PATRICIA.jpg?resize=400%2C263&amp;ssl=1 400w, https:\/\/i0.wp.com\/eltrabajo.cl\/portal\/wp-content\/uploads\/2016\/01\/Servicio-Pais-Llay-Llay-CAROLINA-Y-PATRICIA.jpg?w=530&amp;ssl=1 530w\" sizes=\"auto, (max-width: 300px) 100vw, 300px\" \/><figcaption id=\"caption-attachment-65956\" class=\"wp-caption-text\">Carolina Pacheco y Patricia Mart\u00ednez, profesionales del convenio Servicio Pa\u00eds-Municipalidad de Llay Llay de los \u00e1mbitos cultura y medioambiente.<\/figcaption><\/figure>\n<p><strong>LLAY LLAY<\/strong>.- Esta semana la ciudad del Viento Viento tiene dos importantes eventos de realce cultural y medioambiental; la presentaci\u00f3n de la obra de teatro \u2018La liga del agua\u2019 de la compa\u00f1\u00eda Traves\u00eda y el operativo de rescate patrimonial de la Estaci\u00f3n de Trenes de Llay Llay.<br \/>\nIntervenciones que est\u00e1n a cargo de las profesionales del convenio Servicio Pa\u00eds-Municipalidad de Llay Llay de los \u00e1mbitos cultura y medioambiente, Carolina Pacheco y Patricia Mart\u00ednez, respectivamente.<br \/>\nEl montaje teatral se iniciar\u00e1 a partir de las 11:00 de la ma\u00f1ana de este mi\u00e9rcoles 20 de enero en el Cine Teatro Municipal. La tem\u00e1tica de la obra aborda el cuidado del agua en todas sus dimensiones. La entrada es liberada y de corte familiar.<br \/>\nPara el s\u00e1bado 23 de enero Carolina y Patricia junto a voluntarios, tienen programada la limpieza y hermoseamiento de la fachada de la antigua Estaci\u00f3n de Trenes. Un edificio que forma parte del patrimonio e historia de Llay Llay. Est\u00e1 invitada toda la comunidad.<br \/>\n<strong>Marianela Quevedo<\/strong><\/p>\n","protected":false},"excerpt":{"rendered":"<p>LLAY LLAY.- Esta semana la ciudad del Viento Viento tiene dos importantes eventos de realce cultural y medioambiental; la presentaci\u00f3n de la obra de teatro \u2018La liga del agua\u2019 de la compa\u00f1\u00eda&#8230;<\/p>\n","protected":false},"author":482,"featured_media":65956,"comment_status":"open","ping_status":"open","sticky":false,"template":"","format":"standard","meta":{"advanced_seo_description":"","jetpack_seo_html_title":"","jetpack_seo_noindex":false,"_jetpack_memberships_contains_paid_content":false,"footnotes":""},"categories":[15],"tags":[],"class_list":["post-65955","post","type-post","status-publish","format-standard","has-post-thumbnail","hentry","category-comunidad"],"jetpack_featured_media_url":"https:\/\/i0.wp.com\/eltrabajo.cl\/portal\/wp-content\/uploads\/2016\/01\/Servicio-Pais-Llay-Llay-CAROLINA-Y-PATRICIA.jpg?fit=530%2C348&ssl=1","jetpack_sharing_enabled":true,"jetpack_likes_enabled":true,"jetpack-related-posts":[],"_links":{"self":[{"href":"https:\/\/eltrabajo.cl\/portal\/wp-json\/wp\/v2\/posts\/65955","targetHints":{"allow":["GET"]}}],"collection":[{"href":"https:\/\/eltrabajo.cl\/portal\/wp-json\/wp\/v2\/posts"}],"about":[{"href":"https:\/\/eltrabajo.cl\/portal\/wp-json\/wp\/v2\/types\/post"}],"author":[{"embeddable":true,"href":"https:\/\/eltrabajo.cl\/portal\/wp-json\/wp\/v2\/users\/482"}],"replies":[{"embeddable":true,"href":"https:\/\/eltrabajo.cl\/portal\/wp-json\/wp\/v2\/comments?post=65955"}],"version-history":[{"count":0,"href":"https:\/\/eltrabajo.cl\/portal\/wp-json\/wp\/v2\/posts\/65955\/revisions"}],"wp:featuredmedia":[{"embeddable":true,"href":"https:\/\/eltrabajo.cl\/portal\/wp-json\/wp\/v2\/media\/65956"}],"wp:attachment":[{"href":"https:\/\/eltrabajo.cl\/portal\/wp-json\/wp\/v2\/media?parent=65955"}],"wp:term":[{"taxonomy":"category","embeddable":true,"href":"https:\/\/eltrabajo.cl\/portal\/wp-json\/wp\/v2\/categories?post=65955"},{"taxonomy":"post_tag","embeddable":true,"href":"https:\/\/eltrabajo.cl\/portal\/wp-json\/wp\/v2\/tags?post=65955"}],"curies":[{"name":"wp","href":"https:\/\/api.w.org\/{rel}","templated":true}]}}