{"id":65961,"date":"2016-01-20T09:33:32","date_gmt":"2016-01-20T12:33:32","guid":{"rendered":"http:\/\/www.eltrabajo.cl\/portal\/?p=65961"},"modified":"2016-01-20T09:33:32","modified_gmt":"2016-01-20T12:33:32","slug":"abuelita-de-93-anos-no-estaba-extraviada-como-lo-aseguraban-en-facebook","status":"publish","type":"post","link":"https:\/\/eltrabajo.cl\/portal\/abuelita-de-93-anos-no-estaba-extraviada-como-lo-aseguraban-en-facebook\/","title":{"rendered":"Abuelita de 93 a\u00f1os no estaba extraviada, como lo aseguraban en Facebook"},"content":{"rendered":"<figure id=\"attachment_65962\" aria-describedby=\"caption-attachment-65962\" style=\"width: 300px\" class=\"wp-caption alignleft\"><img data-recalc-dims=\"1\" loading=\"lazy\" decoding=\"async\" class=\"wp-image-65962 size-medium\" src=\"https:\/\/i0.wp.com\/www.eltrabajo.cl\/portal\/wp-content\/uploads\/2016\/01\/Rosita2-300x198.jpg?resize=300%2C198\" alt=\"MATE CALIENTE.- Tom\u00e1ndose su matecito bien caliente en su casa, ubicada en Nieto Sur de Santa Mar\u00eda, as\u00ed encontramos a do\u00f1a Rosa Esp\u00ednola.\" width=\"300\" height=\"198\" srcset=\"https:\/\/i0.wp.com\/eltrabajo.cl\/portal\/wp-content\/uploads\/2016\/01\/Rosita2.jpg?resize=300%2C198&amp;ssl=1 300w, https:\/\/i0.wp.com\/eltrabajo.cl\/portal\/wp-content\/uploads\/2016\/01\/Rosita2.jpg?resize=200%2C132&amp;ssl=1 200w, https:\/\/i0.wp.com\/eltrabajo.cl\/portal\/wp-content\/uploads\/2016\/01\/Rosita2.jpg?resize=228%2C150&amp;ssl=1 228w, https:\/\/i0.wp.com\/eltrabajo.cl\/portal\/wp-content\/uploads\/2016\/01\/Rosita2.jpg?resize=400%2C263&amp;ssl=1 400w, https:\/\/i0.wp.com\/eltrabajo.cl\/portal\/wp-content\/uploads\/2016\/01\/Rosita2.jpg?w=530&amp;ssl=1 530w\" sizes=\"auto, (max-width: 300px) 100vw, 300px\" \/><figcaption id=\"caption-attachment-65962\" class=\"wp-caption-text\">MATE CALIENTE.- Tom\u00e1ndose su matecito bien caliente en su casa, ubicada en Nieto Sur de Santa Mar\u00eda, as\u00ed encontramos a do\u00f1a Rosa Esp\u00ednola.<\/figcaption><\/figure>\n<p>Toda una alarma en redes sociales vino a representar el hecho de que una usuaria de Facebook subiera fotos de una adulto mayor de 93 a\u00f1os, conocida como \u2018La Abuela Rosita\u2019, o \u2018La Mudita\u2019, pues se explicaba en la publicaci\u00f3n por Internet que ella estaba extraviada, lo que gener\u00f3 alarma en San Felipe.<br \/>\nDiario El Trabajo tambi\u00e9n tom\u00f3 conocimiento de esta situaci\u00f3n, y nos dimos a la tarea de ubicar a esta abuelita, quien result\u00f3 ser una vecina de Nieto Sur de Santa Mar\u00eda. Cuando llegamos al lugar y mostramos la foto de Rosita a los vecinos, r\u00e1pidamente nos dieron la direcci\u00f3n de su casa, en donde vive con sus hijos y nietos.<\/p>\n<p><strong>LE GUSTA CAMINAR<\/strong><br \/>\nAl llegar a su casa, su hija Isabel nos recibi\u00f3 y nos invit\u00f3 a pasar a su hogar, ya adentro, nos encontramos a do\u00f1a Rosa Juana Esp\u00ednola, prepar\u00e1ndose ella misma un mate bien caliente. Nuestro medio habl\u00f3 con su hija Isabel, en virtud de que Rosita no oye ni habla desde que ten\u00eda seis a\u00f1os.<br \/>\n<strong>&#8211; \u00bfUstedes est\u00e1n enterados de que a su anciana madre la ven recorriendo las calles sin que alguien le acompa\u00f1e?<\/strong><br \/>\n<strong>&#8211;<\/strong> S\u00ed, claro que estamos enterados sobre los paseos que mi madre hace regularmente. Todos ac\u00e1 sabemos que a mam\u00e1 le gusta salir a San Felipe y a otros lugares.<br \/>\n<strong>&#8211; \u00bfNo est\u00e1n ustedes preocupados porque su madre se pueda extraviar o sufrir alg\u00fan accidente?<\/strong><br \/>\n<strong>&#8211;<\/strong> Mam\u00e1 conoce todo el valle, ella no est\u00e1 enferma de la cabeza ni nada, ella solamente es sordomuda, y la gente cree que ella anda extraviada, pero mam\u00e1 sabe c\u00f3mo regresar a la casa.<br \/>\n<strong>&#8211; \u00bfY por qu\u00e9 no le acompa\u00f1a algunos de sus nietos o hijos?<\/strong><br \/>\n<strong>&#8211;<\/strong> Lo que pasa, es que a ella le gusta salir sola, no quiere que la acompa\u00f1emos y nosotros respetamos sus deseos en ese sentido, nunca le ha ocurrido algo malo.<br \/>\n<strong>&#8211; \u00bfAlg\u00fan n\u00famero telef\u00f3nico al que llamar si alguien quiere ayudarla?<\/strong><br \/>\n<strong>&#8211;<\/strong> Claro, tenemos dos tel\u00e9fonos para que la gente llame, si ven a mi madre en alg\u00fan apuro en cualquier parte, son los tel\u00e9fonos 6390 7150 y el 9900 5361.<br \/>\nEstas son las historias en donde respetar un pasatiempo de un adulto mayor, el de salir a disfrutar su derecho al libre tr\u00e1nsito, podr\u00eda terminar en una lamentable tragedia, pues con los a\u00f1os vamos perdiendo nuestras capacidades para reaccionar ante un eventual auto contra nosotros. Los familiares bien podr\u00edan acompa\u00f1ar a Rosita a cierta distancia, pues en este caso es muy cierta aquella frase \u2018Es mejor prevenir, que lamentar\u2019.<br \/>\n<strong>Roberto Gonz\u00e1lez Short<\/strong><br \/>\n<strong>rgonzalez@eltrabajo.cl<\/strong><\/p>\n<div class=\"tiled-gallery type-rectangular tiled-gallery-unresized\" data-original-width=\"640\" data-carousel-extra='null' itemscope itemtype=\"http:\/\/schema.org\/ImageGallery\" > <div class=\"gallery-row\" style=\"width: 640px; height: 212px;\" data-original-width=\"640\" data-original-height=\"212\" > <div class=\"gallery-group images-1\" style=\"width: 321px; height: 212px;\" data-original-width=\"321\" data-original-height=\"212\" > <div class=\"tiled-gallery-item tiled-gallery-item-large\" itemprop=\"associatedMedia\" itemscope itemtype=\"http:\/\/schema.org\/ImageObject\"> <a href=\"https:\/\/eltrabajo.cl\/portal\/abuelita-de-93-anos-no-estaba-extraviada-como-lo-aseguraban-en-facebook\/isabel33\/\" border=\"0\" itemprop=\"url\"> <meta itemprop=\"width\" content=\"317\"> <meta itemprop=\"height\" content=\"208\"> <img decoding=\"async\" class=\"\" data-attachment-id=\"65963\" data-orig-file=\"https:\/\/eltrabajo.cl\/portal\/wp-content\/uploads\/2016\/01\/Isabel33.jpg\" data-orig-size=\"530,348\" data-comments-opened=\"1\" data-image-meta=\"{&quot;aperture&quot;:&quot;0&quot;,&quot;credit&quot;:&quot;&quot;,&quot;camera&quot;:&quot;&quot;,&quot;caption&quot;:&quot;&quot;,&quot;created_timestamp&quot;:&quot;0&quot;,&quot;copyright&quot;:&quot;&quot;,&quot;focal_length&quot;:&quot;0&quot;,&quot;iso&quot;:&quot;0&quot;,&quot;shutter_speed&quot;:&quot;0&quot;,&quot;title&quot;:&quot;&quot;,&quot;orientation&quot;:&quot;0&quot;}\" data-image-title=\"Isabel33\" data-image-description=\"&lt;p&gt;Isabel, una de las hijas de Rosita, quien se mostr\u00f3 muy tranquila con la idea de que su madre salga sola a caminar a la ciudad, ya con 93 a\u00f1os de edad.&lt;\/p&gt; \" data-medium-file=\"https:\/\/i0.wp.com\/eltrabajo.cl\/portal\/wp-content\/uploads\/2016\/01\/Isabel33.jpg?fit=300%2C197&#038;ssl=1\" data-large-file=\"https:\/\/i0.wp.com\/eltrabajo.cl\/portal\/wp-content\/uploads\/2016\/01\/Isabel33.jpg?fit=530%2C348&#038;ssl=1\" src=\"https:\/\/i0.wp.com\/eltrabajo.cl\/portal\/wp-content\/uploads\/2016\/01\/Isabel33.jpg?w=317&#038;h=208&#038;ssl=1\" srcset=\"https:\/\/i0.wp.com\/eltrabajo.cl\/portal\/wp-content\/uploads\/2016\/01\/Isabel33.jpg?w=530&amp;ssl=1 530w, https:\/\/i0.wp.com\/eltrabajo.cl\/portal\/wp-content\/uploads\/2016\/01\/Isabel33.jpg?resize=200%2C131&amp;ssl=1 200w, https:\/\/i0.wp.com\/eltrabajo.cl\/portal\/wp-content\/uploads\/2016\/01\/Isabel33.jpg?resize=300%2C197&amp;ssl=1 300w, https:\/\/i0.wp.com\/eltrabajo.cl\/portal\/wp-content\/uploads\/2016\/01\/Isabel33.jpg?resize=228%2C150&amp;ssl=1 228w, https:\/\/i0.wp.com\/eltrabajo.cl\/portal\/wp-content\/uploads\/2016\/01\/Isabel33.jpg?resize=400%2C263&amp;ssl=1 400w\" width=\"317\" height=\"208\" loading=\"lazy\" data-original-width=\"317\" data-original-height=\"208\" itemprop=\"http:\/\/schema.org\/image\" title=\"Isabel33\" alt=\"Isabel, una de las hijas de Rosita, quien se mostr\u00f3 muy tranquila con la idea de que su madre salga sola a caminar a la ciudad, ya con 93 a\u00f1os de edad.\" style=\"width: 317px; height: 208px;\" \/> <\/a> <div class=\"tiled-gallery-caption\" itemprop=\"caption description\"> Isabel, una de las hijas de Rosita, quien se mostr\u00f3 muy tranquila con la idea de que su madre salga sola a caminar a la ciudad, ya con 93 a\u00f1os de edad. <\/div> <\/div> <\/div> <!-- close group --> <div class=\"gallery-group images-1\" style=\"width: 319px; height: 212px;\" data-original-width=\"319\" data-original-height=\"212\" > <div class=\"tiled-gallery-item tiled-gallery-item-large\" itemprop=\"associatedMedia\" itemscope itemtype=\"http:\/\/schema.org\/ImageObject\"> <a href=\"https:\/\/eltrabajo.cl\/portal\/abuelita-de-93-anos-no-estaba-extraviada-como-lo-aseguraban-en-facebook\/rosita3\/\" border=\"0\" itemprop=\"url\"> <meta itemprop=\"width\" content=\"315\"> <meta itemprop=\"height\" content=\"208\"> <img decoding=\"async\" class=\"\" data-attachment-id=\"65964\" data-orig-file=\"https:\/\/eltrabajo.cl\/portal\/wp-content\/uploads\/2016\/01\/Rosita3.jpg\" data-orig-size=\"530,350\" data-comments-opened=\"1\" data-image-meta=\"{&quot;aperture&quot;:&quot;0&quot;,&quot;credit&quot;:&quot;&quot;,&quot;camera&quot;:&quot;&quot;,&quot;caption&quot;:&quot;&quot;,&quot;created_timestamp&quot;:&quot;0&quot;,&quot;copyright&quot;:&quot;&quot;,&quot;focal_length&quot;:&quot;0&quot;,&quot;iso&quot;:&quot;0&quot;,&quot;shutter_speed&quot;:&quot;0&quot;,&quot;title&quot;:&quot;&quot;,&quot;orientation&quot;:&quot;0&quot;}\" data-image-title=\"Rosita3\" data-image-description=\"&lt;p&gt;TIENE SU CASITA.- En esta vivienda vive Rosita con algunos de sus nietos e hijos.&lt;\/p&gt; \" data-medium-file=\"https:\/\/i0.wp.com\/eltrabajo.cl\/portal\/wp-content\/uploads\/2016\/01\/Rosita3.jpg?fit=300%2C198&#038;ssl=1\" data-large-file=\"https:\/\/i0.wp.com\/eltrabajo.cl\/portal\/wp-content\/uploads\/2016\/01\/Rosita3.jpg?fit=530%2C350&#038;ssl=1\" src=\"https:\/\/i0.wp.com\/eltrabajo.cl\/portal\/wp-content\/uploads\/2016\/01\/Rosita3.jpg?w=315&#038;h=208&#038;ssl=1\" srcset=\"https:\/\/i0.wp.com\/eltrabajo.cl\/portal\/wp-content\/uploads\/2016\/01\/Rosita3.jpg?w=530&amp;ssl=1 530w, https:\/\/i0.wp.com\/eltrabajo.cl\/portal\/wp-content\/uploads\/2016\/01\/Rosita3.jpg?resize=200%2C132&amp;ssl=1 200w, https:\/\/i0.wp.com\/eltrabajo.cl\/portal\/wp-content\/uploads\/2016\/01\/Rosita3.jpg?resize=300%2C198&amp;ssl=1 300w, https:\/\/i0.wp.com\/eltrabajo.cl\/portal\/wp-content\/uploads\/2016\/01\/Rosita3.jpg?resize=227%2C150&amp;ssl=1 227w, https:\/\/i0.wp.com\/eltrabajo.cl\/portal\/wp-content\/uploads\/2016\/01\/Rosita3.jpg?resize=400%2C264&amp;ssl=1 400w\" width=\"315\" height=\"208\" loading=\"lazy\" data-original-width=\"315\" data-original-height=\"208\" itemprop=\"http:\/\/schema.org\/image\" title=\"Rosita3\" alt=\"TIENE SU CASITA.- En esta vivienda vive Rosita con algunos de sus nietos e hijos.\" style=\"width: 315px; height: 208px;\" \/> <\/a> <div class=\"tiled-gallery-caption\" itemprop=\"caption description\"> TIENE SU CASITA.- En esta vivienda vive Rosita con algunos de sus nietos e hijos. <\/div> <\/div> <\/div> <!-- close group --> <\/div> <!-- close row --> <\/div>\n","protected":false},"excerpt":{"rendered":"<p>Toda una alarma en redes sociales vino a representar el hecho de que una usuaria de Facebook subiera fotos de una adulto mayor de 93 a\u00f1os, conocida como \u2018La Abuela Rosita\u2019, o&#8230;<\/p>\n","protected":false},"author":482,"featured_media":65962,"comment_status":"open","ping_status":"open","sticky":false,"template":"","format":"standard","meta":{"advanced_seo_description":"","jetpack_seo_html_title":"","jetpack_seo_noindex":false,"_jetpack_memberships_contains_paid_content":false,"footnotes":""},"categories":[15],"tags":[],"class_list":["post-65961","post","type-post","status-publish","format-standard","has-post-thumbnail","hentry","category-comunidad"],"jetpack_featured_media_url":"https:\/\/i0.wp.com\/eltrabajo.cl\/portal\/wp-content\/uploads\/2016\/01\/Rosita2.jpg?fit=530%2C349&ssl=1","jetpack_sharing_enabled":true,"jetpack_likes_enabled":true,"jetpack-related-posts":[],"_links":{"self":[{"href":"https:\/\/eltrabajo.cl\/portal\/wp-json\/wp\/v2\/posts\/65961","targetHints":{"allow":["GET"]}}],"collection":[{"href":"https:\/\/eltrabajo.cl\/portal\/wp-json\/wp\/v2\/posts"}],"about":[{"href":"https:\/\/eltrabajo.cl\/portal\/wp-json\/wp\/v2\/types\/post"}],"author":[{"embeddable":true,"href":"https:\/\/eltrabajo.cl\/portal\/wp-json\/wp\/v2\/users\/482"}],"replies":[{"embeddable":true,"href":"https:\/\/eltrabajo.cl\/portal\/wp-json\/wp\/v2\/comments?post=65961"}],"version-history":[{"count":0,"href":"https:\/\/eltrabajo.cl\/portal\/wp-json\/wp\/v2\/posts\/65961\/revisions"}],"wp:featuredmedia":[{"embeddable":true,"href":"https:\/\/eltrabajo.cl\/portal\/wp-json\/wp\/v2\/media\/65962"}],"wp:attachment":[{"href":"https:\/\/eltrabajo.cl\/portal\/wp-json\/wp\/v2\/media?parent=65961"}],"wp:term":[{"taxonomy":"category","embeddable":true,"href":"https:\/\/eltrabajo.cl\/portal\/wp-json\/wp\/v2\/categories?post=65961"},{"taxonomy":"post_tag","embeddable":true,"href":"https:\/\/eltrabajo.cl\/portal\/wp-json\/wp\/v2\/tags?post=65961"}],"curies":[{"name":"wp","href":"https:\/\/api.w.org\/{rel}","templated":true}]}}