{"id":65966,"date":"2016-01-20T09:35:10","date_gmt":"2016-01-20T12:35:10","guid":{"rendered":"http:\/\/www.eltrabajo.cl\/portal\/?p=65966"},"modified":"2016-01-20T09:35:10","modified_gmt":"2016-01-20T12:35:10","slug":"hospital-psiquiatrico-firma-convenio-de-cooperacion-con-defensoria-metropolitana-norte","status":"publish","type":"post","link":"https:\/\/eltrabajo.cl\/portal\/hospital-psiquiatrico-firma-convenio-de-cooperacion-con-defensoria-metropolitana-norte\/","title":{"rendered":"Hospital Psiqui\u00e1trico firma convenio de cooperaci\u00f3n con Defensor\u00eda Metropolitana Norte"},"content":{"rendered":"<figure id=\"attachment_65967\" aria-describedby=\"caption-attachment-65967\" style=\"width: 300px\" class=\"wp-caption alignleft\"><img data-recalc-dims=\"1\" loading=\"lazy\" decoding=\"async\" class=\"wp-image-65967 size-medium\" src=\"https:\/\/i0.wp.com\/www.eltrabajo.cl\/portal\/wp-content\/uploads\/2016\/01\/Firma-Convenio-Defensoria-1-300x197.jpg?resize=300%2C197\" alt=\"Asistieron a la firma del acuerdo el Fiscal Regional Carlos Mora, de la Defensor\u00eda Metropolitana Norte, el Dr. Jaime Retamal, director del Hospital Dr. Philippe Pinel y el Jefe del Sistema de Psiquiatr\u00eda Forense del establecimiento de salud mental, Dr. Nathan Arenas.\" width=\"300\" height=\"197\" srcset=\"https:\/\/i0.wp.com\/eltrabajo.cl\/portal\/wp-content\/uploads\/2016\/01\/Firma-Convenio-Defensoria-1.jpg?resize=300%2C197&amp;ssl=1 300w, https:\/\/i0.wp.com\/eltrabajo.cl\/portal\/wp-content\/uploads\/2016\/01\/Firma-Convenio-Defensoria-1.jpg?resize=200%2C131&amp;ssl=1 200w, https:\/\/i0.wp.com\/eltrabajo.cl\/portal\/wp-content\/uploads\/2016\/01\/Firma-Convenio-Defensoria-1.jpg?resize=228%2C150&amp;ssl=1 228w, https:\/\/i0.wp.com\/eltrabajo.cl\/portal\/wp-content\/uploads\/2016\/01\/Firma-Convenio-Defensoria-1.jpg?resize=400%2C263&amp;ssl=1 400w, https:\/\/i0.wp.com\/eltrabajo.cl\/portal\/wp-content\/uploads\/2016\/01\/Firma-Convenio-Defensoria-1.jpg?w=530&amp;ssl=1 530w\" sizes=\"auto, (max-width: 300px) 100vw, 300px\" \/><figcaption id=\"caption-attachment-65967\" class=\"wp-caption-text\">Asistieron a la firma del acuerdo el Fiscal Regional Carlos Mora, de la Defensor\u00eda Metropolitana Norte, el Dr. Jaime Retamal, director del Hospital Dr. Philippe Pinel y el Jefe del Sistema de Psiquiatr\u00eda Forense del establecimiento de salud mental, Dr. Nathan Arenas.<\/figcaption><\/figure>\n<ul>\n<li><strong>El objetivo del documento es fortalecer la coordinaci\u00f3n entre ambas instituciones para casos forenses.<\/strong><\/li>\n<\/ul>\n<p><strong>PUTAENDO<\/strong>.- En una importante ceremonia, el Hospital Psiqui\u00e1trico Dr. Philippe Pinel procedi\u00f3 a la firma de un convenio de cooperaci\u00f3n con la Defensor\u00eda Metropolitana Norte, sum\u00e1ndose a los ya suscritos con las defensor\u00edas de Valpara\u00edso y Metropolitana Sur el a\u00f1o 2014.<br \/>\nCon la presencia del Fiscal Regional Carlos Mora, de la Defensor\u00eda Metropolitana Norte, el Dr. Jaime Retamal, director del Hospital Dr. Philippe Pinel y el Jefe del Sistema de Psiquiatr\u00eda Forense del establecimiento de salud mental, Dr. Nathan Arenas, adem\u00e1s de asesores jur\u00eddicos y jefes de las unidades forenses del Hospital, se realiz\u00f3 la firma de este convenio, cuya finalidad es mejorar la coordinaci\u00f3n entre ambas instituciones en lo que se refiere a casos de usuarios forenses.<br \/>\nPara el Fiscal Regional Carlos Mora, este protocolo adquiere una importancia significativa \u201cporque nos permite mejorar la comunicaci\u00f3n entre nuestra defensor\u00eda y el Hospital, creemos que este convenio va a tener \u00e9xito y arrojar\u00e1 buenos resultados en un corto plazo. Estamos contentos con la labor que realiza el Hospital Psiqui\u00e1trico de Putaendo y la calidad de sus m\u00e9dicos y profesionales\u201d, recalc\u00f3.<br \/>\nEn la opini\u00f3n del Dr. Jaime Retamal Garrido, director del Hospital Psiqui\u00e1trico Dr. Philippe Pinel, es relevante para la instituci\u00f3n mantener una comunicaci\u00f3n fluida y fortalecer los procesos de coordinaci\u00f3n que permitan desarrollar un trabajo fruct\u00edfero entre la Defensor\u00eda Metropolitana Norte y el establecimiento de salud mental.<br \/>\nTras la firma de este \u00faltimo convenio, el Hospital Psiqui\u00e1trico Dr. Philippe Pinel de Putaendo ya ha suscrito tres protocolos de colaboraci\u00f3n con defensor\u00edas, tanto en la Regi\u00f3n Metropolitana como en la Regi\u00f3n de Valpara\u00edso.<\/p>\n","protected":false},"excerpt":{"rendered":"<p>El objetivo del documento es fortalecer la coordinaci\u00f3n entre ambas instituciones para casos forenses. PUTAENDO.- En una importante ceremonia, el Hospital Psiqui\u00e1trico Dr. Philippe Pinel procedi\u00f3 a la firma de un convenio&#8230;<\/p>\n","protected":false},"author":482,"featured_media":65967,"comment_status":"open","ping_status":"open","sticky":false,"template":"","format":"standard","meta":{"advanced_seo_description":"","jetpack_seo_html_title":"","jetpack_seo_noindex":false,"_jetpack_memberships_contains_paid_content":false,"footnotes":""},"categories":[1],"tags":[],"class_list":["post-65966","post","type-post","status-publish","format-standard","has-post-thumbnail","hentry","category-cronica"],"jetpack_featured_media_url":"https:\/\/i0.wp.com\/eltrabajo.cl\/portal\/wp-content\/uploads\/2016\/01\/Firma-Convenio-Defensoria-1.jpg?fit=530%2C348&ssl=1","jetpack_sharing_enabled":true,"jetpack_likes_enabled":true,"jetpack-related-posts":[],"_links":{"self":[{"href":"https:\/\/eltrabajo.cl\/portal\/wp-json\/wp\/v2\/posts\/65966","targetHints":{"allow":["GET"]}}],"collection":[{"href":"https:\/\/eltrabajo.cl\/portal\/wp-json\/wp\/v2\/posts"}],"about":[{"href":"https:\/\/eltrabajo.cl\/portal\/wp-json\/wp\/v2\/types\/post"}],"author":[{"embeddable":true,"href":"https:\/\/eltrabajo.cl\/portal\/wp-json\/wp\/v2\/users\/482"}],"replies":[{"embeddable":true,"href":"https:\/\/eltrabajo.cl\/portal\/wp-json\/wp\/v2\/comments?post=65966"}],"version-history":[{"count":0,"href":"https:\/\/eltrabajo.cl\/portal\/wp-json\/wp\/v2\/posts\/65966\/revisions"}],"wp:featuredmedia":[{"embeddable":true,"href":"https:\/\/eltrabajo.cl\/portal\/wp-json\/wp\/v2\/media\/65967"}],"wp:attachment":[{"href":"https:\/\/eltrabajo.cl\/portal\/wp-json\/wp\/v2\/media?parent=65966"}],"wp:term":[{"taxonomy":"category","embeddable":true,"href":"https:\/\/eltrabajo.cl\/portal\/wp-json\/wp\/v2\/categories?post=65966"},{"taxonomy":"post_tag","embeddable":true,"href":"https:\/\/eltrabajo.cl\/portal\/wp-json\/wp\/v2\/tags?post=65966"}],"curies":[{"name":"wp","href":"https:\/\/api.w.org\/{rel}","templated":true}]}}