{"id":65969,"date":"2016-01-20T09:37:57","date_gmt":"2016-01-20T12:37:57","guid":{"rendered":"http:\/\/www.eltrabajo.cl\/portal\/?p=65969"},"modified":"2016-01-20T09:47:00","modified_gmt":"2016-01-20T12:47:00","slug":"desde-hoy-y-hasta-el-sabado-se-desarrollara-el-carnaval-de-la-chaya-en-san-felipe","status":"publish","type":"post","link":"https:\/\/eltrabajo.cl\/portal\/desde-hoy-y-hasta-el-sabado-se-desarrollara-el-carnaval-de-la-chaya-en-san-felipe\/","title":{"rendered":"Desde hoy y hasta el s\u00e1bado se desarrollar\u00e1 El Carnaval de La Chaya en San Felipe"},"content":{"rendered":"<figure id=\"attachment_65970\" aria-describedby=\"caption-attachment-65970\" style=\"width: 300px\" class=\"wp-caption alignleft\"><img data-recalc-dims=\"1\" loading=\"lazy\" decoding=\"async\" class=\"wp-image-65970 size-medium\" src=\"https:\/\/i0.wp.com\/www.eltrabajo.cl\/portal\/wp-content\/uploads\/2016\/01\/Ricardo-Ruiz-1-300x197.jpg?resize=300%2C197\" alt=\"Ricardo Ruiz, encargado de cultura de la Municipalidad de San Felipe.\" width=\"300\" height=\"197\" srcset=\"https:\/\/i0.wp.com\/eltrabajo.cl\/portal\/wp-content\/uploads\/2016\/01\/Ricardo-Ruiz-1.jpg?resize=300%2C197&amp;ssl=1 300w, https:\/\/i0.wp.com\/eltrabajo.cl\/portal\/wp-content\/uploads\/2016\/01\/Ricardo-Ruiz-1.jpg?resize=200%2C131&amp;ssl=1 200w, https:\/\/i0.wp.com\/eltrabajo.cl\/portal\/wp-content\/uploads\/2016\/01\/Ricardo-Ruiz-1.jpg?resize=228%2C150&amp;ssl=1 228w, https:\/\/i0.wp.com\/eltrabajo.cl\/portal\/wp-content\/uploads\/2016\/01\/Ricardo-Ruiz-1.jpg?resize=400%2C263&amp;ssl=1 400w, https:\/\/i0.wp.com\/eltrabajo.cl\/portal\/wp-content\/uploads\/2016\/01\/Ricardo-Ruiz-1.jpg?w=530&amp;ssl=1 530w\" sizes=\"auto, (max-width: 300px) 100vw, 300px\" \/><figcaption id=\"caption-attachment-65970\" class=\"wp-caption-text\">Ricardo Ruiz, encargado de cultura de la Municipalidad de San Felipe.<\/figcaption><\/figure>\n<ul>\n<li><strong>El viernes estar\u00e1 destinado a la m\u00fasica ranchera junto al humor de Millenium Show, mientras que para el cierre del carnaval destacan la presentaci\u00f3n de Shamanes, Dixon y los S\u00faper Maravillosos del Per\u00fa.<\/strong><\/li>\n<\/ul>\n<p>Hoy comenzar\u00e1 a desarrollarse a partir de las 20 horas, en la Plaza de Armas de la comuna de San Felipe, El Carnaval de la Chaya 2016, el cual se extender\u00e1 hasta el pr\u00f3ximo s\u00e1bado 23 de enero y que en su jornada inaugural tendr\u00e1 una noche destinada a los recuerdos, donde destaca la presentaci\u00f3n del grupo nacional Los Ramblers y que comenzar\u00e1 con la presentaci\u00f3n de la Sonora Santa Cecilia.<br \/>\nAs\u00ed lo anunci\u00f3 en encargado de cultura de la Municipalidad de San Felipe, Ricardo Ruiz, quien asegur\u00f3 que cada noche est\u00e1 destinada a un public\u00f3 en espec\u00edfico y cont\u00f3 que \u201cma\u00f1ana (hoy) tendremos tambi\u00e9n artistas locales como, Pan de Leche, Pepa Verdejo, Pepe Arriagada, Carmen Maureira y Los Strikers, banda sanfelipe\u00f1a en donde participa el profesor Jos\u00e9 Plaza, que tambi\u00e9n hacen m\u00fasica de la nueva ola, de los a\u00f1os \u201870\u201d, describi\u00f3.<br \/>\nAs\u00ed mismo, Ruiz recalc\u00f3 que es dif\u00edcil destacar un plato fuerte para este Carnaval, puesto que cada jornada tiene un estilo distinto. \u201cUno de los d\u00edas m\u00e1s importantes puede ser el viernes 22, que estar\u00e1 destinado a la m\u00fasica ranchera, que es un p\u00fablico que est\u00e1 considerado dentro de la gesti\u00f3n del alcalde Patricio Freire y es por eso que le hemos querido destinar una noche completa, la cual, van a cerrar los Cuatreros del Sur, pero que adem\u00e1s van a tener a los artistas locales: El Charro del Real, Jazm\u00edn Lazcano y artista de ac\u00e1 que cultivan este g\u00e9nero\u201d, reafirm\u00f3 Ruiz.<br \/>\nRespecto de c\u00f3mo consideran en el municipio que est\u00e1 evaluada La Chaya de San Felipe en relaci\u00f3n con los n\u00fameros art\u00edsticos de otras comunas, Ruiz fue tajante en destacar que \u201chay un gran esfuerzo econ\u00f3mico por hacer un Carnaval que le guste al p\u00fablico. Sabemos que el presupuesto de la chaya de San Felipe es menor porque adem\u00e1s tenemos Feria Teatro a Mil y tambi\u00e9n Festival de Palmenia Pizarro, en donde vienen artistas que el p\u00fablico s\u00f3lo ve por la tele y que es gratuito, por lo tanto creo que hicimos el esfuerzo por tener una parrilla art\u00edstica interesante para el p\u00fablico aconcag\u00fcino, intentamos desarrollarla en una fecha donde no nos top\u00e1ramos con otras Chayas para no disputarnos los p\u00fablicos\u201d, explic\u00f3<br \/>\nEs importante consignar que est\u00e1 considerado el corte de tr\u00e1nsito en calle Salinas entre Prat y Merced, y que \u00e9ste se extender\u00e1 un par de horas antes del inicio de cada noche, para facilitar el tr\u00e1nsito libre del p\u00fablico y garantizar su seguridad.<\/p>\n","protected":false},"excerpt":{"rendered":"<p>El viernes estar\u00e1 destinado a la m\u00fasica ranchera junto al humor de Millenium Show, mientras que para el cierre del carnaval destacan la presentaci\u00f3n de Shamanes, Dixon y los S\u00faper Maravillosos del&#8230;<\/p>\n","protected":false},"author":482,"featured_media":65970,"comment_status":"open","ping_status":"open","sticky":false,"template":"","format":"standard","meta":{"advanced_seo_description":"","jetpack_seo_html_title":"","jetpack_seo_noindex":false,"_jetpack_memberships_contains_paid_content":false,"footnotes":""},"categories":[1],"tags":[],"class_list":["post-65969","post","type-post","status-publish","format-standard","has-post-thumbnail","hentry","category-cronica"],"jetpack_featured_media_url":"https:\/\/i0.wp.com\/eltrabajo.cl\/portal\/wp-content\/uploads\/2016\/01\/Ricardo-Ruiz-1.jpg?fit=530%2C348&ssl=1","jetpack_sharing_enabled":true,"jetpack_likes_enabled":true,"jetpack-related-posts":[],"_links":{"self":[{"href":"https:\/\/eltrabajo.cl\/portal\/wp-json\/wp\/v2\/posts\/65969","targetHints":{"allow":["GET"]}}],"collection":[{"href":"https:\/\/eltrabajo.cl\/portal\/wp-json\/wp\/v2\/posts"}],"about":[{"href":"https:\/\/eltrabajo.cl\/portal\/wp-json\/wp\/v2\/types\/post"}],"author":[{"embeddable":true,"href":"https:\/\/eltrabajo.cl\/portal\/wp-json\/wp\/v2\/users\/482"}],"replies":[{"embeddable":true,"href":"https:\/\/eltrabajo.cl\/portal\/wp-json\/wp\/v2\/comments?post=65969"}],"version-history":[{"count":0,"href":"https:\/\/eltrabajo.cl\/portal\/wp-json\/wp\/v2\/posts\/65969\/revisions"}],"wp:featuredmedia":[{"embeddable":true,"href":"https:\/\/eltrabajo.cl\/portal\/wp-json\/wp\/v2\/media\/65970"}],"wp:attachment":[{"href":"https:\/\/eltrabajo.cl\/portal\/wp-json\/wp\/v2\/media?parent=65969"}],"wp:term":[{"taxonomy":"category","embeddable":true,"href":"https:\/\/eltrabajo.cl\/portal\/wp-json\/wp\/v2\/categories?post=65969"},{"taxonomy":"post_tag","embeddable":true,"href":"https:\/\/eltrabajo.cl\/portal\/wp-json\/wp\/v2\/tags?post=65969"}],"curies":[{"name":"wp","href":"https:\/\/api.w.org\/{rel}","templated":true}]}}