{"id":65972,"date":"2016-01-20T09:39:18","date_gmt":"2016-01-20T12:39:18","guid":{"rendered":"http:\/\/www.eltrabajo.cl\/portal\/?p=65972"},"modified":"2016-01-20T09:39:18","modified_gmt":"2016-01-20T12:39:18","slug":"ya-se-encuentra-operando-mesa-comunal-de-salud-en-san-felipe","status":"publish","type":"post","link":"https:\/\/eltrabajo.cl\/portal\/ya-se-encuentra-operando-mesa-comunal-de-salud-en-san-felipe\/","title":{"rendered":"Ya se encuentra operando Mesa Comunal de Salud en San Felipe"},"content":{"rendered":"<figure id=\"attachment_65973\" aria-describedby=\"caption-attachment-65973\" style=\"width: 300px\" class=\"wp-caption alignleft\"><img data-recalc-dims=\"1\" loading=\"lazy\" decoding=\"async\" class=\"wp-image-65973 size-medium\" src=\"https:\/\/i0.wp.com\/www.eltrabajo.cl\/portal\/wp-content\/uploads\/2016\/01\/Marcela-Brito-300x198.jpg?resize=300%2C198\" alt=\"La Directora Municipal de Salud, Marcela Brito.\" width=\"300\" height=\"198\" srcset=\"https:\/\/i0.wp.com\/eltrabajo.cl\/portal\/wp-content\/uploads\/2016\/01\/Marcela-Brito.jpg?resize=300%2C198&amp;ssl=1 300w, https:\/\/i0.wp.com\/eltrabajo.cl\/portal\/wp-content\/uploads\/2016\/01\/Marcela-Brito.jpg?resize=200%2C132&amp;ssl=1 200w, https:\/\/i0.wp.com\/eltrabajo.cl\/portal\/wp-content\/uploads\/2016\/01\/Marcela-Brito.jpg?resize=227%2C150&amp;ssl=1 227w, https:\/\/i0.wp.com\/eltrabajo.cl\/portal\/wp-content\/uploads\/2016\/01\/Marcela-Brito.jpg?resize=400%2C264&amp;ssl=1 400w, https:\/\/i0.wp.com\/eltrabajo.cl\/portal\/wp-content\/uploads\/2016\/01\/Marcela-Brito.jpg?w=530&amp;ssl=1 530w\" sizes=\"auto, (max-width: 300px) 100vw, 300px\" \/><figcaption id=\"caption-attachment-65973\" class=\"wp-caption-text\">La Directora Municipal de Salud, Marcela Brito.<\/figcaption><\/figure>\n<ul>\n<li><strong>En la iniciativa trabajan de forma conjunta la Oficina Provincial de la Seremi de Salud, los Cesfam Segismundo Iturra y San Felipe El Real, Cecof (Centros Comunitarios de Salud Familiar), entre otros.<\/strong><\/li>\n<\/ul>\n<p>Con el objetivo de analizar y gestionar diversos antecedente que aporta el diagn\u00f3stico de salud en la ciudad de San Felipe, es que desde hace unos d\u00edas ya se encuentra operativa la Mesa Comunal de Salud, la cual pretende intervenir en ciertos aspectos de la calidad de vida de las personas con el fin de prevenir la proliferaci\u00f3n de enfermedades como la diabetes o la hipertensi\u00f3n, entre otras.<br \/>\nAs\u00ed lo manifest\u00f3 la directora Municipal de Salud, la enfermera Marcela Brito, quien asegur\u00f3 que es relevante detenerse a mirar las cifras que hoy presenta la salud de los sanfelipe\u00f1os puesto que \u201ctenemos muchos n\u00fameros al frente nuestro y esos n\u00fameros hablan de personas, de enfermedades, de factores predisponentes a ciertas patolog\u00edas, que de alguna manera tenemos que enfrentar los que trabajamos en atenci\u00f3n primaria de nuestra comuna\u201d, detall\u00f3.<br \/>\nEn cuanto a los objetivos pr\u00e1cticos de esta mesa comunal de salud, la profesional agreg\u00f3 que \u201chemos constituido esta mesa y en definitiva lo que se propone es ir trabajando, observando y analizando en forma conjunta estos datos estad\u00edsticos, pero en pro de establecer planes efectivos respecto de las medidas promocionales y preventivas para poder ir conduciendo y orientando a nuestros vecinos en mejores estilos de vida\u201d.<br \/>\nBrito enfatiz\u00f3 tambi\u00e9n, en que son muchas las aristas en las que hay que ponerse a trabajar y desde esa instancia determinar qu\u00e9 es lo que se va haciendo y cu\u00e1l es la estrategia conjunta que se dispondr\u00e1 en t\u00e9rminos de promoci\u00f3n.<br \/>\nEn relaci\u00f3n a los temas espec\u00edficos a solucionar, Brito adujo que \u201cdeterminar qu\u00e9 pasa con nuestros hipertensos, con nuestros diab\u00e9ticos, con el alto n\u00famero de ingresos hospitalarios por estas causas, enfermos con accidentes vasculares o infartos agudos, debemos saber c\u00f3mo vamos a ir anticip\u00e1ndonos a este tema en el futuro y ese es un trabajo de largo aliento\u201d, explic\u00f3.<br \/>\nAdem\u00e1s de eso, la profesional sostuvo que la infancia tambi\u00e9n debe ser un grupo de atenci\u00f3n, en relaci\u00f3n a las pol\u00edticas de acci\u00f3n que se determinen, argumentando que \u201cnuestros ni\u00f1os pueden llegar a ser los futuros hipertensos y diab\u00e9ticos, debemos saber qu\u00e9 ocurre con la lactancia materna\u201d.<br \/>\nDe acuerdo al plan de trabajo que se ha determinado a partir de la constituci\u00f3n de esta mesa de trabajo, Brito asegur\u00f3 que, lo primero es contar con apoyo inform\u00e1tico para ir ordenando y sistematizando las cifras que se manejan y as\u00ed detectar cu\u00e1l es \u2018la piedra en el zapato\u2019, respecto del perfil epidemiol\u00f3gico y las determinantes sociales de la comuna. Posteriormente, en febrero comenzar\u00eda a determinar la priorizaci\u00f3n de las principales problem\u00e1ticas que seg\u00fan dijo \u201cson muchas las tem\u00e1ticas que habr\u00eda que abordar y a veces por tratar de abordarlos todos no podemos avanzar. Hay que ver c\u00f3mo lo vamos enfocando\u201d, apunt\u00f3.<br \/>\nSeg\u00fan la profesional, uno de los datos que m\u00e1s llama la atenci\u00f3n, dentro de los temas que se analizaron en la constituci\u00f3n de la mesa, es que, por ejemplo, un 20 por ciento de los lactantes de la comuna, al mes de nacidos ya se encuentran con lactancia artificial incorporada, lo que sin lugar a dudas puede transformarse en el primer paso para que a los 6 a\u00f1os ese mismo ni\u00f1o presente sobrepeso, m\u00e1s adelante en su etapa de adolescente sea obeso y finalmente cuando sea adulto termine siendo hipertenso o diab\u00e9tico.<br \/>\n\u201cEsta es la mirada que tenemos que tener y desarrollar, el diab\u00e9tico no se hace a los 30 a\u00f1os, se empieza a formar desde que es reci\u00e9n nacido y en ese curso de vida participamos muchos: la familia, la educaci\u00f3n, la disponibilidad de locales comerciales de comida, c\u00f3mo vamos orientando en ese sentido ciertos h\u00e1bitos vida saludable y, por \u00faltimo, una conducta de autocuidado, porque los equipos de salud somos formadores, podemos guiar, pero el que toma la decisi\u00f3n sobre la propia salud es cada uno de nosotros\u201d, remat\u00f3 Brito.<br \/>\nLa mesa comunal de salud pretende ser un organismo intersectorial y est\u00e1 conformada por diversas entidades, entre ellas la Oficina Provincial de la Seremi de Salud, los Cesfam Segismundo Iturra y San Felipe El Real, Cecof (Centros Comunitarios de Salud Familiar), entre otros.<\/p>\n","protected":false},"excerpt":{"rendered":"<p>En la iniciativa trabajan de forma conjunta la Oficina Provincial de la Seremi de Salud, los Cesfam Segismundo Iturra y San Felipe El Real, Cecof (Centros Comunitarios de Salud Familiar), entre otros&#8230;.<\/p>\n","protected":false},"author":482,"featured_media":65973,"comment_status":"open","ping_status":"open","sticky":false,"template":"","format":"standard","meta":{"advanced_seo_description":"","jetpack_seo_html_title":"","jetpack_seo_noindex":false,"_jetpack_memberships_contains_paid_content":false,"footnotes":""},"categories":[1],"tags":[],"class_list":["post-65972","post","type-post","status-publish","format-standard","has-post-thumbnail","hentry","category-cronica"],"jetpack_featured_media_url":"https:\/\/i0.wp.com\/eltrabajo.cl\/portal\/wp-content\/uploads\/2016\/01\/Marcela-Brito.jpg?fit=530%2C350&ssl=1","jetpack_sharing_enabled":true,"jetpack_likes_enabled":true,"jetpack-related-posts":[],"_links":{"self":[{"href":"https:\/\/eltrabajo.cl\/portal\/wp-json\/wp\/v2\/posts\/65972","targetHints":{"allow":["GET"]}}],"collection":[{"href":"https:\/\/eltrabajo.cl\/portal\/wp-json\/wp\/v2\/posts"}],"about":[{"href":"https:\/\/eltrabajo.cl\/portal\/wp-json\/wp\/v2\/types\/post"}],"author":[{"embeddable":true,"href":"https:\/\/eltrabajo.cl\/portal\/wp-json\/wp\/v2\/users\/482"}],"replies":[{"embeddable":true,"href":"https:\/\/eltrabajo.cl\/portal\/wp-json\/wp\/v2\/comments?post=65972"}],"version-history":[{"count":0,"href":"https:\/\/eltrabajo.cl\/portal\/wp-json\/wp\/v2\/posts\/65972\/revisions"}],"wp:featuredmedia":[{"embeddable":true,"href":"https:\/\/eltrabajo.cl\/portal\/wp-json\/wp\/v2\/media\/65973"}],"wp:attachment":[{"href":"https:\/\/eltrabajo.cl\/portal\/wp-json\/wp\/v2\/media?parent=65972"}],"wp:term":[{"taxonomy":"category","embeddable":true,"href":"https:\/\/eltrabajo.cl\/portal\/wp-json\/wp\/v2\/categories?post=65972"},{"taxonomy":"post_tag","embeddable":true,"href":"https:\/\/eltrabajo.cl\/portal\/wp-json\/wp\/v2\/tags?post=65972"}],"curies":[{"name":"wp","href":"https:\/\/api.w.org\/{rel}","templated":true}]}}