{"id":65975,"date":"2016-01-20T09:42:02","date_gmt":"2016-01-20T12:42:02","guid":{"rendered":"http:\/\/www.eltrabajo.cl\/portal\/?p=65975"},"modified":"2016-01-20T09:42:02","modified_gmt":"2016-01-20T12:42:02","slug":"fiscalizacion-2015-a-establecimientos-educacionales-llego-a-un-78-en-la-provincia-de-san-felipe","status":"publish","type":"post","link":"https:\/\/eltrabajo.cl\/portal\/fiscalizacion-2015-a-establecimientos-educacionales-llego-a-un-78-en-la-provincia-de-san-felipe\/","title":{"rendered":"Fiscalizaci\u00f3n 2015 a establecimientos educacionales lleg\u00f3 a un 78 % en la Provincia de San Felipe"},"content":{"rendered":"<figure id=\"attachment_65976\" aria-describedby=\"caption-attachment-65976\" style=\"width: 300px\" class=\"wp-caption alignleft\"><img data-recalc-dims=\"1\" loading=\"lazy\" decoding=\"async\" class=\"wp-image-65976 size-medium\" src=\"https:\/\/i0.wp.com\/www.eltrabajo.cl\/portal\/wp-content\/uploads\/2016\/01\/FOTO-1-DIRECTOR-REGIONAL-DE-LA-SUPERINTENDENCIA-DE-EDUCACION-PABLO-MECKLENBURG-300x197.jpg?resize=300%2C197\" alt=\"Director Regional de la Superintendencia de Educaci\u00f3n Pablo, Mecklenburg.\" width=\"300\" height=\"197\" srcset=\"https:\/\/i0.wp.com\/eltrabajo.cl\/portal\/wp-content\/uploads\/2016\/01\/FOTO-1-DIRECTOR-REGIONAL-DE-LA-SUPERINTENDENCIA-DE-EDUCACION-PABLO-MECKLENBURG.jpg?resize=300%2C197&amp;ssl=1 300w, https:\/\/i0.wp.com\/eltrabajo.cl\/portal\/wp-content\/uploads\/2016\/01\/FOTO-1-DIRECTOR-REGIONAL-DE-LA-SUPERINTENDENCIA-DE-EDUCACION-PABLO-MECKLENBURG.jpg?resize=200%2C131&amp;ssl=1 200w, https:\/\/i0.wp.com\/eltrabajo.cl\/portal\/wp-content\/uploads\/2016\/01\/FOTO-1-DIRECTOR-REGIONAL-DE-LA-SUPERINTENDENCIA-DE-EDUCACION-PABLO-MECKLENBURG.jpg?resize=228%2C150&amp;ssl=1 228w, https:\/\/i0.wp.com\/eltrabajo.cl\/portal\/wp-content\/uploads\/2016\/01\/FOTO-1-DIRECTOR-REGIONAL-DE-LA-SUPERINTENDENCIA-DE-EDUCACION-PABLO-MECKLENBURG.jpg?resize=400%2C263&amp;ssl=1 400w, https:\/\/i0.wp.com\/eltrabajo.cl\/portal\/wp-content\/uploads\/2016\/01\/FOTO-1-DIRECTOR-REGIONAL-DE-LA-SUPERINTENDENCIA-DE-EDUCACION-PABLO-MECKLENBURG.jpg?w=530&amp;ssl=1 530w\" sizes=\"auto, (max-width: 300px) 100vw, 300px\" \/><figcaption id=\"caption-attachment-65976\" class=\"wp-caption-text\">Director Regional de la Superintendencia de Educaci\u00f3n Pablo, Mecklenburg.<\/figcaption><\/figure>\n<ul>\n<li><strong>Uno de los \u00edtems que preocupa a la autoridad es que gran parte de las denuncias que realizan los integrantes de la comunidad educativa se refieren a casos de maltrato. Por otro lado, la comuna de Santa Mar\u00eda destaca como la \u00fanica que no gener\u00f3 denuncias ni tuvo casos administrativos en contra de sus establecimientos.<\/strong><\/li>\n<\/ul>\n<p>Mientras las vacaciones de los escolares aconcag\u00fcinas est\u00e1n en pleno desarrollo, las autoridades contin\u00faan trabajando en el an\u00e1lisis de ciertos datos que dej\u00f3 el a\u00f1o 2015. El Director Regional de la Superintendencia de Educaci\u00f3n, Pablo Mecklenburg, se reuni\u00f3 con el Gobernador de la Provincia de San Felipe, Eduardo Le\u00f3n, para darle a conocer los resultados del trabajo realizado por este organismo durante el a\u00f1o escolar reci\u00e9n pasado.<br \/>\nComo garante de derechos, la Superintendencia de Educaci\u00f3n tiene como objetivos fundamentales fortalecer, facilitar y promover el conocimiento y ejercicio de los derechos de los distintos miembros de la comunidad educativa, mediante acciones de provisi\u00f3n, de informaci\u00f3n y la atenci\u00f3n de denuncias consultas y reclamos.<br \/>\nEn las 6 comunas de la Provincia de San Felipe, existe un total de 127 establecimientos educacionales, incluyendo municipales, particulares subvencionados y pagados y de administraci\u00f3n delegada, alcanzando una matr\u00edcula general de 32 mil 227 alumnos.<br \/>\nDel universo total de colegios, durante el 2015, 93 fueron sujeto de fiscalizaciones en materias como Programa de Integraci\u00f3n Escolar, Subvenci\u00f3n Preferencial, Admisi\u00f3n, Asistencia, Revisi\u00f3n del buen uso de los Recursos P\u00fablicos, Textos Escolares, etc. Proceso que seg\u00fan Meckenblurg los tiene m\u00e1s que satisfechos ya que \u201ctanto en nuestra relaci\u00f3n con la Gobernaci\u00f3n, como en el trabajo mismo de la Superintendencia hemos podido apuntar al foco de nuestra tarea, que es garantizarle a todos los ni\u00f1os el resguardo de sus derechos en los establecimientos educacionales y a la comunidad en general el cumplimiento de la normativa y el buen uso de los recursos porque con eso nos aseguramos que las cosas se hagan mejor en cada escuela y logramos a apuntar a resultados de calidad\u201d, sostuvo.<br \/>\nRespecto del comportamiento que han presentado los colegios sanfelipe\u00f1os en su relaci\u00f3n con el ente fiscalizador, el Superintendente afirm\u00f3 que \u201clos n\u00fameros nos dicen que la provincia ha tenido un muy buen comportamiento, llegamos a relacionarnos, ya sea por programa regular de fiscalizaci\u00f3n o por la v\u00eda de la denuncia, con el 78 % de los establecimientos educacionales, lo que representa un \u00edndice s\u00faper alto desde el punto de vista de la actividad que realizamos\u201d, adujo.<br \/>\nEn relaci\u00f3n con los niveles que muestran las comunas de la provincia comparados con la Regi\u00f3n, Mecklemburg destac\u00f3 que \u201cel \u00edndice tanto de infracciones, sanciones o denuncias recibidas no est\u00e1 por sobre el promedio de la regi\u00f3n, existen n\u00fameros normales en la zona, lo que nos garantiza que las cosas est\u00e1n poni\u00e9ndose en l\u00ednea, desde el punto de vista que todo funcione bien y que cada pap\u00e1 o mam\u00e1, tenga la garant\u00eda de que los recursos p\u00fablicos dispuestos por el Estado de Chile para desarrollar el proceso educativo est\u00e1n siendo bien utilizados y junto con eso que los derechos de los estudiantes est\u00e1n siendo respetados\u201d, enfatiz\u00f3.<br \/>\nPese a que el balance en t\u00e9rminos generales es m\u00e1s que positivo, hay un \u00edtem que genera preocupaci\u00f3n en las autoridades y \u00e9ste dice relaci\u00f3n con el principal motivo de denuncia en los establecimientos educacionales de la provincia. Seg\u00fan se\u00f1al\u00f3 Mecklenburg, el maltrato contin\u00faa siendo un foco de trabajo para los miembros de las distintas comunidades educativas.<br \/>\n\u201cHago un llamado a la poblaci\u00f3n en general, porque es muy preocupante que de la totalidad de las denuncias que estamos recibiendo, la mayor\u00eda se concentre en el \u00e1rea de la violencia, entre los integrantes de la comunidad educativa en general. No quiero que se entienda s\u00f3lo como maltrato hacia los alumnos, tambi\u00e9n existe a profesores, a asistentes de la educaci\u00f3n, etc.\u201d, detall\u00f3 el director.<br \/>\nFinalmente, Mecklenburg describi\u00f3 que desde el punto de vista del cumplimiento normativo y de la utilizaci\u00f3n de los recursos, la brecha educacional entre los colegios municipalizados y los establecimientos privados no es tan amplia y los comportamientos son bastante homog\u00e9neos.<br \/>\nAl mismo tiempo, la autoridad destac\u00f3 a la comuna de Santa Mar\u00eda como la \u00fanica que no present\u00f3 denuncias y que no tuvo procesos administrativos tanto en los particulares subvencionados, como colegios municipales durante el 2015.<br \/>\nPor su lado, la m\u00e1xima autoridad de la Provincia de San Felipe, Eduardo Le\u00f3n, se refiri\u00f3 espec\u00edficamente al convenio realizado el a\u00f1o pasado con la Superintendencia que, entre otras cosas, pretend\u00eda generar un acercamiento entre la ciudadan\u00eda y el organismo fiscalizador, objetivo que seg\u00fan dijo el Gobernador, ha logrado cumplirse, puesto que \u201cestamos atendiendo ac\u00e1 mismo(Gobernaci\u00f3n), una vez al mes o cuando sea necesario, distintos tipos de denuncias o inquietudes de la comunidad, as\u00ed se regula la calidad de la educaci\u00f3n y se aseguran los derechos de la comunidad escolar\u201d, valor\u00f3.<\/p>\n","protected":false},"excerpt":{"rendered":"<p>Uno de los \u00edtems que preocupa a la autoridad es que gran parte de las denuncias que realizan los integrantes de la comunidad educativa se refieren a casos de maltrato. Por otro&#8230;<\/p>\n","protected":false},"author":482,"featured_media":65976,"comment_status":"open","ping_status":"open","sticky":false,"template":"","format":"standard","meta":{"advanced_seo_description":"","jetpack_seo_html_title":"","jetpack_seo_noindex":false,"_jetpack_memberships_contains_paid_content":false,"footnotes":""},"categories":[1],"tags":[],"class_list":["post-65975","post","type-post","status-publish","format-standard","has-post-thumbnail","hentry","category-cronica"],"jetpack_featured_media_url":"https:\/\/i0.wp.com\/eltrabajo.cl\/portal\/wp-content\/uploads\/2016\/01\/FOTO-1-DIRECTOR-REGIONAL-DE-LA-SUPERINTENDENCIA-DE-EDUCACION-PABLO-MECKLENBURG.jpg?fit=530%2C348&ssl=1","jetpack_sharing_enabled":true,"jetpack_likes_enabled":true,"jetpack-related-posts":[],"_links":{"self":[{"href":"https:\/\/eltrabajo.cl\/portal\/wp-json\/wp\/v2\/posts\/65975","targetHints":{"allow":["GET"]}}],"collection":[{"href":"https:\/\/eltrabajo.cl\/portal\/wp-json\/wp\/v2\/posts"}],"about":[{"href":"https:\/\/eltrabajo.cl\/portal\/wp-json\/wp\/v2\/types\/post"}],"author":[{"embeddable":true,"href":"https:\/\/eltrabajo.cl\/portal\/wp-json\/wp\/v2\/users\/482"}],"replies":[{"embeddable":true,"href":"https:\/\/eltrabajo.cl\/portal\/wp-json\/wp\/v2\/comments?post=65975"}],"version-history":[{"count":0,"href":"https:\/\/eltrabajo.cl\/portal\/wp-json\/wp\/v2\/posts\/65975\/revisions"}],"wp:featuredmedia":[{"embeddable":true,"href":"https:\/\/eltrabajo.cl\/portal\/wp-json\/wp\/v2\/media\/65976"}],"wp:attachment":[{"href":"https:\/\/eltrabajo.cl\/portal\/wp-json\/wp\/v2\/media?parent=65975"}],"wp:term":[{"taxonomy":"category","embeddable":true,"href":"https:\/\/eltrabajo.cl\/portal\/wp-json\/wp\/v2\/categories?post=65975"},{"taxonomy":"post_tag","embeddable":true,"href":"https:\/\/eltrabajo.cl\/portal\/wp-json\/wp\/v2\/tags?post=65975"}],"curies":[{"name":"wp","href":"https:\/\/api.w.org\/{rel}","templated":true}]}}