{"id":65978,"date":"2016-01-20T09:44:25","date_gmt":"2016-01-20T12:44:25","guid":{"rendered":"http:\/\/www.eltrabajo.cl\/portal\/?p=65978"},"modified":"2016-01-20T09:44:25","modified_gmt":"2016-01-20T12:44:25","slug":"registro-social-de-hogares-triplico-a-nivel-regional-el-universo-de-personas-categorizadas-en-el-sistema","status":"publish","type":"post","link":"https:\/\/eltrabajo.cl\/portal\/registro-social-de-hogares-triplico-a-nivel-regional-el-universo-de-personas-categorizadas-en-el-sistema\/","title":{"rendered":"Registro Social de Hogares triplic\u00f3 a nivel regional el universo de personas categorizadas en el sistema"},"content":{"rendered":"<figure id=\"attachment_65979\" aria-describedby=\"caption-attachment-65979\" style=\"width: 300px\" class=\"wp-caption alignleft\"><img data-recalc-dims=\"1\" loading=\"lazy\" decoding=\"async\" class=\"wp-image-65979 size-medium\" src=\"https:\/\/i0.wp.com\/www.eltrabajo.cl\/portal\/wp-content\/uploads\/2016\/01\/FOTO-2-SEREMI-DESARROLLO-SOCIAL-ABEL-GALLARDO-1-300x198.jpg?resize=300%2C198\" alt=\"Abel Gallardo, Seremi de Desarrollo Social.\" width=\"300\" height=\"198\" srcset=\"https:\/\/i0.wp.com\/eltrabajo.cl\/portal\/wp-content\/uploads\/2016\/01\/FOTO-2-SEREMI-DESARROLLO-SOCIAL-ABEL-GALLARDO-1.jpg?resize=300%2C198&amp;ssl=1 300w, https:\/\/i0.wp.com\/eltrabajo.cl\/portal\/wp-content\/uploads\/2016\/01\/FOTO-2-SEREMI-DESARROLLO-SOCIAL-ABEL-GALLARDO-1.jpg?resize=200%2C132&amp;ssl=1 200w, https:\/\/i0.wp.com\/eltrabajo.cl\/portal\/wp-content\/uploads\/2016\/01\/FOTO-2-SEREMI-DESARROLLO-SOCIAL-ABEL-GALLARDO-1.jpg?resize=227%2C150&amp;ssl=1 227w, https:\/\/i0.wp.com\/eltrabajo.cl\/portal\/wp-content\/uploads\/2016\/01\/FOTO-2-SEREMI-DESARROLLO-SOCIAL-ABEL-GALLARDO-1.jpg?resize=400%2C264&amp;ssl=1 400w, https:\/\/i0.wp.com\/eltrabajo.cl\/portal\/wp-content\/uploads\/2016\/01\/FOTO-2-SEREMI-DESARROLLO-SOCIAL-ABEL-GALLARDO-1.jpg?w=530&amp;ssl=1 530w\" sizes=\"auto, (max-width: 300px) 100vw, 300px\" \/><figcaption id=\"caption-attachment-65979\" class=\"wp-caption-text\">Abel Gallardo, Seremi de Desarrollo Social.<\/figcaption><\/figure>\n<ul>\n<li><strong>Seremi de Desarrollo Social, Abel Gallardo describi\u00f3 lo que implica pasar de un sistema a otro y asegur\u00f3 que en el actual registro se pretende aumentar los beneficios de la clase media.<\/strong><\/li>\n<\/ul>\n<p>Seguramente si en los \u00faltimos d\u00edas usted quiso hacer alg\u00fan tr\u00e1mite o postular a un beneficio y acudi\u00f3 al departamento de desarrollo social de su municipalidad a pedir el informe con su puntaje en la Ficha de Protecci\u00f3n Social, FPS, se encontr\u00f3 con la respuesta de que tal documento ya no est\u00e1 en funcionamiento y fue reemplazado por el nuevo Registro Social de Hogares, el cual, encasilla a su familia dentro de un determinado grupo de mayores o menores ingresos o de mayor o menor vulnerabilidad, de acuerdo al registro que el Estado posee de los bienes e ingresos registrados a su nombre en distintas plataformas.<br \/>\nEl cambio de un sistema a otro, ha provocado que en este per\u00edodo, de las 440 mil familias que contaban con FPS en la regi\u00f3n de Valpara\u00edso, el registro hoy tenga datos de cerca de un mill\u00f3n 200 mil personas. As\u00ed lo inform\u00f3 el Seremi de Desarrollo Social Abel Gallardo, quien asegur\u00f3 que \u201cla migraci\u00f3n de un sistema a otro ha sido bastante normal, pese a la demanda que significa un cambio de un sistema tan importante\u201d, sostuvo.<br \/>\nRespecto de cu\u00e1l es la evaluaci\u00f3n inicial de c\u00f3mo ha experimentado este cambio la comunidad del Valle de Aconcagua, Gallardo agreg\u00f3 que \u201cse ha desarrollado con plena normalidad este proceso en cada una de las comunas, hemos estado en permanente contacto y capacitaci\u00f3n con los encargados de las distintas comunas de las provincias de San Felipe y Los Andes, no nos han reportado problemas especiales\u201d, apunt\u00f3.<br \/>\nAs\u00ed mismo, el personero describi\u00f3 que \u201cdurante las \u00faltimas semanas hemos recibido un n\u00famero importante de solicitudes que se quieren incorporar a este Registro Nacional de Hogares, lo que para nosotros es una muestra de confianza que la poblaci\u00f3n de la Regi\u00f3n de Valpara\u00edso y espec\u00edficamente la Provincia de San Felipe, est\u00e1 lentamente sum\u00e1ndose a este nuevo sistema, que va a ser mucho m\u00e1s justo, transparente y va a permitir tambi\u00e9n llegar con beneficios a sectores medios que hasta hoy no contaban con esa posibilidad\u201d, detall\u00f3 Gallardo.<br \/>\nEn cuanto a los objetivos que se pretenden cumplir con esta modificaci\u00f3n en la forma de evaluar a las familias, el profesional explic\u00f3 que \u201ceste es un cambio que busca principalmente que la informaci\u00f3n que se contenga sea m\u00e1s fidedigna, m\u00e1s transparente porque ya no va a estar entregada s\u00f3lo por la informaci\u00f3n que otorguen los interesados, sino va a depender de las bases administrativas que el estado posee, por otro lado se van a considerar s\u00f3lo los ingresos reales y no los potenciales como lo hac\u00eda la FPS\u201d, adujo.<br \/>\n\u201cA nuestro juicio va a traer un mayor grado de justicia, va a permitir que sectores de esfuerzo y tambi\u00e9n de la clase media puedan acceder a beneficios sociales como una demostraci\u00f3n de que a nosotros como Gobierno nos interesa ir avanzando en una l\u00f3gica de beneficios sociales universales garantizado para las personas y que no dependa de un puntaje sino de las necesidades de cada familia\u201d, especific\u00f3.<\/p>\n<p><strong>LA FORMA<\/strong><br \/>\nCabe se\u00f1alar, que para las personas que cuentan con FPS, el traslado al nuevo sistema es autom\u00e1tico y la categorizaci\u00f3n de cada persona se har\u00e1 de acuerdo a informaci\u00f3n complementaria existente en las plataformas del Servicio de Impuestos Internos, el registro de veh\u00edculos motorizados, propiedades inmobiliarias, etc.<br \/>\nGallardo record\u00f3 que en esta oportunidad s\u00f3lo habr\u00e1 un peque\u00f1o proceso de encuestaje, a realizarse en un per\u00edodo muy acotado y que se har\u00e1 en la casa de aqu\u00e9llas personas que se van a incorporar por primera vez al sistema. \u201cLuego de realizar la solicitud, s\u00ed tendr\u00e1 que responder una peque\u00f1a encuesta, m\u00e1s simple comparada con la que se hac\u00eda con la FPS, porqu\u00e9, porque ya no tendr\u00e1 que hacerse preguntas respecto de los bienes que posee, debido a que el estado utilizar\u00e1 la informaci\u00f3n que tiene en distintas unidades\u201d, dijo.<br \/>\nAqu\u00e9llas personas que no ten\u00edan FPS y que quieran incorporarse al Registro Social de Hogares, pueden hacerlo a trav\u00e9s de dos formas: la manera tradicional en el municipio, presencialmente y la otra es a trav\u00e9s de internet en la p\u00e1gina registrosocial.gob.cl y all\u00ed con el carnet de identidad de la persona m\u00e1s su fecha de nacimiento es posible comenzar a navegar y solicitar la incorporaci\u00f3n a este registro, para de este modo, tener la posibilidad de que el estado le proporcione alg\u00fan tipo de beneficio.<\/p>\n","protected":false},"excerpt":{"rendered":"<p>Seremi de Desarrollo Social, Abel Gallardo describi\u00f3 lo que implica pasar de un sistema a otro y asegur\u00f3 que en el actual registro se pretende aumentar los beneficios de la clase media&#8230;.<\/p>\n","protected":false},"author":482,"featured_media":65979,"comment_status":"open","ping_status":"open","sticky":false,"template":"","format":"standard","meta":{"advanced_seo_description":"","jetpack_seo_html_title":"","jetpack_seo_noindex":false,"_jetpack_memberships_contains_paid_content":false,"footnotes":""},"categories":[1],"tags":[],"class_list":["post-65978","post","type-post","status-publish","format-standard","has-post-thumbnail","hentry","category-cronica"],"jetpack_featured_media_url":"https:\/\/i0.wp.com\/eltrabajo.cl\/portal\/wp-content\/uploads\/2016\/01\/FOTO-2-SEREMI-DESARROLLO-SOCIAL-ABEL-GALLARDO-1.jpg?fit=530%2C350&ssl=1","jetpack_sharing_enabled":true,"jetpack_likes_enabled":true,"jetpack-related-posts":[],"_links":{"self":[{"href":"https:\/\/eltrabajo.cl\/portal\/wp-json\/wp\/v2\/posts\/65978","targetHints":{"allow":["GET"]}}],"collection":[{"href":"https:\/\/eltrabajo.cl\/portal\/wp-json\/wp\/v2\/posts"}],"about":[{"href":"https:\/\/eltrabajo.cl\/portal\/wp-json\/wp\/v2\/types\/post"}],"author":[{"embeddable":true,"href":"https:\/\/eltrabajo.cl\/portal\/wp-json\/wp\/v2\/users\/482"}],"replies":[{"embeddable":true,"href":"https:\/\/eltrabajo.cl\/portal\/wp-json\/wp\/v2\/comments?post=65978"}],"version-history":[{"count":0,"href":"https:\/\/eltrabajo.cl\/portal\/wp-json\/wp\/v2\/posts\/65978\/revisions"}],"wp:featuredmedia":[{"embeddable":true,"href":"https:\/\/eltrabajo.cl\/portal\/wp-json\/wp\/v2\/media\/65979"}],"wp:attachment":[{"href":"https:\/\/eltrabajo.cl\/portal\/wp-json\/wp\/v2\/media?parent=65978"}],"wp:term":[{"taxonomy":"category","embeddable":true,"href":"https:\/\/eltrabajo.cl\/portal\/wp-json\/wp\/v2\/categories?post=65978"},{"taxonomy":"post_tag","embeddable":true,"href":"https:\/\/eltrabajo.cl\/portal\/wp-json\/wp\/v2\/tags?post=65978"}],"curies":[{"name":"wp","href":"https:\/\/api.w.org\/{rel}","templated":true}]}}