{"id":65984,"date":"2016-01-20T09:48:28","date_gmt":"2016-01-20T12:48:28","guid":{"rendered":"http:\/\/www.eltrabajo.cl\/portal\/?p=65984"},"modified":"2016-01-20T09:48:28","modified_gmt":"2016-01-20T12:48:28","slug":"amenazo-de-muerte-a-su-esposa-y-agredio-a-un-carabinero-al-ser-detenido","status":"publish","type":"post","link":"https:\/\/eltrabajo.cl\/portal\/amenazo-de-muerte-a-su-esposa-y-agredio-a-un-carabinero-al-ser-detenido\/","title":{"rendered":"Amenaz\u00f3 de muerte a su esposa y agredi\u00f3 a un carabinero al ser detenido"},"content":{"rendered":"<figure id=\"attachment_65985\" aria-describedby=\"caption-attachment-65985\" style=\"width: 300px\" class=\"wp-caption alignleft\"><img data-recalc-dims=\"1\" loading=\"lazy\" decoding=\"async\" class=\"wp-image-65985 size-medium\" src=\"https:\/\/i0.wp.com\/www.eltrabajo.cl\/portal\/wp-content\/uploads\/2016\/01\/imputado-vif-300x198.jpg?resize=300%2C198\" alt=\"El imputado fue detenido por Carabineros debiendo enfrentar a la justicia por un episodio de violencia intrafamiliar y agresi\u00f3n en contra de un carabinero de servicio.\" width=\"300\" height=\"198\" srcset=\"https:\/\/i0.wp.com\/eltrabajo.cl\/portal\/wp-content\/uploads\/2016\/01\/imputado-vif.jpg?resize=300%2C198&amp;ssl=1 300w, https:\/\/i0.wp.com\/eltrabajo.cl\/portal\/wp-content\/uploads\/2016\/01\/imputado-vif.jpg?resize=200%2C132&amp;ssl=1 200w, https:\/\/i0.wp.com\/eltrabajo.cl\/portal\/wp-content\/uploads\/2016\/01\/imputado-vif.jpg?resize=228%2C150&amp;ssl=1 228w, https:\/\/i0.wp.com\/eltrabajo.cl\/portal\/wp-content\/uploads\/2016\/01\/imputado-vif.jpg?resize=400%2C263&amp;ssl=1 400w, https:\/\/i0.wp.com\/eltrabajo.cl\/portal\/wp-content\/uploads\/2016\/01\/imputado-vif.jpg?w=530&amp;ssl=1 530w\" sizes=\"auto, (max-width: 300px) 100vw, 300px\" \/><figcaption id=\"caption-attachment-65985\" class=\"wp-caption-text\">El imputado fue detenido por Carabineros debiendo enfrentar a la justicia por un episodio de violencia intrafamiliar y agresi\u00f3n en contra de un carabinero de servicio.<\/figcaption><\/figure>\n<p>Un episodio de violencia intrafamiliar se registr\u00f3 la tarde este martes cuando un menor de edad alert\u00f3 a Carabineros de la localidad de Guzmanes, la ocurrencia de una violenta discusi\u00f3n con amenazas de muerte. Producto de lo anterior, un sujeto termin\u00f3 siendo detenido por estos hechos y por agredir a un efectivo policial.<br \/>\nEl delito se habr\u00eda producido a eso de las 17:00 horas, por lo que la polic\u00eda uniformada se traslad\u00f3 hasta una vivienda luego que uno de los hijos del matrimonio denunciara una fuerte discusi\u00f3n entre sus padres. Al llegar al lugar los efectivos policiales ingresaron al domicilio gracias a uno de los menores que facilit\u00f3 su entrada, comprobando el episodio de violencia familiar.<br \/>\nNo obstante, el imputado de iniciales G.E.A.G. al advertir la presencia de Carabineros, se alter\u00f3 tomando un palo para agredir al funcionario policial en el antebrazo, debiendo ser reducido y esposado por esta falta.<br \/>\nEl acusado debi\u00f3 enfrentar cargos de amenazas de muerte en contexto de violencia intrafamiliar y maltrato de obra a Carabineros en el Juzgado de Garant\u00eda de San Felipe. La Fiscal\u00eda ofreci\u00f3 la suspensi\u00f3n condicional del procedimiento toda vez que el imputado carec\u00eda de antecedentes penales.<br \/>\nEste tribunal asign\u00f3 como cautelares el abandono del domicilio y la prohibici\u00f3n de acercarse a la v\u00edctima mientras dure el proceso investigativo.<br \/>\n<strong>Pablo Salinas Sald\u00edas<\/strong><\/p>\n","protected":false},"excerpt":{"rendered":"<p>Un episodio de violencia intrafamiliar se registr\u00f3 la tarde este martes cuando un menor de edad alert\u00f3 a Carabineros de la localidad de Guzmanes, la ocurrencia de una violenta discusi\u00f3n con amenazas&#8230;<\/p>\n","protected":false},"author":482,"featured_media":65985,"comment_status":"open","ping_status":"open","sticky":false,"template":"","format":"standard","meta":{"advanced_seo_description":"","jetpack_seo_html_title":"","jetpack_seo_noindex":false,"_jetpack_memberships_contains_paid_content":false,"footnotes":""},"categories":[21],"tags":[],"class_list":["post-65984","post","type-post","status-publish","format-standard","has-post-thumbnail","hentry","category-policial"],"jetpack_featured_media_url":"https:\/\/i0.wp.com\/eltrabajo.cl\/portal\/wp-content\/uploads\/2016\/01\/imputado-vif.jpg?fit=530%2C349&ssl=1","jetpack_sharing_enabled":true,"jetpack_likes_enabled":true,"jetpack-related-posts":[],"_links":{"self":[{"href":"https:\/\/eltrabajo.cl\/portal\/wp-json\/wp\/v2\/posts\/65984","targetHints":{"allow":["GET"]}}],"collection":[{"href":"https:\/\/eltrabajo.cl\/portal\/wp-json\/wp\/v2\/posts"}],"about":[{"href":"https:\/\/eltrabajo.cl\/portal\/wp-json\/wp\/v2\/types\/post"}],"author":[{"embeddable":true,"href":"https:\/\/eltrabajo.cl\/portal\/wp-json\/wp\/v2\/users\/482"}],"replies":[{"embeddable":true,"href":"https:\/\/eltrabajo.cl\/portal\/wp-json\/wp\/v2\/comments?post=65984"}],"version-history":[{"count":0,"href":"https:\/\/eltrabajo.cl\/portal\/wp-json\/wp\/v2\/posts\/65984\/revisions"}],"wp:featuredmedia":[{"embeddable":true,"href":"https:\/\/eltrabajo.cl\/portal\/wp-json\/wp\/v2\/media\/65985"}],"wp:attachment":[{"href":"https:\/\/eltrabajo.cl\/portal\/wp-json\/wp\/v2\/media?parent=65984"}],"wp:term":[{"taxonomy":"category","embeddable":true,"href":"https:\/\/eltrabajo.cl\/portal\/wp-json\/wp\/v2\/categories?post=65984"},{"taxonomy":"post_tag","embeddable":true,"href":"https:\/\/eltrabajo.cl\/portal\/wp-json\/wp\/v2\/tags?post=65984"}],"curies":[{"name":"wp","href":"https:\/\/api.w.org\/{rel}","templated":true}]}}