{"id":65987,"date":"2016-01-20T09:47:31","date_gmt":"2016-01-20T12:47:31","guid":{"rendered":"http:\/\/www.eltrabajo.cl\/portal\/?p=65987"},"modified":"2016-01-20T09:51:04","modified_gmt":"2016-01-20T12:51:04","slug":"la-ley-noche-de-brujas-anita-tijoux-y-los-atletas-de-la-risa-en-festival-palmenia-pizarro-2016","status":"publish","type":"post","link":"https:\/\/eltrabajo.cl\/portal\/la-ley-noche-de-brujas-anita-tijoux-y-los-atletas-de-la-risa-en-festival-palmenia-pizarro-2016\/","title":{"rendered":"La Ley, Noche de Brujas, Anita Tijoux y Los Atletas de la Risa en \u00a0Festival Palmenia Pizarro 2016"},"content":{"rendered":"<figure id=\"attachment_65988\" aria-describedby=\"caption-attachment-65988\" style=\"width: 300px\" class=\"wp-caption alignleft\"><img data-recalc-dims=\"1\" loading=\"lazy\" decoding=\"async\" class=\"wp-image-65988 size-medium\" src=\"https:\/\/i0.wp.com\/www.eltrabajo.cl\/portal\/wp-content\/uploads\/2016\/01\/Festival-Palmenia-Pizarro-1-300x198.jpg?resize=300%2C198\" alt=\"El alcalde Patricio Freire se reuni\u00f3 con Beto Cuevas y los integrantes de La Ley, en la antesala de lo que ser\u00e1 su presentaci\u00f3n en el Festival Palmena Pizarro.\" width=\"300\" height=\"198\" srcset=\"https:\/\/i0.wp.com\/eltrabajo.cl\/portal\/wp-content\/uploads\/2016\/01\/Festival-Palmenia-Pizarro-1.jpg?resize=300%2C198&amp;ssl=1 300w, https:\/\/i0.wp.com\/eltrabajo.cl\/portal\/wp-content\/uploads\/2016\/01\/Festival-Palmenia-Pizarro-1.jpg?resize=200%2C132&amp;ssl=1 200w, https:\/\/i0.wp.com\/eltrabajo.cl\/portal\/wp-content\/uploads\/2016\/01\/Festival-Palmenia-Pizarro-1.jpg?resize=228%2C150&amp;ssl=1 228w, https:\/\/i0.wp.com\/eltrabajo.cl\/portal\/wp-content\/uploads\/2016\/01\/Festival-Palmenia-Pizarro-1.jpg?resize=400%2C263&amp;ssl=1 400w, https:\/\/i0.wp.com\/eltrabajo.cl\/portal\/wp-content\/uploads\/2016\/01\/Festival-Palmenia-Pizarro-1.jpg?w=530&amp;ssl=1 530w\" sizes=\"auto, (max-width: 300px) 100vw, 300px\" \/><figcaption id=\"caption-attachment-65988\" class=\"wp-caption-text\">El alcalde Patricio Freire se reuni\u00f3 con Beto Cuevas y los integrantes de La Ley, en la antesala de lo que ser\u00e1 su presentaci\u00f3n en el Festival Palmena Pizarro.<\/figcaption><\/figure>\n<p>Acompa\u00f1ado de Palmenia Pizarro, as\u00ed como de los rostros de televisi\u00f3n Ivette Vergara y Fernando Solabarrieta, en la ma\u00f1ana de ayer, en el Club Providencia de Santiago, el alcalde Patricio Freire efectu\u00f3 el lanzamiento del 17\u00b0 Festival de la Canci\u00f3n Palmenia Pizarro, ocasi\u00f3n en la que dio a conocer la parrilla oficial de artistas confirmados para las jornadas del 19 y 20 de febrero pr\u00f3ximo.<br \/>\nLa Ley, Myriam Hern\u00e1ndez, Noche de Brujas, Amar Azul, Anita Tijoux, Augusto Schuster, Consuelo Schuster, Los Atletas de la Risa y representando al Valle de Aconcagua, la gran Lucero Fern\u00e1ndez, ser\u00e1n los encargados de hacer inolvidables estas dos noches de festival.<br \/>\nAs\u00ed lo dio a conocer el alcalde Freire, quien se\u00f1al\u00f3 que \u201cpor d\u00e9cimo s\u00e9ptimo a\u00f1o consecutivo, rendimos homenaje a la gran Palmenia Pizarro, a trav\u00e9s de un festival que tiene una parrilla de artistas de renombre internacional, como es el caso de La Ley o Myriam Hern\u00e1ndez por ejemplo, que le dan la categor\u00eda a un evento donde queremos demostrar el enorme cari\u00f1o que le tiene toda la ciudad a nuestra embajadora cultural, como es Palmenia, quien ha llevado el nombre de San Felipe a todo el mundo\u201d.<\/p>\n<figure id=\"attachment_65989\" aria-describedby=\"caption-attachment-65989\" style=\"width: 300px\" class=\"wp-caption alignright\"><img data-recalc-dims=\"1\" loading=\"lazy\" decoding=\"async\" class=\"wp-image-65989 size-medium\" src=\"https:\/\/i0.wp.com\/www.eltrabajo.cl\/portal\/wp-content\/uploads\/2016\/01\/Festival-Palmenia-Pizarro-3-300x198.jpg?resize=300%2C198\" alt=\"Al lanzamiento del Festival asisti\u00f3 el alcalde Freire junto a Palmenia Pizarro, los animadores del Festival Ivette Vergara y Fernando Solabarrieta y la cantante Consuelo Schuster.\" width=\"300\" height=\"198\" srcset=\"https:\/\/i0.wp.com\/eltrabajo.cl\/portal\/wp-content\/uploads\/2016\/01\/Festival-Palmenia-Pizarro-3.jpg?resize=300%2C198&amp;ssl=1 300w, https:\/\/i0.wp.com\/eltrabajo.cl\/portal\/wp-content\/uploads\/2016\/01\/Festival-Palmenia-Pizarro-3.jpg?resize=200%2C132&amp;ssl=1 200w, https:\/\/i0.wp.com\/eltrabajo.cl\/portal\/wp-content\/uploads\/2016\/01\/Festival-Palmenia-Pizarro-3.jpg?resize=228%2C150&amp;ssl=1 228w, https:\/\/i0.wp.com\/eltrabajo.cl\/portal\/wp-content\/uploads\/2016\/01\/Festival-Palmenia-Pizarro-3.jpg?resize=400%2C263&amp;ssl=1 400w, https:\/\/i0.wp.com\/eltrabajo.cl\/portal\/wp-content\/uploads\/2016\/01\/Festival-Palmenia-Pizarro-3.jpg?w=530&amp;ssl=1 530w\" sizes=\"auto, (max-width: 300px) 100vw, 300px\" \/><figcaption id=\"caption-attachment-65989\" class=\"wp-caption-text\">Al lanzamiento del Festival asisti\u00f3 el alcalde Freire junto a Palmenia Pizarro, los animadores del Festival Ivette Vergara y Fernando Solabarrieta y la cantante Consuelo Schuster.<\/figcaption><\/figure>\n<p>En este mismo sentido, Palmenia Pizarro destac\u00f3 el hecho que el Festival considere en su parrilla a los nuevos cantantes, quienes est\u00e1n iniciando una carrera que ella asegura, ser\u00e1 m\u00e1s exitosa de lo que piensan, como es el caso de Augusto Schuster, Anita Tijoux y Consuelo Schuster.<br \/>\n\u201cPara m\u00ed es un verdadero orgullo que en mi ciudad haya un festival que lleve mi nombre. Pero mejor a\u00fan, que as\u00ed como considere presentaciones de artistas de renombre y con trayectoria, tambi\u00e9n incorpore a quienes est\u00e1n forjando una carrera reci\u00e9n. Lamentablemente no estar\u00e9 en San Felipe, porque tengo shows contratados en otras ciudades, pero mi gente sabe que yo estoy siempre junto a ellos\u201d, se\u00f1al\u00f3 la destacada artista sanfelipe\u00f1a.<br \/>\nFernando Solabarrieta en tanto, quien junto a su esposa Ivette por segundo a\u00f1o consecutivo ser\u00e1n los responsables de la animaci\u00f3n del Festival, se\u00f1al\u00f3 que \u201cel a\u00f1o pasado fue muy importante para m\u00ed este festival, porque me acompa\u00f1\u00f3 durante todo el 2015, al poco tiempo viv\u00ed un momento complicado en mi carrera, pero en todas las cosas que me pasaron, tuve la sensaci\u00f3n que el recuerdo de San Felipe me acompa\u00f1\u00f3 y fortaleci\u00f3, pues fue muy lindo recibir el cari\u00f1o de la gente. Por eso reencontrarme con ese cari\u00f1o, es algo muy potente\u201d.<br \/>\nDe la misma manera, Ivette Vergara, reconoci\u00f3 que la versi\u00f3n 2015 del Festival, fue la primera vez que hac\u00eda pareja en la animaci\u00f3n con su esposo Fernando, superando sus expectativas a pesar del nerviosismo, principalmente como resultado del cari\u00f1o de la gente de San Felipe y de todo el Valle de Aconcagua.<br \/>\n\u201cFue muy lindo el a\u00f1o pasado, para nosotros como matrimonio y como pareja de conductores en un festival tan lindo como es el Festival Palmenia Pizarro, por lo tanto este a\u00f1o nos esforzaremos a\u00fan m\u00e1s para retribuir el cari\u00f1o que el Valle de Aconcagua nos demostr\u00f3, porque nos entreg\u00f3 una energ\u00eda tan grande que nos acompa\u00f1\u00f3 durante todo el a\u00f1o\u201d, manifest\u00f3 Ivette Vergara.<br \/>\nSi bien en la conferencia de prensa de lanzamiento realizada al mediod\u00eda de este martes no estuvo presente el grupo La Ley, con posterioridad el alcalde Freire se reuni\u00f3 con Beto Cuevas y el resto de la banda. \u201cEn San Felipe vamos a tocar despu\u00e9s de mucho tiempo y para nosotros es una alegr\u00eda muy grande, porque no hab\u00edamos hecho una gira en nuestro pa\u00eds, por lo tanto el 19 de febrero estaremos en el Festival Palmenia Pizarro, rindiendo homenaje tambi\u00e9n a una de las grandes de la m\u00fasica nacional y en una ciudad que siempre nos ha recibido con mucho cari\u00f1o\u201d, se\u00f1al\u00f3 Beto Cuevas.<\/p>\n","protected":false},"excerpt":{"rendered":"<p>Acompa\u00f1ado de Palmenia Pizarro, as\u00ed como de los rostros de televisi\u00f3n Ivette Vergara y Fernando Solabarrieta, en la ma\u00f1ana de ayer, en el Club Providencia de Santiago, el alcalde Patricio Freire efectu\u00f3&#8230;<\/p>\n","protected":false},"author":482,"featured_media":65988,"comment_status":"open","ping_status":"open","sticky":false,"template":"","format":"standard","meta":{"advanced_seo_description":"","jetpack_seo_html_title":"","jetpack_seo_noindex":false,"_jetpack_memberships_contains_paid_content":false,"footnotes":""},"categories":[15],"tags":[],"class_list":["post-65987","post","type-post","status-publish","format-standard","has-post-thumbnail","hentry","category-comunidad"],"jetpack_featured_media_url":"https:\/\/i0.wp.com\/eltrabajo.cl\/portal\/wp-content\/uploads\/2016\/01\/Festival-Palmenia-Pizarro-1.jpg?fit=530%2C349&ssl=1","jetpack_sharing_enabled":true,"jetpack_likes_enabled":true,"jetpack-related-posts":[],"_links":{"self":[{"href":"https:\/\/eltrabajo.cl\/portal\/wp-json\/wp\/v2\/posts\/65987","targetHints":{"allow":["GET"]}}],"collection":[{"href":"https:\/\/eltrabajo.cl\/portal\/wp-json\/wp\/v2\/posts"}],"about":[{"href":"https:\/\/eltrabajo.cl\/portal\/wp-json\/wp\/v2\/types\/post"}],"author":[{"embeddable":true,"href":"https:\/\/eltrabajo.cl\/portal\/wp-json\/wp\/v2\/users\/482"}],"replies":[{"embeddable":true,"href":"https:\/\/eltrabajo.cl\/portal\/wp-json\/wp\/v2\/comments?post=65987"}],"version-history":[{"count":0,"href":"https:\/\/eltrabajo.cl\/portal\/wp-json\/wp\/v2\/posts\/65987\/revisions"}],"wp:featuredmedia":[{"embeddable":true,"href":"https:\/\/eltrabajo.cl\/portal\/wp-json\/wp\/v2\/media\/65988"}],"wp:attachment":[{"href":"https:\/\/eltrabajo.cl\/portal\/wp-json\/wp\/v2\/media?parent=65987"}],"wp:term":[{"taxonomy":"category","embeddable":true,"href":"https:\/\/eltrabajo.cl\/portal\/wp-json\/wp\/v2\/categories?post=65987"},{"taxonomy":"post_tag","embeddable":true,"href":"https:\/\/eltrabajo.cl\/portal\/wp-json\/wp\/v2\/tags?post=65987"}],"curies":[{"name":"wp","href":"https:\/\/api.w.org\/{rel}","templated":true}]}}