{"id":65991,"date":"2016-01-20T09:52:33","date_gmt":"2016-01-20T12:52:33","guid":{"rendered":"http:\/\/www.eltrabajo.cl\/portal\/?p=65991"},"modified":"2016-01-20T09:52:33","modified_gmt":"2016-01-20T12:52:33","slug":"hallan-a-indigente-muerto-hace-tres-dias-a-un-costado-de-la-linea-ferrea","status":"publish","type":"post","link":"https:\/\/eltrabajo.cl\/portal\/hallan-a-indigente-muerto-hace-tres-dias-a-un-costado-de-la-linea-ferrea\/","title":{"rendered":"Hallan a indigente muerto hace tres d\u00edas a un costado de la l\u00ednea f\u00e9rrea"},"content":{"rendered":"<figure id=\"attachment_65992\" aria-describedby=\"caption-attachment-65992\" style=\"width: 300px\" class=\"wp-caption alignleft\"><img data-recalc-dims=\"1\" loading=\"lazy\" decoding=\"async\" class=\"wp-image-65992 size-medium\" src=\"https:\/\/i0.wp.com\/www.eltrabajo.cl\/portal\/wp-content\/uploads\/2016\/01\/Comisario-Gino-Gutierrez-300x198.jpg?resize=300%2C198\" alt=\" El Jefe de la Brigada de Homicidios de la PDI de Los Andes, Comisario Gino Guti\u00e9rrez.\" width=\"300\" height=\"198\" srcset=\"https:\/\/i0.wp.com\/eltrabajo.cl\/portal\/wp-content\/uploads\/2016\/01\/Comisario-Gino-Gutierrez.jpg?resize=300%2C198&amp;ssl=1 300w, https:\/\/i0.wp.com\/eltrabajo.cl\/portal\/wp-content\/uploads\/2016\/01\/Comisario-Gino-Gutierrez.jpg?resize=200%2C132&amp;ssl=1 200w, https:\/\/i0.wp.com\/eltrabajo.cl\/portal\/wp-content\/uploads\/2016\/01\/Comisario-Gino-Gutierrez.jpg?resize=228%2C150&amp;ssl=1 228w, https:\/\/i0.wp.com\/eltrabajo.cl\/portal\/wp-content\/uploads\/2016\/01\/Comisario-Gino-Gutierrez.jpg?resize=400%2C263&amp;ssl=1 400w, https:\/\/i0.wp.com\/eltrabajo.cl\/portal\/wp-content\/uploads\/2016\/01\/Comisario-Gino-Gutierrez.jpg?w=530&amp;ssl=1 530w\" sizes=\"auto, (max-width: 300px) 100vw, 300px\" \/><figcaption id=\"caption-attachment-65992\" class=\"wp-caption-text\">El Jefe de la Brigada de Homicidios de la PDI de Los Andes, Comisario Gino Guti\u00e9rrez.<\/figcaption><\/figure>\n<ul>\n<li><strong>Alejandro Valdivia \u00c1lvarez ten\u00eda 71 a\u00f1os y viv\u00eda en situaci\u00f3n de calle, vecinos del sector advirtieron los malos olores producto de la descomposici\u00f3n del cuerpo del adulto mayor que fue visto con vida el pasado s\u00e1bado bebiendo alcohol.<\/strong><\/li>\n<\/ul>\n<p>En avanzado estado de putrefacci\u00f3n debido a las altas temperaturas registradas en la zona, fue hallado muerto un hombre de 71 a\u00f1os identificado como Alejandro Valdivia \u00c1lvarez, quien se encontraba en condici\u00f3n de indigente. Seg\u00fan testigos, la \u00faltima vez que habr\u00eda sido visto con vida ser\u00eda el pasado s\u00e1bado en el sector de la l\u00ednea f\u00e9rrea de Llay Llay donde acostumbraba a pernoctar.<br \/>\nEl hallazgo se denunci\u00f3 la tarde-noche de este lunes, cuando vecinos del sector comenzaron a sentir malos olores advirtiendo que el indigente no ten\u00eda movilidad al encontrarse tendido, requiriendo la presencia de Carabineros que concurri\u00f3 al lugar verificando los hechos.<br \/>\nPor disposici\u00f3n de la Fiscal\u00eda, las diligencias del caso fueron encabezadas por la Brigada de Homicidios de la Polic\u00eda de Investigaciones de Los Andes cerca de las 21:00 horas constado el estado cadav\u00e9rico de un adulto mayor de sexo masculino.<br \/>\nSeg\u00fan los antecedentes proporcionados por la polic\u00eda civil, el hombre en situaci\u00f3n de calle habr\u00eda sido visto con vida el pasado s\u00e1bado bebiendo alcohol, presumi\u00e9ndose que ese mismo d\u00eda habr\u00eda fallecido. No obstante, debido al avanzado estado de descomposici\u00f3n la causa de muerte a\u00fan se mantiene indeterminada, debiendo ser establecida por el Servicio M\u00e9dico Legal de San Felipe.<br \/>\n\u201cSe trata de una persona indigente en situaci\u00f3n de calle, seg\u00fan testigos el pasado s\u00e1bado lo hab\u00edan visto bebiendo en la l\u00ednea f\u00e9rrea donde acostumbraba pernoctar y el d\u00eda lunes fue hallado en la misma posici\u00f3n que el d\u00eda s\u00e1bado por lo que se presume que haya fallecido ese mismo d\u00eda. En estos momentos se est\u00e1 realizando la autopsia en el Servicio M\u00e9dico Legal de San Felipe\u201d, afirm\u00f3 a Diario El Trabajo, el Comisario de Investigaciones Gino Guti\u00e9rrez.<br \/>\nEl oficial agreg\u00f3 que externamente el cuerpo no manten\u00eda lesiones atribuibles a terceras personas. \u201cSu muerte qued\u00f3 indeterminada en estudio debido al avanzado estado putrefacci\u00f3n por las altas temperaturas que afectaron la zona, aumentando los fen\u00f3menos cadav\u00e9ricos. Vecinos se percataron que la persona que no ten\u00eda movilidad, que no reaccionaba, dando cuenta a Carabineros\u201d sostuvo el Jefe de Brigada de Homicidios de la PDI.<br \/>\n<strong>Pablo Salinas Sald\u00edas<\/strong><\/p>\n","protected":false},"excerpt":{"rendered":"<p>Alejandro Valdivia \u00c1lvarez ten\u00eda 71 a\u00f1os y viv\u00eda en situaci\u00f3n de calle, vecinos del sector advirtieron los malos olores producto de la descomposici\u00f3n del cuerpo del adulto mayor que fue visto con&#8230;<\/p>\n","protected":false},"author":482,"featured_media":65992,"comment_status":"open","ping_status":"open","sticky":false,"template":"","format":"standard","meta":{"advanced_seo_description":"","jetpack_seo_html_title":"","jetpack_seo_noindex":false,"_jetpack_memberships_contains_paid_content":false,"footnotes":""},"categories":[21],"tags":[],"class_list":["post-65991","post","type-post","status-publish","format-standard","has-post-thumbnail","hentry","category-policial"],"jetpack_featured_media_url":"https:\/\/i0.wp.com\/eltrabajo.cl\/portal\/wp-content\/uploads\/2016\/01\/Comisario-Gino-Gutierrez.jpg?fit=530%2C349&ssl=1","jetpack_sharing_enabled":true,"jetpack_likes_enabled":true,"jetpack-related-posts":[],"_links":{"self":[{"href":"https:\/\/eltrabajo.cl\/portal\/wp-json\/wp\/v2\/posts\/65991","targetHints":{"allow":["GET"]}}],"collection":[{"href":"https:\/\/eltrabajo.cl\/portal\/wp-json\/wp\/v2\/posts"}],"about":[{"href":"https:\/\/eltrabajo.cl\/portal\/wp-json\/wp\/v2\/types\/post"}],"author":[{"embeddable":true,"href":"https:\/\/eltrabajo.cl\/portal\/wp-json\/wp\/v2\/users\/482"}],"replies":[{"embeddable":true,"href":"https:\/\/eltrabajo.cl\/portal\/wp-json\/wp\/v2\/comments?post=65991"}],"version-history":[{"count":0,"href":"https:\/\/eltrabajo.cl\/portal\/wp-json\/wp\/v2\/posts\/65991\/revisions"}],"wp:featuredmedia":[{"embeddable":true,"href":"https:\/\/eltrabajo.cl\/portal\/wp-json\/wp\/v2\/media\/65992"}],"wp:attachment":[{"href":"https:\/\/eltrabajo.cl\/portal\/wp-json\/wp\/v2\/media?parent=65991"}],"wp:term":[{"taxonomy":"category","embeddable":true,"href":"https:\/\/eltrabajo.cl\/portal\/wp-json\/wp\/v2\/categories?post=65991"},{"taxonomy":"post_tag","embeddable":true,"href":"https:\/\/eltrabajo.cl\/portal\/wp-json\/wp\/v2\/tags?post=65991"}],"curies":[{"name":"wp","href":"https:\/\/api.w.org\/{rel}","templated":true}]}}