{"id":65994,"date":"2016-01-20T09:53:48","date_gmt":"2016-01-20T12:53:48","guid":{"rendered":"http:\/\/www.eltrabajo.cl\/portal\/?p=65994"},"modified":"2016-01-20T09:53:48","modified_gmt":"2016-01-20T12:53:48","slug":"delincuentes-provocan-multiples-lesiones-a-director-de-radio-fm-vida-tras-emboscarlo","status":"publish","type":"post","link":"https:\/\/eltrabajo.cl\/portal\/delincuentes-provocan-multiples-lesiones-a-director-de-radio-fm-vida-tras-emboscarlo\/","title":{"rendered":"Delincuentes provocan m\u00faltiples lesiones a director de Radio FM Vida tras emboscarlo"},"content":{"rendered":"<figure id=\"attachment_65995\" aria-describedby=\"caption-attachment-65995\" style=\"width: 300px\" class=\"wp-caption alignleft\"><img data-recalc-dims=\"1\" loading=\"lazy\" decoding=\"async\" class=\"wp-image-65995 size-medium\" src=\"https:\/\/i0.wp.com\/www.eltrabajo.cl\/portal\/wp-content\/uploads\/2016\/01\/patricio-gallardo-asaltado-300x198.jpg?resize=300%2C198\" alt=\"Director de Radio FM Vida de Putaendo y v\u00edctima de asalto, Patricio Gallardo Montenegro.\" width=\"300\" height=\"198\" srcset=\"https:\/\/i0.wp.com\/eltrabajo.cl\/portal\/wp-content\/uploads\/2016\/01\/patricio-gallardo-asaltado.jpg?resize=300%2C198&amp;ssl=1 300w, https:\/\/i0.wp.com\/eltrabajo.cl\/portal\/wp-content\/uploads\/2016\/01\/patricio-gallardo-asaltado.jpg?resize=200%2C132&amp;ssl=1 200w, https:\/\/i0.wp.com\/eltrabajo.cl\/portal\/wp-content\/uploads\/2016\/01\/patricio-gallardo-asaltado.jpg?resize=228%2C150&amp;ssl=1 228w, https:\/\/i0.wp.com\/eltrabajo.cl\/portal\/wp-content\/uploads\/2016\/01\/patricio-gallardo-asaltado.jpg?resize=400%2C263&amp;ssl=1 400w, https:\/\/i0.wp.com\/eltrabajo.cl\/portal\/wp-content\/uploads\/2016\/01\/patricio-gallardo-asaltado.jpg?w=530&amp;ssl=1 530w\" sizes=\"auto, (max-width: 300px) 100vw, 300px\" \/><figcaption id=\"caption-attachment-65995\" class=\"wp-caption-text\">Director de Radio FM Vida de Putaendo y v\u00edctima de asalto, Patricio Gallardo Montenegro.<\/figcaption><\/figure>\n<ul>\n<li><strong>Antisociales simularon falso hallazgo de un veh\u00edculo al interior del Callej\u00f3n Lo Aranda en Quebrada Herrera, donde maniataron al reportero y le robaron su veh\u00edculo, que luego fue recuperado gracias a un sistema de control satelital.<\/strong><\/li>\n<\/ul>\n<p><strong>PUTAENDO<\/strong>.- Una traum\u00e1tica experiencia vivi\u00f3 el director de Radio FM Vida de Putaendo, y corresponsal de Diario El Trabajo en la comuna, Patricio Gallardo Montenegro, luego que dos delincuentes lo emboscaran para golpearlo y asaltarlo, arrebat\u00e1ndole incluso su veh\u00edculo al interior de la localidad de Quebrada Herrera.<br \/>\nEl hecho ocurri\u00f3 pasadas las 21:15 horas del lunes, cuando Gallardo recibi\u00f3 un llamado telef\u00f3nico que daba cuenta del hallazgo de un veh\u00edculo que permanec\u00eda en el lugar con las puertas abiertas aproximadamente desde las 16:00 horas de este lunes, en un estrecho camino al interior del Callej\u00f3n Lo Aranda, en las inmediaciones del R\u00edo Putaendo.<br \/>\nNo obstante, antes de trasladarse al lugar el reportero dio aviso a Carabineros, pero ellos tuvieron inconvenientes para llegar al sitio con una de sus unidades. Sin importar lo anterior, Gallardo acudi\u00f3 hasta el lugar, encontr\u00e1ndose con dos sujetos que le consultaron si ven\u00eda desde Radio Vida y luego de confirmar su identidad, los antisociales comenzaron a golpearlo en su rostro y extremidades, adem\u00e1s de lanzar insultos y amenazas de muerte.<br \/>\nTras la golpiza, ambos delincuentes le arrebataron las llaves de su veh\u00edculo, sin embargo, el sistema de monitoreo permiti\u00f3 bloquear el funcionamiento del m\u00f3vil, ante lo cual los antisociales decidieron dejarlo abandonado un par de kil\u00f3metros m\u00e1s arriba, siendo encontrado en las cercan\u00edas del Puente 21 de Mayo.<br \/>\nCarabineros de Putaendo encontr\u00f3 al locutor putaendino desorientado en las inmediaciones del r\u00edo, por lo que fue trasladado hasta el Hospital San Antonio donde se le constataron m\u00faltiples lesiones faciales y en extremidades.<br \/>\n<strong>Patricio Gallardo M.<\/strong><\/p>\n","protected":false},"excerpt":{"rendered":"<p>Antisociales simularon falso hallazgo de un veh\u00edculo al interior del Callej\u00f3n Lo Aranda en Quebrada Herrera, donde maniataron al reportero y le robaron su veh\u00edculo, que luego fue recuperado gracias a un&#8230;<\/p>\n","protected":false},"author":482,"featured_media":65995,"comment_status":"open","ping_status":"open","sticky":false,"template":"","format":"standard","meta":{"advanced_seo_description":"","jetpack_seo_html_title":"","jetpack_seo_noindex":false,"_jetpack_memberships_contains_paid_content":false,"footnotes":""},"categories":[21],"tags":[],"class_list":["post-65994","post","type-post","status-publish","format-standard","has-post-thumbnail","hentry","category-policial"],"jetpack_featured_media_url":"https:\/\/i0.wp.com\/eltrabajo.cl\/portal\/wp-content\/uploads\/2016\/01\/patricio-gallardo-asaltado.jpg?fit=530%2C349&ssl=1","jetpack_sharing_enabled":true,"jetpack_likes_enabled":true,"jetpack-related-posts":[],"_links":{"self":[{"href":"https:\/\/eltrabajo.cl\/portal\/wp-json\/wp\/v2\/posts\/65994","targetHints":{"allow":["GET"]}}],"collection":[{"href":"https:\/\/eltrabajo.cl\/portal\/wp-json\/wp\/v2\/posts"}],"about":[{"href":"https:\/\/eltrabajo.cl\/portal\/wp-json\/wp\/v2\/types\/post"}],"author":[{"embeddable":true,"href":"https:\/\/eltrabajo.cl\/portal\/wp-json\/wp\/v2\/users\/482"}],"replies":[{"embeddable":true,"href":"https:\/\/eltrabajo.cl\/portal\/wp-json\/wp\/v2\/comments?post=65994"}],"version-history":[{"count":0,"href":"https:\/\/eltrabajo.cl\/portal\/wp-json\/wp\/v2\/posts\/65994\/revisions"}],"wp:featuredmedia":[{"embeddable":true,"href":"https:\/\/eltrabajo.cl\/portal\/wp-json\/wp\/v2\/media\/65995"}],"wp:attachment":[{"href":"https:\/\/eltrabajo.cl\/portal\/wp-json\/wp\/v2\/media?parent=65994"}],"wp:term":[{"taxonomy":"category","embeddable":true,"href":"https:\/\/eltrabajo.cl\/portal\/wp-json\/wp\/v2\/categories?post=65994"},{"taxonomy":"post_tag","embeddable":true,"href":"https:\/\/eltrabajo.cl\/portal\/wp-json\/wp\/v2\/tags?post=65994"}],"curies":[{"name":"wp","href":"https:\/\/api.w.org\/{rel}","templated":true}]}}