{"id":65999,"date":"2016-01-21T09:28:37","date_gmt":"2016-01-21T12:28:37","guid":{"rendered":"http:\/\/www.eltrabajo.cl\/portal\/?p=65999"},"modified":"2016-01-21T09:28:37","modified_gmt":"2016-01-21T12:28:37","slug":"en-la-interna-del-uni-lamentan-no-jugar-en-el-municipal","status":"publish","type":"post","link":"https:\/\/eltrabajo.cl\/portal\/en-la-interna-del-uni-lamentan-no-jugar-en-el-municipal\/","title":{"rendered":"En la interna del Un\u00ed lamentan no jugar en el Municipal"},"content":{"rendered":"<figure id=\"attachment_66000\" aria-describedby=\"caption-attachment-66000\" style=\"width: 300px\" class=\"wp-caption alignleft\"><img data-recalc-dims=\"1\" loading=\"lazy\" decoding=\"async\" class=\"wp-image-66000 size-medium\" src=\"https:\/\/i0.wp.com\/www.eltrabajo.cl\/portal\/wp-content\/uploads\/2016\/01\/corengia-300x197.jpg?resize=300%2C197\" alt=\"Para el entrenador del Un\u00ed todo se podr\u00eda haber evitado con una adecuada comunicaci\u00f3n entre los encargados del recinto y el club.\" width=\"300\" height=\"197\" srcset=\"https:\/\/i0.wp.com\/eltrabajo.cl\/portal\/wp-content\/uploads\/2016\/01\/corengia.jpg?resize=300%2C197&amp;ssl=1 300w, https:\/\/i0.wp.com\/eltrabajo.cl\/portal\/wp-content\/uploads\/2016\/01\/corengia.jpg?resize=200%2C131&amp;ssl=1 200w, https:\/\/i0.wp.com\/eltrabajo.cl\/portal\/wp-content\/uploads\/2016\/01\/corengia.jpg?resize=228%2C150&amp;ssl=1 228w, https:\/\/i0.wp.com\/eltrabajo.cl\/portal\/wp-content\/uploads\/2016\/01\/corengia.jpg?resize=400%2C263&amp;ssl=1 400w, https:\/\/i0.wp.com\/eltrabajo.cl\/portal\/wp-content\/uploads\/2016\/01\/corengia.jpg?w=530&amp;ssl=1 530w\" sizes=\"auto, (max-width: 300px) 100vw, 300px\" \/><figcaption id=\"caption-attachment-66000\" class=\"wp-caption-text\">Para el entrenador del Un\u00ed todo se podr\u00eda haber evitado con una adecuada comunicaci\u00f3n entre los encargados del recinto y el club.<\/figcaption><\/figure>\n<ul>\n<li><strong>Cuerpo t\u00e9cnico y jugadores concuerdan en que en las actuales condiciones es imposible jugar en el Municipal.<\/strong><\/li>\n<\/ul>\n<p>En la interna del Un\u00ed Un\u00ed no cay\u00f3 bien el hecho de tener que jugar frente a Coquimbo Unido en la comuna de Maip\u00fa, pero tanto los jugadores y cuerpo t\u00e9cnico concuerdan en que esa es la mejor soluci\u00f3n, ya que las actuales condiciones del c\u00e9sped del estadio Municipal hacen que sea imposible jugar en el reducto de la avenida Maip\u00fa.<br \/>\nEl Trabajo Deportivo estuvo presente en el Complejo Deportivo unionista para conocer las impresiones de algunos jugadores y el entrenador sobre la situaci\u00f3n actual, capturando las declaraciones de Germ\u00e1n Corengia y los volantes Maximiliano Pighin, Francisco Ayala y Brayan Valdivia.<br \/>\nCorengia: \u201cTodo pasa por una adecuada comunicaci\u00f3n\u201d.<br \/>\n<strong>&#8211; Germ\u00e1n, todo indica que trasladar el partido era lo m\u00e1s l\u00f3gico <\/strong><\/p>\n<figure id=\"attachment_66001\" aria-describedby=\"caption-attachment-66001\" style=\"width: 300px\" class=\"wp-caption alignright\"><img data-recalc-dims=\"1\" loading=\"lazy\" decoding=\"async\" class=\"wp-image-66001 size-medium\" src=\"https:\/\/i0.wp.com\/www.eltrabajo.cl\/portal\/wp-content\/uploads\/2016\/01\/maxi-ighin-300x197.jpg?resize=300%2C197\" alt=\"El volante Maximiliano Pighin lament\u00f3 que no se pueda jugar en el Municipal pero est\u00e1 plenamente de acuerdo con la medida.\" width=\"300\" height=\"197\" srcset=\"https:\/\/i0.wp.com\/eltrabajo.cl\/portal\/wp-content\/uploads\/2016\/01\/maxi-ighin.jpg?resize=300%2C197&amp;ssl=1 300w, https:\/\/i0.wp.com\/eltrabajo.cl\/portal\/wp-content\/uploads\/2016\/01\/maxi-ighin.jpg?resize=200%2C131&amp;ssl=1 200w, https:\/\/i0.wp.com\/eltrabajo.cl\/portal\/wp-content\/uploads\/2016\/01\/maxi-ighin.jpg?resize=228%2C150&amp;ssl=1 228w, https:\/\/i0.wp.com\/eltrabajo.cl\/portal\/wp-content\/uploads\/2016\/01\/maxi-ighin.jpg?resize=400%2C263&amp;ssl=1 400w, https:\/\/i0.wp.com\/eltrabajo.cl\/portal\/wp-content\/uploads\/2016\/01\/maxi-ighin.jpg?w=530&amp;ssl=1 530w\" sizes=\"auto, (max-width: 300px) 100vw, 300px\" \/><figcaption id=\"caption-attachment-66001\" class=\"wp-caption-text\">El volante Maximiliano Pighin lament\u00f3 que no se pueda jugar en el Municipal pero est\u00e1 plenamente de acuerdo con la medida.<\/figcaption><\/figure>\n<p><strong>&#8211;<\/strong> Claro y es muy obvio que no podemos jugar en un campo as\u00ed, pero tambi\u00e9n es muy il\u00f3gico jugar fuera de nuestra casa y resignar la local\u00eda; considero que todo lo que est\u00e1 pasando en una falta de respeto a la instituci\u00f3n y a la ciudad, porque quieran o no, Uni\u00f3n San Felipe representa a esta comuna.<br \/>\n<strong>&#8211; \u00bfC\u00f3mo toman todo esto?<\/strong><br \/>\n<strong>&#8211;<\/strong> Hay que dar vuelta la p\u00e1gina y no seguir pegados en este asunto, ahora solo pensamos en que jugaremos en Maip\u00fa y es ah\u00ed donde tenemos que hacernos fuertes, si seguimos pensando en el tema de la cancha ser\u00eda contraproducente.<br \/>\n<strong>&#8211; \u00bfC\u00f3mo podr\u00eda haberse evitado todo esto?<\/strong><br \/>\n<strong>&#8211;<\/strong> Llevo cinco a\u00f1os en Chile y en todos los clubes en que he estado, los estadios son municipales, pero hab\u00eda una comunicaci\u00f3n constante con los encargados de los recintos para no alterar las respectivas planificaciones. Creo que todo pasa por una adecuada comunicaci\u00f3n; es evidente y comprensible que la comunidad tenga el derecho a participar de una actividad de entretenci\u00f3n (31 Minutos), pero creo que con tiempo todo se puede mejorar y estas cosas se podr\u00edan manejar mucho mejor.<\/p>\n<p><strong>Hablan los jugadores:<\/strong><br \/>\nPor su parte, Francisco Ayala, Brayan Valdivia y Maximiliano Pighin expusieron la posici\u00f3n del plantel:<br \/>\n&#8211; Francisco Ayala: \u201cSon cosas que a nosotros no nos competen y sea donde tengamos que jugar habr\u00e1 que tratar de ganar, creo que las condiciones no estaban para jugar en el Municipal; practicamos toda la semana en canchas buenas y jugar en una mala es m\u00e1s perjudicial para Uni\u00f3n San Felipe que el rival de turno\u201d.<br \/>\n&#8211; Brayan Valdivia: \u201cEn el recinto que estemos debemos ganar igual, esa es nuestra meta, igual se echar\u00e1 de menos a nuestra gente (hinchada) pero deberemos superar esas cosas para ganar\u201d.<br \/>\n&#8211; Maximiliano Pighin: \u201cEs una l\u00e1stima tener que salir de San Felipe, pero si la cancha no est\u00e1 en condiciones no hay otra alternativa, solo hay que tomarlo de la mejor manera\u201d.<\/p>\n","protected":false},"excerpt":{"rendered":"<p>Cuerpo t\u00e9cnico y jugadores concuerdan en que en las actuales condiciones es imposible jugar en el Municipal. En la interna del Un\u00ed Un\u00ed no cay\u00f3 bien el hecho de tener que jugar&#8230;<\/p>\n","protected":false},"author":482,"featured_media":66000,"comment_status":"open","ping_status":"open","sticky":false,"template":"","format":"standard","meta":{"advanced_seo_description":"","jetpack_seo_html_title":"","jetpack_seo_noindex":false,"_jetpack_memberships_contains_paid_content":false,"footnotes":""},"categories":[19],"tags":[],"class_list":["post-65999","post","type-post","status-publish","format-standard","has-post-thumbnail","hentry","category-deportes"],"jetpack_featured_media_url":"https:\/\/i0.wp.com\/eltrabajo.cl\/portal\/wp-content\/uploads\/2016\/01\/corengia.jpg?fit=530%2C348&ssl=1","jetpack_sharing_enabled":true,"jetpack_likes_enabled":true,"jetpack-related-posts":[],"_links":{"self":[{"href":"https:\/\/eltrabajo.cl\/portal\/wp-json\/wp\/v2\/posts\/65999","targetHints":{"allow":["GET"]}}],"collection":[{"href":"https:\/\/eltrabajo.cl\/portal\/wp-json\/wp\/v2\/posts"}],"about":[{"href":"https:\/\/eltrabajo.cl\/portal\/wp-json\/wp\/v2\/types\/post"}],"author":[{"embeddable":true,"href":"https:\/\/eltrabajo.cl\/portal\/wp-json\/wp\/v2\/users\/482"}],"replies":[{"embeddable":true,"href":"https:\/\/eltrabajo.cl\/portal\/wp-json\/wp\/v2\/comments?post=65999"}],"version-history":[{"count":0,"href":"https:\/\/eltrabajo.cl\/portal\/wp-json\/wp\/v2\/posts\/65999\/revisions"}],"wp:featuredmedia":[{"embeddable":true,"href":"https:\/\/eltrabajo.cl\/portal\/wp-json\/wp\/v2\/media\/66000"}],"wp:attachment":[{"href":"https:\/\/eltrabajo.cl\/portal\/wp-json\/wp\/v2\/media?parent=65999"}],"wp:term":[{"taxonomy":"category","embeddable":true,"href":"https:\/\/eltrabajo.cl\/portal\/wp-json\/wp\/v2\/categories?post=65999"},{"taxonomy":"post_tag","embeddable":true,"href":"https:\/\/eltrabajo.cl\/portal\/wp-json\/wp\/v2\/tags?post=65999"}],"curies":[{"name":"wp","href":"https:\/\/api.w.org\/{rel}","templated":true}]}}