{"id":66011,"date":"2016-01-21T09:32:48","date_gmt":"2016-01-21T12:32:48","guid":{"rendered":"http:\/\/www.eltrabajo.cl\/portal\/?p=66011"},"modified":"2016-01-21T09:32:48","modified_gmt":"2016-01-21T12:32:48","slug":"certifican-a-25-adultos-mayores-de-los-andes-que-participaron-en-programa-vinculos","status":"publish","type":"post","link":"https:\/\/eltrabajo.cl\/portal\/certifican-a-25-adultos-mayores-de-los-andes-que-participaron-en-programa-vinculos\/","title":{"rendered":"Certifican a 25 adultos mayores de Los Andes que participaron en programa V\u00ednculos"},"content":{"rendered":"<figure id=\"attachment_66012\" aria-describedby=\"caption-attachment-66012\" style=\"width: 300px\" class=\"wp-caption alignleft\"><img data-recalc-dims=\"1\" loading=\"lazy\" decoding=\"async\" class=\"wp-image-66012 size-medium\" src=\"https:\/\/i0.wp.com\/www.eltrabajo.cl\/portal\/wp-content\/uploads\/2016\/01\/Programa-vinculos-Los-Andes-300x198.jpg?resize=300%2C198\" alt=\"El alcalde Mauricio Navarro junto a la gobernadora Mar\u00eda Victoria Rodr\u00edguez, certificaron a 25 adultos mayores que culminaron el programa V\u00ednculos, realizado por el Ministerio de Desarrollo Social y ejecutado por el municipio.\" width=\"300\" height=\"198\" srcset=\"https:\/\/i0.wp.com\/eltrabajo.cl\/portal\/wp-content\/uploads\/2016\/01\/Programa-vinculos-Los-Andes.jpg?resize=300%2C198&amp;ssl=1 300w, https:\/\/i0.wp.com\/eltrabajo.cl\/portal\/wp-content\/uploads\/2016\/01\/Programa-vinculos-Los-Andes.jpg?resize=200%2C132&amp;ssl=1 200w, https:\/\/i0.wp.com\/eltrabajo.cl\/portal\/wp-content\/uploads\/2016\/01\/Programa-vinculos-Los-Andes.jpg?resize=227%2C150&amp;ssl=1 227w, https:\/\/i0.wp.com\/eltrabajo.cl\/portal\/wp-content\/uploads\/2016\/01\/Programa-vinculos-Los-Andes.jpg?resize=400%2C264&amp;ssl=1 400w, https:\/\/i0.wp.com\/eltrabajo.cl\/portal\/wp-content\/uploads\/2016\/01\/Programa-vinculos-Los-Andes.jpg?w=530&amp;ssl=1 530w\" sizes=\"auto, (max-width: 300px) 100vw, 300px\" \/><figcaption id=\"caption-attachment-66012\" class=\"wp-caption-text\">El alcalde Mauricio Navarro junto a la gobernadora Mar\u00eda Victoria Rodr\u00edguez, certificaron a 25 adultos mayores que culminaron el programa V\u00ednculos, realizado por el Ministerio de Desarrollo Social y ejecutado por el municipio.<\/figcaption><\/figure>\n<ol>\n<li><strong>Trabajaron en \u00e1reas de intervenci\u00f3n sociolaboral y psicosocial en las que se realizaron nueve sesiones grupales<\/strong><\/li>\n<\/ol>\n<p><strong>LOS ANDES<\/strong>.- Un grupo de 25 adultos mayores andinos fueron certificados en el Centro Cultural por su participaci\u00f3n en el programa V\u00ednculos, proyecto financiado por el Ministerio de Desarrollo Social y ejecutado por el municipio.<br \/>\nLa duraci\u00f3n del programa fue de un a\u00f1o, per\u00edodo en la cual los adultos mayores trabajaron en \u00e1reas de intervenci\u00f3n sociolaboral y psicosocial en las que se realizaron nueve sesiones grupales que consideraron tem\u00e1ticas de inter\u00e9s para el adulto mayor, tales como conocimiento e integraci\u00f3n grupal, comunicaci\u00f3n con otros, autocuidado, que entrego de m\u00ed al grupo, identidad personal y sentido de vida, permanecer al volante de la vida, mitos sobre la vejez y el envejecimiento, memoria y c\u00f3mo organizarse para seguir juntos.<br \/>\nCertificados por la gobernadora provincial de Los Andes, Mar\u00eda Victoria Rodr\u00edguez, y el alcalde de Los Andes, Mauricio Navarro, las 25 personas mayores se mostraron satisfechas por el trabajo y la coordinaci\u00f3n realizada por los encargados de los talleres, impartidos en la Biblioteca Municipal.<br \/>\nLa gobernadora provincial de Los Andes, Mar\u00eda Victoria Rodr\u00edguez, manifest\u00f3 que \u00abeste programa implica la atenci\u00f3n de adultos mayores que viven solos en condiciones de vulnerabilidad de acuerdo a la Ficha de Protecci\u00f3n Social y ahora al nuevo Registro Social de Hogares, que permite vincularse con sus derechos, instituciones que trabajan temas de adulto mayor, y esto permite que a partir de este programa, se estrechen relaciones entre todos y mejoren su calidad de vida. Se valora la intervenci\u00f3n, los lazos de comunicaci\u00f3n desarrollados entre los monitores, los asistentes sociales, el municipio, que ha permitido llegar a buen t\u00e9rmino a los 25 adultos mayores que participaron de este programa, tomados en cuenta por el Gobierno de la Presidenta Michelle Bachelet, que ve con buenos ojos este programa\u00bb.<br \/>\nMar\u00eda Gallardo, quien particip\u00f3 del programa, agradeci\u00f3 la posibilidad de participar de este proyecto, expresando que \u00abnos dej\u00f3 experiencias muy buenas. Aprendimos a hacer gimnasia para el adulto mayor, porque no es cualquier gimnasia, la coordinadora tiene mucho carisma, nos habla cosas, a valorarnos, a que todos deben respetar nuestros derechos. Muy bien el programa, y ojal\u00e1 se prolongue\u00bb.<br \/>\nCabe mencionar que para el a\u00f1o 2016 ya est\u00e1n aprobados los recursos que permitir\u00e1n entregar una s\u00e9ptima versi\u00f3n del programa V\u00ednculos en la comuna, el cual se desarrollar\u00e1 durante dos a\u00f1os.<\/p>\n","protected":false},"excerpt":{"rendered":"<p>Trabajaron en \u00e1reas de intervenci\u00f3n sociolaboral y psicosocial en las que se realizaron nueve sesiones grupales LOS ANDES.- Un grupo de 25 adultos mayores andinos fueron certificados en el Centro Cultural por&#8230;<\/p>\n","protected":false},"author":482,"featured_media":66012,"comment_status":"open","ping_status":"open","sticky":false,"template":"","format":"standard","meta":{"advanced_seo_description":"","jetpack_seo_html_title":"","jetpack_seo_noindex":false,"_jetpack_memberships_contains_paid_content":false,"footnotes":""},"categories":[15],"tags":[],"class_list":["post-66011","post","type-post","status-publish","format-standard","has-post-thumbnail","hentry","category-comunidad"],"jetpack_featured_media_url":"https:\/\/i0.wp.com\/eltrabajo.cl\/portal\/wp-content\/uploads\/2016\/01\/Programa-vinculos-Los-Andes.jpg?fit=530%2C350&ssl=1","jetpack_sharing_enabled":true,"jetpack_likes_enabled":true,"jetpack-related-posts":[],"_links":{"self":[{"href":"https:\/\/eltrabajo.cl\/portal\/wp-json\/wp\/v2\/posts\/66011","targetHints":{"allow":["GET"]}}],"collection":[{"href":"https:\/\/eltrabajo.cl\/portal\/wp-json\/wp\/v2\/posts"}],"about":[{"href":"https:\/\/eltrabajo.cl\/portal\/wp-json\/wp\/v2\/types\/post"}],"author":[{"embeddable":true,"href":"https:\/\/eltrabajo.cl\/portal\/wp-json\/wp\/v2\/users\/482"}],"replies":[{"embeddable":true,"href":"https:\/\/eltrabajo.cl\/portal\/wp-json\/wp\/v2\/comments?post=66011"}],"version-history":[{"count":0,"href":"https:\/\/eltrabajo.cl\/portal\/wp-json\/wp\/v2\/posts\/66011\/revisions"}],"wp:featuredmedia":[{"embeddable":true,"href":"https:\/\/eltrabajo.cl\/portal\/wp-json\/wp\/v2\/media\/66012"}],"wp:attachment":[{"href":"https:\/\/eltrabajo.cl\/portal\/wp-json\/wp\/v2\/media?parent=66011"}],"wp:term":[{"taxonomy":"category","embeddable":true,"href":"https:\/\/eltrabajo.cl\/portal\/wp-json\/wp\/v2\/categories?post=66011"},{"taxonomy":"post_tag","embeddable":true,"href":"https:\/\/eltrabajo.cl\/portal\/wp-json\/wp\/v2\/tags?post=66011"}],"curies":[{"name":"wp","href":"https:\/\/api.w.org\/{rel}","templated":true}]}}