{"id":66014,"date":"2016-01-21T09:34:01","date_gmt":"2016-01-21T12:34:01","guid":{"rendered":"http:\/\/www.eltrabajo.cl\/portal\/?p=66014"},"modified":"2016-01-21T09:34:01","modified_gmt":"2016-01-21T12:34:01","slug":"telescopio-bochum-de-calle-larga-es-el-mas-potente-de-la-region-de-valparaiso","status":"publish","type":"post","link":"https:\/\/eltrabajo.cl\/portal\/telescopio-bochum-de-calle-larga-es-el-mas-potente-de-la-region-de-valparaiso\/","title":{"rendered":"Telescopio \u2018Bochum\u2019 de Calle Larga es el m\u00e1s potente de la Regi\u00f3n de Valpara\u00edso"},"content":{"rendered":"<figure id=\"attachment_66015\" aria-describedby=\"caption-attachment-66015\" style=\"width: 300px\" class=\"wp-caption alignleft\"><img data-recalc-dims=\"1\" loading=\"lazy\" decoding=\"async\" class=\"wp-image-66015 size-medium\" src=\"https:\/\/i0.wp.com\/www.eltrabajo.cl\/portal\/wp-content\/uploads\/2016\/01\/Telescopio-Bochum-Calle-Larga-2-300x197.jpg?resize=300%2C197\" alt=\"El telescopio \u2018Bochum\u2019, instalado en Calle Larga, posee un espejo de 61cm. y pesa 3 toneladas y est\u00e1 destinado a la investigaci\u00f3n y de divulgaci\u00f3n cient\u00edfica. \" width=\"300\" height=\"197\" srcset=\"https:\/\/i0.wp.com\/eltrabajo.cl\/portal\/wp-content\/uploads\/2016\/01\/Telescopio-Bochum-Calle-Larga-2.jpg?resize=300%2C197&amp;ssl=1 300w, https:\/\/i0.wp.com\/eltrabajo.cl\/portal\/wp-content\/uploads\/2016\/01\/Telescopio-Bochum-Calle-Larga-2.jpg?resize=200%2C131&amp;ssl=1 200w, https:\/\/i0.wp.com\/eltrabajo.cl\/portal\/wp-content\/uploads\/2016\/01\/Telescopio-Bochum-Calle-Larga-2.jpg?resize=228%2C150&amp;ssl=1 228w, https:\/\/i0.wp.com\/eltrabajo.cl\/portal\/wp-content\/uploads\/2016\/01\/Telescopio-Bochum-Calle-Larga-2.jpg?resize=400%2C263&amp;ssl=1 400w, https:\/\/i0.wp.com\/eltrabajo.cl\/portal\/wp-content\/uploads\/2016\/01\/Telescopio-Bochum-Calle-Larga-2.jpg?w=530&amp;ssl=1 530w\" sizes=\"auto, (max-width: 300px) 100vw, 300px\" \/><figcaption id=\"caption-attachment-66015\" class=\"wp-caption-text\">El telescopio \u2018Bochum\u2019, instalado en Calle Larga, posee un espejo de 61cm. y pesa 3 toneladas y est\u00e1 destinado a la investigaci\u00f3n y de divulgaci\u00f3n cient\u00edfica.<\/figcaption><\/figure>\n<ul>\n<li><strong>Telescopio \u2018Bochum\u2019 fue trasladado directamente desde el Observatorio de La Silla hasta Calle Larga<\/strong><\/li>\n<\/ul>\n<p><strong>CALLE LARGA<\/strong>.- Hace unos d\u00edas se concret\u00f3 un hito en la historia de Calle Larga: la instalaci\u00f3n del telescopio \u2018Bochum\u2019, que durante a\u00f1os fue parte fundamental de la observaci\u00f3n astron\u00f3mica realizada en el Observatorio La Silla y que lleg\u00f3 a esta comuna para aportar con el desarrollo de la astronom\u00eda en nuestra regi\u00f3n.<br \/>\nEste telescopio fue instalado gracias a la firma del convenio de cooperaci\u00f3n entre la Universidad de Valpara\u00edso y la Municipalidad de Calle Larga quienes buscan potenciar la ciencia y la tecnolog\u00eda a trav\u00e9s de esta nueva c\u00fapula para el observatorio Pocuro.<br \/>\nEste telescopio durante a\u00f1os permaneci\u00f3 en el Observatorio La Silla en la Tercera Regi\u00f3n y es el instrumento \u00f3ptico m\u00e1s grande que se haya instalado en la Regi\u00f3n de Valpara\u00edso y por tanto el m\u00e1s potente para la observaci\u00f3n directa que hay en Chile, posee un espejo de 61cm. y pesa 3 toneladas y su uso tendr\u00e1 dos fines: investigaci\u00f3n y de divulgaci\u00f3n cient\u00edfica.<br \/>\nDe esta forma Calle Larga concentrar\u00e1 el 90% de la capacidad astron\u00f3mica de la regi\u00f3n al contar con dos telescopios de nivel cient\u00edfico, telescopios solares de \u00faltima generaci\u00f3n, adem\u00e1s de contar con la Agrupaci\u00f3n Astron\u00f3mica Aconcagua y Astronom\u00eda en todas las escuelas, por lo tanto en nuestra comuna habr\u00e1 una generaci\u00f3n con acceso igualitario a los instrumentos cient\u00edficos de \u00faltima generaci\u00f3n y que tendr\u00e1 a Chile en la pr\u00f3xima d\u00e9cada con el 70% de la observaci\u00f3n mundial.<br \/>\nPara el alcalde Nelson Venegas la instalaci\u00f3n del telescopio es un sue\u00f1o que gracias a organismos p\u00fablicos y privados se pudo concretar.<br \/>\n\u201cLa instalaci\u00f3n del telescopio hace que nuestra comuna se transforme en una potencia nacional en la observaci\u00f3n astron\u00f3mica. Este es el puntapi\u00e9 inicial para el desarrollo de otros proyectos ligados a la astronom\u00eda. Le pedimos colaboraci\u00f3n a la comunidad educativa y acad\u00e9mica, espec\u00edficamente a la Universidad de Valpara\u00edso, porque sabemos que este es un terreno f\u00e9rtil donde podemos desarrollar proyectos bastante grandes desde la perspectiva acad\u00e9mica, tecnol\u00f3gica y de las ciencias\u201d, sostuvo el alcalde Nelson Venegas, quien adem\u00e1s agradeci\u00f3 la colaboraci\u00f3n del Gerente General de Steel Ferrovial y vicepresidente de la Corporaci\u00f3n Pro Aconcagua, Cristian Vizcaya Jaramillo, por el pr\u00e9stamo de un veh\u00edculo que permiti\u00f3 el desmontaje del telescopio desde el Observatorio La Silla.<br \/>\nPor su parte Yerko Chac\u00f3n, director del Observatorio Pocuro entreg\u00f3 detalles sobre el funcionamiento del telescopio en la comuna.<br \/>\n\u201cLa Universidad de Valpara\u00edso fue fundamental en el desarrollo de este proyecto. Un setenta por ciento de la observaci\u00f3n estar\u00e1 a cargo de la Universidad de Valpara\u00edso y el treinta por ciento restante se repartir\u00e1 entre divulgaci\u00f3n astron\u00f3mica e investigaci\u00f3n aficionada\u201d, sostuvo Yerko Chac\u00f3n.<br \/>\nEl doctor Nikolaus Vogt, docente del Instituto de F\u00edsica y Astronom\u00eda de la Universidad de Valpara\u00edso, explic\u00f3 los usos que se le pueden dar a potente telescopio Bochum.<br \/>\n\u201cCon este telescopio se puede ver directamente los cr\u00e1teres de la luna, la Nebulosa de Ori\u00f3n, c\u00famulos estelares, se ven muy bien en este telescopio. Eso lo hacen los aficionados, los astr\u00f3nomos usan un instrumento que analiza la luz, ese an\u00e1lisis se puede obtener nuevos conocimientos en publicaciones a nivel internacional. Este telescopio permitir\u00e1 desarrollar la docencia ya que los estudiantes podr\u00e1n visitar y utilizar este telescopio, conociendo el m\u00e9todo y las t\u00e9cnicas que utilizan los astr\u00f3nomos en la observaci\u00f3n\u201d, manifest\u00f3 el profesor Vogt.<br \/>\nCabe se\u00f1alar que el telescopio Bochum de 0,61 metros se instal\u00f3 en La Silla en 1968, tras un acuerdo tripartito entre ESO, la Deutsche Forschungsgemeinschaft (Fundaci\u00f3n Alemana de Investigaci\u00f3n) y la Universidad de Bochum.<\/p>\n","protected":false},"excerpt":{"rendered":"<p>Telescopio \u2018Bochum\u2019 fue trasladado directamente desde el Observatorio de La Silla hasta Calle Larga CALLE LARGA.- Hace unos d\u00edas se concret\u00f3 un hito en la historia de Calle Larga: la instalaci\u00f3n del&#8230;<\/p>\n","protected":false},"author":482,"featured_media":66015,"comment_status":"open","ping_status":"open","sticky":false,"template":"","format":"standard","meta":{"advanced_seo_description":"","jetpack_seo_html_title":"","jetpack_seo_noindex":false,"_jetpack_memberships_contains_paid_content":false,"footnotes":""},"categories":[15],"tags":[],"class_list":["post-66014","post","type-post","status-publish","format-standard","has-post-thumbnail","hentry","category-comunidad"],"jetpack_featured_media_url":"https:\/\/i0.wp.com\/eltrabajo.cl\/portal\/wp-content\/uploads\/2016\/01\/Telescopio-Bochum-Calle-Larga-2.jpg?fit=530%2C348&ssl=1","jetpack_sharing_enabled":true,"jetpack_likes_enabled":true,"jetpack-related-posts":[],"_links":{"self":[{"href":"https:\/\/eltrabajo.cl\/portal\/wp-json\/wp\/v2\/posts\/66014","targetHints":{"allow":["GET"]}}],"collection":[{"href":"https:\/\/eltrabajo.cl\/portal\/wp-json\/wp\/v2\/posts"}],"about":[{"href":"https:\/\/eltrabajo.cl\/portal\/wp-json\/wp\/v2\/types\/post"}],"author":[{"embeddable":true,"href":"https:\/\/eltrabajo.cl\/portal\/wp-json\/wp\/v2\/users\/482"}],"replies":[{"embeddable":true,"href":"https:\/\/eltrabajo.cl\/portal\/wp-json\/wp\/v2\/comments?post=66014"}],"version-history":[{"count":0,"href":"https:\/\/eltrabajo.cl\/portal\/wp-json\/wp\/v2\/posts\/66014\/revisions"}],"wp:featuredmedia":[{"embeddable":true,"href":"https:\/\/eltrabajo.cl\/portal\/wp-json\/wp\/v2\/media\/66015"}],"wp:attachment":[{"href":"https:\/\/eltrabajo.cl\/portal\/wp-json\/wp\/v2\/media?parent=66014"}],"wp:term":[{"taxonomy":"category","embeddable":true,"href":"https:\/\/eltrabajo.cl\/portal\/wp-json\/wp\/v2\/categories?post=66014"},{"taxonomy":"post_tag","embeddable":true,"href":"https:\/\/eltrabajo.cl\/portal\/wp-json\/wp\/v2\/tags?post=66014"}],"curies":[{"name":"wp","href":"https:\/\/api.w.org\/{rel}","templated":true}]}}