{"id":66017,"date":"2016-01-21T09:35:19","date_gmt":"2016-01-21T12:35:19","guid":{"rendered":"http:\/\/www.eltrabajo.cl\/portal\/?p=66017"},"modified":"2016-01-21T09:35:19","modified_gmt":"2016-01-21T12:35:19","slug":"estudiante-andino-viajara-junto-a-trece-escolares-chilenos-a-ee-uu-como-embajadores-jovenes","status":"publish","type":"post","link":"https:\/\/eltrabajo.cl\/portal\/estudiante-andino-viajara-junto-a-trece-escolares-chilenos-a-ee-uu-como-embajadores-jovenes\/","title":{"rendered":"Estudiante andino viajar\u00e1 junto a trece escolares chilenos a EE.UU como Embajadores J\u00f3venes"},"content":{"rendered":"<figure id=\"attachment_66018\" aria-describedby=\"caption-attachment-66018\" style=\"width: 300px\" class=\"wp-caption alignleft\"><img data-recalc-dims=\"1\" loading=\"lazy\" decoding=\"async\" class=\"wp-image-66018 size-medium\" src=\"https:\/\/i0.wp.com\/www.eltrabajo.cl\/portal\/wp-content\/uploads\/2016\/01\/Vicente-Salas-Ramirez-estudiante-Liceo-Max-Salas-300x197.jpg?resize=300%2C197\" alt=\"Vicente Salas Ram\u00edrez, estudiante del Liceo Max Salas fue el \u00fanico seleccionado de la Quinta Regi\u00f3n para participar del programa Youth Ambassadors.\" width=\"300\" height=\"197\" srcset=\"https:\/\/i0.wp.com\/eltrabajo.cl\/portal\/wp-content\/uploads\/2016\/01\/Vicente-Salas-Ramirez-estudiante-Liceo-Max-Salas.jpg?resize=300%2C197&amp;ssl=1 300w, https:\/\/i0.wp.com\/eltrabajo.cl\/portal\/wp-content\/uploads\/2016\/01\/Vicente-Salas-Ramirez-estudiante-Liceo-Max-Salas.jpg?resize=200%2C131&amp;ssl=1 200w, https:\/\/i0.wp.com\/eltrabajo.cl\/portal\/wp-content\/uploads\/2016\/01\/Vicente-Salas-Ramirez-estudiante-Liceo-Max-Salas.jpg?resize=228%2C150&amp;ssl=1 228w, https:\/\/i0.wp.com\/eltrabajo.cl\/portal\/wp-content\/uploads\/2016\/01\/Vicente-Salas-Ramirez-estudiante-Liceo-Max-Salas.jpg?resize=400%2C263&amp;ssl=1 400w, https:\/\/i0.wp.com\/eltrabajo.cl\/portal\/wp-content\/uploads\/2016\/01\/Vicente-Salas-Ramirez-estudiante-Liceo-Max-Salas.jpg?w=530&amp;ssl=1 530w\" sizes=\"auto, (max-width: 300px) 100vw, 300px\" \/><figcaption id=\"caption-attachment-66018\" class=\"wp-caption-text\">Vicente Salas Ram\u00edrez, estudiante del Liceo Max Salas fue el \u00fanico seleccionado de la Quinta Regi\u00f3n para participar del programa Youth Ambassadors.<\/figcaption><\/figure>\n<ul>\n<li><strong>Vicente Salas Ram\u00edrez fue seleccionado para participar de este programa de actividades culturales y turismo.<\/strong><\/li>\n<\/ul>\n<p><strong>LOS ANDES<\/strong>.- El alumno del Liceo Max Salas Vicente Andr\u00e9s Salas Ram\u00edrez fue seleccionado dentro de los trece estudiantes de colegios p\u00fablicos y subvencionados de distintas regiones del pa\u00eds para representar a Chile en la iniciativa denominada Embajadores J\u00f3venes en los Estados Unidos.<br \/>\nLos escolares, de entre 15 y 17 a\u00f1os, viajar\u00e1n al pa\u00eds del norte por tres semanas, del 16 de marzo al 6 de abril, donde realizar\u00e1n un intenso programa de actividades culturales y de turismo, y tendr\u00e1n oportunidades de conocer directamente a la sociedad estadounidense viviendo con familias, visitando colegios, y participando en actividades sociales y de voluntariado.<br \/>\nEl objetivo del programa Embajadores J\u00f3venes (Youth Ambassadors) es ayudar a escolares talentosos a desarrollar sus habilidades de liderazgo personal y alto sentido de responsabilidad c\u00edvica para que sean adultos comprometidos con el desarrollo de su comunidad. Otro objetivo es promover el respeto mutuo y la tolerancia entre j\u00f3venes de diferentes etnias, religiones, y grupos nacionales, y apoyarlos en la creaci\u00f3n de redes hemisf\u00e9ricas.<br \/>\nEl programa es desarrollado en Chile por World Learning, y cuenta con el patrocinio y financiamiento de la Oficina de Educaci\u00f3n y Asuntos Culturales del Departamento de Estado de EE.UU. a trav\u00e9s de la Embajada de los EE.UU. en Santiago.<br \/>\nLos estudiantes chilenos fueron seleccionados por destacarse por su liderazgo, compromiso con su comunidad, buen desempe\u00f1o acad\u00e9mico y habilidad en el idioma ingl\u00e9s.<br \/>\nJunto a los escolares viajar\u00e1n dos mentores adultos, quienes tambi\u00e9n fueron escogidos a trav\u00e9s de un concurso abierto.<br \/>\nAdem\u00e1s de acompa\u00f1ar a los Embajadores J\u00f3venes en su recorrido, se encargar\u00e1n de apoyarlos en la implementaci\u00f3n de proyectos tras su regreso.<br \/>\nEn el caso de Vicente, se trata del \u00fanico estudiante de la Quinta Regi\u00f3n seleccionado para este programa.<\/p>\n","protected":false},"excerpt":{"rendered":"<p>Vicente Salas Ram\u00edrez fue seleccionado para participar de este programa de actividades culturales y turismo. LOS ANDES.- El alumno del Liceo Max Salas Vicente Andr\u00e9s Salas Ram\u00edrez fue seleccionado dentro de los&#8230;<\/p>\n","protected":false},"author":482,"featured_media":66018,"comment_status":"open","ping_status":"open","sticky":false,"template":"","format":"standard","meta":{"advanced_seo_description":"","jetpack_seo_html_title":"","jetpack_seo_noindex":false,"_jetpack_memberships_contains_paid_content":false,"footnotes":""},"categories":[1],"tags":[],"class_list":["post-66017","post","type-post","status-publish","format-standard","has-post-thumbnail","hentry","category-cronica"],"jetpack_featured_media_url":"https:\/\/i0.wp.com\/eltrabajo.cl\/portal\/wp-content\/uploads\/2016\/01\/Vicente-Salas-Ramirez-estudiante-Liceo-Max-Salas.jpg?fit=530%2C348&ssl=1","jetpack_sharing_enabled":true,"jetpack_likes_enabled":true,"jetpack-related-posts":[],"_links":{"self":[{"href":"https:\/\/eltrabajo.cl\/portal\/wp-json\/wp\/v2\/posts\/66017","targetHints":{"allow":["GET"]}}],"collection":[{"href":"https:\/\/eltrabajo.cl\/portal\/wp-json\/wp\/v2\/posts"}],"about":[{"href":"https:\/\/eltrabajo.cl\/portal\/wp-json\/wp\/v2\/types\/post"}],"author":[{"embeddable":true,"href":"https:\/\/eltrabajo.cl\/portal\/wp-json\/wp\/v2\/users\/482"}],"replies":[{"embeddable":true,"href":"https:\/\/eltrabajo.cl\/portal\/wp-json\/wp\/v2\/comments?post=66017"}],"version-history":[{"count":0,"href":"https:\/\/eltrabajo.cl\/portal\/wp-json\/wp\/v2\/posts\/66017\/revisions"}],"wp:featuredmedia":[{"embeddable":true,"href":"https:\/\/eltrabajo.cl\/portal\/wp-json\/wp\/v2\/media\/66018"}],"wp:attachment":[{"href":"https:\/\/eltrabajo.cl\/portal\/wp-json\/wp\/v2\/media?parent=66017"}],"wp:term":[{"taxonomy":"category","embeddable":true,"href":"https:\/\/eltrabajo.cl\/portal\/wp-json\/wp\/v2\/categories?post=66017"},{"taxonomy":"post_tag","embeddable":true,"href":"https:\/\/eltrabajo.cl\/portal\/wp-json\/wp\/v2\/tags?post=66017"}],"curies":[{"name":"wp","href":"https:\/\/api.w.org\/{rel}","templated":true}]}}