{"id":66020,"date":"2016-01-21T09:38:57","date_gmt":"2016-01-21T12:38:57","guid":{"rendered":"http:\/\/www.eltrabajo.cl\/portal\/?p=66020"},"modified":"2016-01-21T09:38:57","modified_gmt":"2016-01-21T12:38:57","slug":"calle-benigno-caldera-es-renovada-con-proyecto-que-bordea-los-500-millones-de-pesos","status":"publish","type":"post","link":"https:\/\/eltrabajo.cl\/portal\/calle-benigno-caldera-es-renovada-con-proyecto-que-bordea-los-500-millones-de-pesos\/","title":{"rendered":"Calle Benigno Caldera es renovada con proyecto que bordea los 500 millones de pesos"},"content":{"rendered":"<figure id=\"attachment_66021\" aria-describedby=\"caption-attachment-66021\" style=\"width: 300px\" class=\"wp-caption alignleft\"><img data-recalc-dims=\"1\" loading=\"lazy\" decoding=\"async\" class=\"wp-image-66021 size-medium\" src=\"https:\/\/i0.wp.com\/www.eltrabajo.cl\/portal\/wp-content\/uploads\/2016\/01\/FOTO-1-LOS-TRABAJOS-DE-REPOSICION-DE-PAVIMENTO-300x197.jpg?resize=300%2C197\" alt=\"Los trabajos de reposici\u00f3n de pavimento en veredas se encuentran en plena ejecuci\u00f3n a la altura de la cancha de la poblaci\u00f3n El Esfuerzo.\" width=\"300\" height=\"197\" srcset=\"https:\/\/i0.wp.com\/eltrabajo.cl\/portal\/wp-content\/uploads\/2016\/01\/FOTO-1-LOS-TRABAJOS-DE-REPOSICION-DE-PAVIMENTO.jpg?resize=300%2C197&amp;ssl=1 300w, https:\/\/i0.wp.com\/eltrabajo.cl\/portal\/wp-content\/uploads\/2016\/01\/FOTO-1-LOS-TRABAJOS-DE-REPOSICION-DE-PAVIMENTO.jpg?resize=200%2C131&amp;ssl=1 200w, https:\/\/i0.wp.com\/eltrabajo.cl\/portal\/wp-content\/uploads\/2016\/01\/FOTO-1-LOS-TRABAJOS-DE-REPOSICION-DE-PAVIMENTO.jpg?resize=228%2C150&amp;ssl=1 228w, https:\/\/i0.wp.com\/eltrabajo.cl\/portal\/wp-content\/uploads\/2016\/01\/FOTO-1-LOS-TRABAJOS-DE-REPOSICION-DE-PAVIMENTO.jpg?resize=400%2C263&amp;ssl=1 400w, https:\/\/i0.wp.com\/eltrabajo.cl\/portal\/wp-content\/uploads\/2016\/01\/FOTO-1-LOS-TRABAJOS-DE-REPOSICION-DE-PAVIMENTO.jpg?w=530&amp;ssl=1 530w\" sizes=\"auto, (max-width: 300px) 100vw, 300px\" \/><figcaption id=\"caption-attachment-66021\" class=\"wp-caption-text\">Los trabajos de reposici\u00f3n de pavimento en veredas se encuentran en plena ejecuci\u00f3n a la altura de la cancha de la poblaci\u00f3n El Esfuerzo.<\/figcaption><\/figure>\n<ul>\n<li><strong>Proyecto tiene un plazo de ejecuci\u00f3n de 240 d\u00edas y tiene la particularidad de que las veredas ser\u00e1n repuestas con hormig\u00f3n impreso, dise\u00f1o que asemeja la presencia de adoquines.<\/strong><\/li>\n<\/ul>\n<p>\u201cYo llevo 40 a\u00f1os aqu\u00ed y durante ese tiempo nunca vimos mejoras en nuestro sector\u201d, de esta forma Luis Saa Olivares, vecino de poblaci\u00f3n Parras\u00eda y propietario del Quiosco de diarios de la esquina de Justo Estay con Benigno Caldera, valor\u00f3 las obras de mejoramiento de calzada y veredas que est\u00e1 realizando la Municipalidad de San Felipe en esta \u00faltima arteria, proyecto con un costo cercano de 497 millones de pesos y que es financiado por el Fondo Nacional de Desarrollo Regional, FNDR.<br \/>\nSeg\u00fan explic\u00f3 Claudio Paredes, Director de la Secretar\u00eda Comunal de Planificaci\u00f3n, Secpla, los trabajos contemplan la restituci\u00f3n del pavimento tanto en la acera como en las veredas, con hormig\u00f3n impreso en estas \u00faltimas, extensi\u00f3n que abarca unos 420 metros lineales entre la avenida Diego de Almagro y Costanera Poniente y que tienen un plazo de ejecuci\u00f3n cercano a los 8 meses.<br \/>\n\u201cEste proyecto adem\u00e1s de contemplar el mejoramiento integral de la calzada, tambi\u00e9n conlleva ciclo v\u00edas, de tal manera de aportar con otra cantidad de metros lineales a lo que hoy est\u00e1 haciendo el Ministerio de Vivienda en este \u00e1mbito\u2026habr\u00e1 reposici\u00f3n de \u00e1rboles donde corresponda para mejorar tambi\u00e9n la parte medioambiental de este sector\u201d, describi\u00f3 Paredes.<br \/>\nJunto con lo anterior, el profesional se\u00f1al\u00f3 que de forma paralela los trabajos permitir\u00e1n mejorar la recepci\u00f3n de aguas lluvias que llegan a este lugar desde gran parte de la ciudad y que provocan constantes anegamientos, detallando que \u201cse van a construir 5 sumideros de irrigaci\u00f3n, de manera que el agua que llegue al final de la avenida no sea en gran cantidad como ocurre hasta ahora\u201d, puntualiz\u00f3.<br \/>\nUno de los puntos importantes de estos trabajos de reconstituci\u00f3n de pavimento en Parras\u00eda, es que tambi\u00e9n ser\u00e1 asfaltada la popular bajada hacia el sector de las pozas, Complejo del F\u00fatbol Amateur y de Uni\u00f3n San Felipe, la cual constituye un verdadero dolor de cabeza para los automovilistas que transitan hacia o desde la parte baja. De esta forma, el nuevo pavimento quedar\u00e1 justo a la altura de los accesos a villa Departamental (al sur) y la futura extensi\u00f3n de la Costanera Poniente (al norte).<br \/>\nPor \u00faltimo, Paredes asegur\u00f3 que estas obras est\u00e1n enmarcadas en el plan de inversiones que tiene considerado el municipio para todo el sector poniente de la comuna de San Felipe, dentro del cual, ya se realiz\u00f3 la instalaci\u00f3n de iluminarias LED en el sector bajo de Parras\u00eda y el saneamiento del alcantarillado y agua potable del lugar.<br \/>\nEl alcalde Patricio Freire afirm\u00f3 que estos trabajos tienen una enorme repercusi\u00f3n social ya que \u201cBenigno Caldera es una calle estructurante, muy importante para la comuna. Los vecinos nos hab\u00edan solicitado un arreglo de los pavimentos que estaban quebrados y en malas condiciones\u201d, destac\u00f3.<br \/>\nAs\u00ed mismo, Freire argument\u00f3 que \u201cestamos dando un salto cualitativo importante en los sue\u00f1os de los vecinos del sector, ellos nos ped\u00edan que nos preocup\u00e1ramos de estos espacios que estaban como ajenos al desarrollo de la ciudad y afortunadamente hoy estamos construyendo juntos un San Felipe grande y mejor\u201d, enfatiz\u00f3.<br \/>\nBernab\u00e9 Alcota, dirigente barrial y vecino de la Poblaci\u00f3n El Esfuerzo, se encarg\u00f3 de respaldar los dichos del edil sanfelipe\u00f1o, argumentando que \u201cas\u00ed es como se trabaja para echar andar una ciudad, dando respuesta a los requerimientos de los vecinos, con la mejora de nuestras plazuelas o con el arreglo de estaba bajada, que en los inviernos sufr\u00eda mucho con toda el agua que nosotros recibimos de la zona centro de San Felipe\u201d, puntualiz\u00f3.<br \/>\nRespecto de cu\u00e1les son los beneficios que dejan a la comunidad este tipo de proyectos, el dirigente agreg\u00f3 que \u201cestas mejoras nos dan desplazamientos libres, c\u00f3modos, bonitos, son casi 50 a\u00f1os pr\u00e1cticamente que no se hac\u00eda nada, hoy tenemos un San Felipe m\u00e1s hermoso\u2026con esto nos sentimos m\u00e1s tomados en cuenta, aceptados\u201d, narr\u00f3.<\/p>\n<div class=\"tiled-gallery type-rectangular tiled-gallery-unresized\" data-original-width=\"640\" data-carousel-extra='null' itemscope itemtype=\"http:\/\/schema.org\/ImageGallery\" > <div class=\"gallery-row\" style=\"width: 640px; height: 282px;\" data-original-width=\"640\" data-original-height=\"282\" > <div class=\"gallery-group images-1\" style=\"width: 428px; height: 282px;\" data-original-width=\"428\" data-original-height=\"282\" > <div class=\"tiled-gallery-item tiled-gallery-item-large\" itemprop=\"associatedMedia\" itemscope itemtype=\"http:\/\/schema.org\/ImageObject\"> <a href=\"https:\/\/eltrabajo.cl\/portal\/calle-benigno-caldera-es-renovada-con-proyecto-que-bordea-los-500-millones-de-pesos\/foto-2-las-nuevas-veredas-seran-con-hormi\/\" border=\"0\" itemprop=\"url\"> <meta itemprop=\"width\" content=\"424\"> <meta itemprop=\"height\" content=\"278\"> <img decoding=\"async\" class=\"\" data-attachment-id=\"66022\" data-orig-file=\"https:\/\/eltrabajo.cl\/portal\/wp-content\/uploads\/2016\/01\/FOTO-2-LAS-NUEVAS-VEREDAS-SERAN-CON-HORMI.jpg\" data-orig-size=\"530,348\" data-comments-opened=\"1\" data-image-meta=\"{&quot;aperture&quot;:&quot;0&quot;,&quot;credit&quot;:&quot;&quot;,&quot;camera&quot;:&quot;&quot;,&quot;caption&quot;:&quot;&quot;,&quot;created_timestamp&quot;:&quot;0&quot;,&quot;copyright&quot;:&quot;Copyright 2012&quot;,&quot;focal_length&quot;:&quot;0&quot;,&quot;iso&quot;:&quot;0&quot;,&quot;shutter_speed&quot;:&quot;0&quot;,&quot;title&quot;:&quot;&quot;,&quot;orientation&quot;:&quot;0&quot;}\" data-image-title=\"FOTO 2 LAS NUEVAS VEREDAS SERAN CON HORMI\" data-image-description=\"&lt;p&gt;Las nuevas veredas ser\u00e1n con hormig\u00f3n impreso, cuyo dise\u00f1o asimila la presencia de adoquines.&lt;\/p&gt; \" data-medium-file=\"https:\/\/i0.wp.com\/eltrabajo.cl\/portal\/wp-content\/uploads\/2016\/01\/FOTO-2-LAS-NUEVAS-VEREDAS-SERAN-CON-HORMI.jpg?fit=300%2C197&#038;ssl=1\" data-large-file=\"https:\/\/i0.wp.com\/eltrabajo.cl\/portal\/wp-content\/uploads\/2016\/01\/FOTO-2-LAS-NUEVAS-VEREDAS-SERAN-CON-HORMI.jpg?fit=530%2C348&#038;ssl=1\" src=\"https:\/\/i0.wp.com\/eltrabajo.cl\/portal\/wp-content\/uploads\/2016\/01\/FOTO-2-LAS-NUEVAS-VEREDAS-SERAN-CON-HORMI.jpg?w=424&#038;h=278&#038;ssl=1\" srcset=\"https:\/\/i0.wp.com\/eltrabajo.cl\/portal\/wp-content\/uploads\/2016\/01\/FOTO-2-LAS-NUEVAS-VEREDAS-SERAN-CON-HORMI.jpg?w=530&amp;ssl=1 530w, https:\/\/i0.wp.com\/eltrabajo.cl\/portal\/wp-content\/uploads\/2016\/01\/FOTO-2-LAS-NUEVAS-VEREDAS-SERAN-CON-HORMI.jpg?resize=200%2C131&amp;ssl=1 200w, https:\/\/i0.wp.com\/eltrabajo.cl\/portal\/wp-content\/uploads\/2016\/01\/FOTO-2-LAS-NUEVAS-VEREDAS-SERAN-CON-HORMI.jpg?resize=300%2C197&amp;ssl=1 300w, https:\/\/i0.wp.com\/eltrabajo.cl\/portal\/wp-content\/uploads\/2016\/01\/FOTO-2-LAS-NUEVAS-VEREDAS-SERAN-CON-HORMI.jpg?resize=228%2C150&amp;ssl=1 228w, https:\/\/i0.wp.com\/eltrabajo.cl\/portal\/wp-content\/uploads\/2016\/01\/FOTO-2-LAS-NUEVAS-VEREDAS-SERAN-CON-HORMI.jpg?resize=400%2C263&amp;ssl=1 400w\" width=\"424\" height=\"278\" loading=\"lazy\" data-original-width=\"424\" data-original-height=\"278\" itemprop=\"http:\/\/schema.org\/image\" title=\"FOTO 2 LAS NUEVAS VEREDAS SERAN CON HORMI\" alt=\"Las nuevas veredas ser\u00e1n con hormig\u00f3n impreso, cuyo dise\u00f1o asimila la presencia de adoquines.\" style=\"width: 424px; height: 278px;\" \/> <\/a> <div class=\"tiled-gallery-caption\" itemprop=\"caption description\"> Las nuevas veredas ser\u00e1n con hormig\u00f3n impreso, cuyo dise\u00f1o asimila la presencia de adoquines. <\/div> <\/div> <\/div> <!-- close group --> <div class=\"gallery-group images-2\" style=\"width: 212px; height: 282px;\" data-original-width=\"212\" data-original-height=\"282\" > <div class=\"tiled-gallery-item tiled-gallery-item-small\" itemprop=\"associatedMedia\" itemscope itemtype=\"http:\/\/schema.org\/ImageObject\"> <a href=\"https:\/\/eltrabajo.cl\/portal\/calle-benigno-caldera-es-renovada-con-proyecto-que-bordea-los-500-millones-de-pesos\/foto-3-el-tramo-entre-justo-estay-y-costanera\/\" border=\"0\" itemprop=\"url\"> <meta itemprop=\"width\" content=\"208\"> <meta itemprop=\"height\" content=\"137\"> <img decoding=\"async\" class=\"\" data-attachment-id=\"66023\" data-orig-file=\"https:\/\/eltrabajo.cl\/portal\/wp-content\/uploads\/2016\/01\/FOTO-3-EL-TRAMO-ENTRE-JUSTO-ESTAY-Y-COSTANERA.jpg\" data-orig-size=\"530,348\" data-comments-opened=\"1\" data-image-meta=\"{&quot;aperture&quot;:&quot;0&quot;,&quot;credit&quot;:&quot;&quot;,&quot;camera&quot;:&quot;&quot;,&quot;caption&quot;:&quot;&quot;,&quot;created_timestamp&quot;:&quot;0&quot;,&quot;copyright&quot;:&quot;Copyright 2012&quot;,&quot;focal_length&quot;:&quot;0&quot;,&quot;iso&quot;:&quot;0&quot;,&quot;shutter_speed&quot;:&quot;0&quot;,&quot;title&quot;:&quot;&quot;,&quot;orientation&quot;:&quot;0&quot;}\" data-image-title=\"FOTO 3 EL TRAMO ENTRE JUSTO ESTAY Y COSTANERA\" data-image-description=\"&lt;p&gt;El tramo entre Justo Estay y Costanera Poniente en el sector Parras\u00eda ya sufri\u00f3 el retiro de sus veredas y gran parte del pavimento de la calzada.&lt;\/p&gt; \" data-medium-file=\"https:\/\/i0.wp.com\/eltrabajo.cl\/portal\/wp-content\/uploads\/2016\/01\/FOTO-3-EL-TRAMO-ENTRE-JUSTO-ESTAY-Y-COSTANERA.jpg?fit=300%2C197&#038;ssl=1\" data-large-file=\"https:\/\/i0.wp.com\/eltrabajo.cl\/portal\/wp-content\/uploads\/2016\/01\/FOTO-3-EL-TRAMO-ENTRE-JUSTO-ESTAY-Y-COSTANERA.jpg?fit=530%2C348&#038;ssl=1\" src=\"https:\/\/i0.wp.com\/eltrabajo.cl\/portal\/wp-content\/uploads\/2016\/01\/FOTO-3-EL-TRAMO-ENTRE-JUSTO-ESTAY-Y-COSTANERA.jpg?w=208&#038;h=137&#038;ssl=1\" srcset=\"https:\/\/i0.wp.com\/eltrabajo.cl\/portal\/wp-content\/uploads\/2016\/01\/FOTO-3-EL-TRAMO-ENTRE-JUSTO-ESTAY-Y-COSTANERA.jpg?w=530&amp;ssl=1 530w, https:\/\/i0.wp.com\/eltrabajo.cl\/portal\/wp-content\/uploads\/2016\/01\/FOTO-3-EL-TRAMO-ENTRE-JUSTO-ESTAY-Y-COSTANERA.jpg?resize=200%2C131&amp;ssl=1 200w, https:\/\/i0.wp.com\/eltrabajo.cl\/portal\/wp-content\/uploads\/2016\/01\/FOTO-3-EL-TRAMO-ENTRE-JUSTO-ESTAY-Y-COSTANERA.jpg?resize=300%2C197&amp;ssl=1 300w, https:\/\/i0.wp.com\/eltrabajo.cl\/portal\/wp-content\/uploads\/2016\/01\/FOTO-3-EL-TRAMO-ENTRE-JUSTO-ESTAY-Y-COSTANERA.jpg?resize=228%2C150&amp;ssl=1 228w, https:\/\/i0.wp.com\/eltrabajo.cl\/portal\/wp-content\/uploads\/2016\/01\/FOTO-3-EL-TRAMO-ENTRE-JUSTO-ESTAY-Y-COSTANERA.jpg?resize=400%2C263&amp;ssl=1 400w\" width=\"208\" height=\"137\" loading=\"lazy\" data-original-width=\"208\" data-original-height=\"137\" itemprop=\"http:\/\/schema.org\/image\" title=\"FOTO 3 EL TRAMO ENTRE JUSTO ESTAY Y COSTANERA\" alt=\"El tramo entre Justo Estay y Costanera Poniente en el sector Parras\u00eda ya sufri\u00f3 el retiro de sus veredas y gran parte del pavimento de la calzada.\" style=\"width: 208px; height: 137px;\" \/> <\/a> <div class=\"tiled-gallery-caption\" itemprop=\"caption description\"> El tramo entre Justo Estay y Costanera Poniente en el sector Parras\u00eda ya sufri\u00f3 el retiro de sus veredas y gran parte del pavimento de la calzada. <\/div> <\/div> <div class=\"tiled-gallery-item tiled-gallery-item-small\" itemprop=\"associatedMedia\" itemscope itemtype=\"http:\/\/schema.org\/ImageObject\"> <a href=\"https:\/\/eltrabajo.cl\/portal\/calle-benigno-caldera-es-renovada-con-proyecto-que-bordea-los-500-millones-de-pesos\/foto-4-luis-saa-olivares-vecino\/\" border=\"0\" itemprop=\"url\"> <meta itemprop=\"width\" content=\"208\"> <meta itemprop=\"height\" content=\"137\"> <img decoding=\"async\" class=\"\" data-attachment-id=\"66024\" data-orig-file=\"https:\/\/eltrabajo.cl\/portal\/wp-content\/uploads\/2016\/01\/FOTO-4-LUIS-SAA-OLIVARES-VECINO.jpg\" data-orig-size=\"530,350\" data-comments-opened=\"1\" data-image-meta=\"{&quot;aperture&quot;:&quot;0&quot;,&quot;credit&quot;:&quot;&quot;,&quot;camera&quot;:&quot;&quot;,&quot;caption&quot;:&quot;&quot;,&quot;created_timestamp&quot;:&quot;0&quot;,&quot;copyright&quot;:&quot;Copyright 2012&quot;,&quot;focal_length&quot;:&quot;0&quot;,&quot;iso&quot;:&quot;0&quot;,&quot;shutter_speed&quot;:&quot;0&quot;,&quot;title&quot;:&quot;&quot;,&quot;orientation&quot;:&quot;0&quot;}\" data-image-title=\"FOTO 4 LUIS SAA OLIVARES VECINO\" data-image-description=\"&lt;p&gt;Luis Saa Olivares, vecino del sector Parras\u00eda se mostr\u00f3 feliz y agradecido de que luego de tanto tiempo se realicen mejoras en el sector.&lt;\/p&gt; \" data-medium-file=\"https:\/\/i0.wp.com\/eltrabajo.cl\/portal\/wp-content\/uploads\/2016\/01\/FOTO-4-LUIS-SAA-OLIVARES-VECINO.jpg?fit=300%2C198&#038;ssl=1\" data-large-file=\"https:\/\/i0.wp.com\/eltrabajo.cl\/portal\/wp-content\/uploads\/2016\/01\/FOTO-4-LUIS-SAA-OLIVARES-VECINO.jpg?fit=530%2C350&#038;ssl=1\" src=\"https:\/\/i0.wp.com\/eltrabajo.cl\/portal\/wp-content\/uploads\/2016\/01\/FOTO-4-LUIS-SAA-OLIVARES-VECINO.jpg?w=208&#038;h=137&#038;ssl=1\" srcset=\"https:\/\/i0.wp.com\/eltrabajo.cl\/portal\/wp-content\/uploads\/2016\/01\/FOTO-4-LUIS-SAA-OLIVARES-VECINO.jpg?w=530&amp;ssl=1 530w, https:\/\/i0.wp.com\/eltrabajo.cl\/portal\/wp-content\/uploads\/2016\/01\/FOTO-4-LUIS-SAA-OLIVARES-VECINO.jpg?resize=200%2C132&amp;ssl=1 200w, https:\/\/i0.wp.com\/eltrabajo.cl\/portal\/wp-content\/uploads\/2016\/01\/FOTO-4-LUIS-SAA-OLIVARES-VECINO.jpg?resize=300%2C198&amp;ssl=1 300w, https:\/\/i0.wp.com\/eltrabajo.cl\/portal\/wp-content\/uploads\/2016\/01\/FOTO-4-LUIS-SAA-OLIVARES-VECINO.jpg?resize=227%2C150&amp;ssl=1 227w, https:\/\/i0.wp.com\/eltrabajo.cl\/portal\/wp-content\/uploads\/2016\/01\/FOTO-4-LUIS-SAA-OLIVARES-VECINO.jpg?resize=400%2C264&amp;ssl=1 400w\" width=\"208\" height=\"137\" loading=\"lazy\" data-original-width=\"208\" data-original-height=\"137\" itemprop=\"http:\/\/schema.org\/image\" title=\"FOTO 4 LUIS SAA OLIVARES VECINO\" alt=\"Luis Saa Olivares, vecino del sector Parras\u00eda se mostr\u00f3 feliz y agradecido de que luego de tanto tiempo se realicen mejoras en el sector.\" style=\"width: 208px; height: 137px;\" \/> <\/a> <div class=\"tiled-gallery-caption\" itemprop=\"caption description\"> Luis Saa Olivares, vecino del sector Parras\u00eda se mostr\u00f3 feliz y agradecido de que luego de tanto tiempo se realicen mejoras en el sector. <\/div> <\/div> <\/div> <!-- close group --> <\/div> <!-- close row --> <div class=\"gallery-row\" style=\"width: 640px; height: 422px;\" data-original-width=\"640\" data-original-height=\"422\" > <div class=\"gallery-group images-1\" style=\"width: 640px; height: 422px;\" data-original-width=\"640\" data-original-height=\"422\" > <div class=\"tiled-gallery-item tiled-gallery-item-large\" itemprop=\"associatedMedia\" itemscope itemtype=\"http:\/\/schema.org\/ImageObject\"> <a href=\"https:\/\/eltrabajo.cl\/portal\/calle-benigno-caldera-es-renovada-con-proyecto-que-bordea-los-500-millones-de-pesos\/foto-5-bernabe-alcota-dirigente\/\" border=\"0\" itemprop=\"url\"> <meta itemprop=\"width\" content=\"636\"> <meta itemprop=\"height\" content=\"418\"> <img decoding=\"async\" class=\"\" data-attachment-id=\"66025\" data-orig-file=\"https:\/\/eltrabajo.cl\/portal\/wp-content\/uploads\/2016\/01\/FOTO-5-BERNABE-ALCOTA-DIRIGENTE.jpg\" data-orig-size=\"530,348\" data-comments-opened=\"1\" data-image-meta=\"{&quot;aperture&quot;:&quot;0&quot;,&quot;credit&quot;:&quot;&quot;,&quot;camera&quot;:&quot;&quot;,&quot;caption&quot;:&quot;&quot;,&quot;created_timestamp&quot;:&quot;0&quot;,&quot;copyright&quot;:&quot;Copyright 2012&quot;,&quot;focal_length&quot;:&quot;0&quot;,&quot;iso&quot;:&quot;0&quot;,&quot;shutter_speed&quot;:&quot;0&quot;,&quot;title&quot;:&quot;&quot;,&quot;orientation&quot;:&quot;0&quot;}\" data-image-title=\"FOTO 5 BERNABE ALCOTA DIRIGENTE\" data-image-description=\"&lt;p&gt;Bernab\u00e9 Alcota, dirigente barrial poblaci\u00f3n el esfuerzo.&lt;\/p&gt; \" data-medium-file=\"https:\/\/i0.wp.com\/eltrabajo.cl\/portal\/wp-content\/uploads\/2016\/01\/FOTO-5-BERNABE-ALCOTA-DIRIGENTE.jpg?fit=300%2C197&#038;ssl=1\" data-large-file=\"https:\/\/i0.wp.com\/eltrabajo.cl\/portal\/wp-content\/uploads\/2016\/01\/FOTO-5-BERNABE-ALCOTA-DIRIGENTE.jpg?fit=530%2C348&#038;ssl=1\" src=\"https:\/\/i0.wp.com\/eltrabajo.cl\/portal\/wp-content\/uploads\/2016\/01\/FOTO-5-BERNABE-ALCOTA-DIRIGENTE.jpg?w=636&#038;h=418&#038;ssl=1\" srcset=\"https:\/\/i0.wp.com\/eltrabajo.cl\/portal\/wp-content\/uploads\/2016\/01\/FOTO-5-BERNABE-ALCOTA-DIRIGENTE.jpg?w=530&amp;ssl=1 530w, https:\/\/i0.wp.com\/eltrabajo.cl\/portal\/wp-content\/uploads\/2016\/01\/FOTO-5-BERNABE-ALCOTA-DIRIGENTE.jpg?resize=200%2C131&amp;ssl=1 200w, https:\/\/i0.wp.com\/eltrabajo.cl\/portal\/wp-content\/uploads\/2016\/01\/FOTO-5-BERNABE-ALCOTA-DIRIGENTE.jpg?resize=300%2C197&amp;ssl=1 300w, https:\/\/i0.wp.com\/eltrabajo.cl\/portal\/wp-content\/uploads\/2016\/01\/FOTO-5-BERNABE-ALCOTA-DIRIGENTE.jpg?resize=228%2C150&amp;ssl=1 228w, https:\/\/i0.wp.com\/eltrabajo.cl\/portal\/wp-content\/uploads\/2016\/01\/FOTO-5-BERNABE-ALCOTA-DIRIGENTE.jpg?resize=400%2C263&amp;ssl=1 400w\" width=\"636\" height=\"418\" loading=\"lazy\" data-original-width=\"636\" data-original-height=\"418\" itemprop=\"http:\/\/schema.org\/image\" title=\"FOTO 5 BERNABE ALCOTA DIRIGENTE\" alt=\"Bernab\u00e9 Alcota, dirigente barrial poblaci\u00f3n el esfuerzo.\" style=\"width: 636px; height: 418px;\" \/> <\/a> <div class=\"tiled-gallery-caption\" itemprop=\"caption description\"> Bernab\u00e9 Alcota, dirigente barrial poblaci\u00f3n el esfuerzo. <\/div> <\/div> <\/div> <!-- close group --> <\/div> <!-- close row --> <\/div>\n","protected":false},"excerpt":{"rendered":"<p>Proyecto tiene un plazo de ejecuci\u00f3n de 240 d\u00edas y tiene la particularidad de que las veredas ser\u00e1n repuestas con hormig\u00f3n impreso, dise\u00f1o que asemeja la presencia de adoquines. \u201cYo llevo 40&#8230;<\/p>\n","protected":false},"author":482,"featured_media":66021,"comment_status":"open","ping_status":"open","sticky":false,"template":"","format":"standard","meta":{"advanced_seo_description":"","jetpack_seo_html_title":"","jetpack_seo_noindex":false,"_jetpack_memberships_contains_paid_content":false,"footnotes":""},"categories":[1],"tags":[],"class_list":["post-66020","post","type-post","status-publish","format-standard","has-post-thumbnail","hentry","category-cronica"],"jetpack_featured_media_url":"https:\/\/i0.wp.com\/eltrabajo.cl\/portal\/wp-content\/uploads\/2016\/01\/FOTO-1-LOS-TRABAJOS-DE-REPOSICION-DE-PAVIMENTO.jpg?fit=530%2C348&ssl=1","jetpack_sharing_enabled":true,"jetpack_likes_enabled":true,"jetpack-related-posts":[],"_links":{"self":[{"href":"https:\/\/eltrabajo.cl\/portal\/wp-json\/wp\/v2\/posts\/66020","targetHints":{"allow":["GET"]}}],"collection":[{"href":"https:\/\/eltrabajo.cl\/portal\/wp-json\/wp\/v2\/posts"}],"about":[{"href":"https:\/\/eltrabajo.cl\/portal\/wp-json\/wp\/v2\/types\/post"}],"author":[{"embeddable":true,"href":"https:\/\/eltrabajo.cl\/portal\/wp-json\/wp\/v2\/users\/482"}],"replies":[{"embeddable":true,"href":"https:\/\/eltrabajo.cl\/portal\/wp-json\/wp\/v2\/comments?post=66020"}],"version-history":[{"count":0,"href":"https:\/\/eltrabajo.cl\/portal\/wp-json\/wp\/v2\/posts\/66020\/revisions"}],"wp:featuredmedia":[{"embeddable":true,"href":"https:\/\/eltrabajo.cl\/portal\/wp-json\/wp\/v2\/media\/66021"}],"wp:attachment":[{"href":"https:\/\/eltrabajo.cl\/portal\/wp-json\/wp\/v2\/media?parent=66020"}],"wp:term":[{"taxonomy":"category","embeddable":true,"href":"https:\/\/eltrabajo.cl\/portal\/wp-json\/wp\/v2\/categories?post=66020"},{"taxonomy":"post_tag","embeddable":true,"href":"https:\/\/eltrabajo.cl\/portal\/wp-json\/wp\/v2\/tags?post=66020"}],"curies":[{"name":"wp","href":"https:\/\/api.w.org\/{rel}","templated":true}]}}