{"id":66027,"date":"2016-01-21T09:40:39","date_gmt":"2016-01-21T12:40:39","guid":{"rendered":"http:\/\/www.eltrabajo.cl\/portal\/?p=66027"},"modified":"2016-01-21T09:40:39","modified_gmt":"2016-01-21T12:40:39","slug":"propietarios-de-taxis-colectivo-ya-pueden-comenzar-a-hacer-efectivo-el-bono-de-compensacion","status":"publish","type":"post","link":"https:\/\/eltrabajo.cl\/portal\/propietarios-de-taxis-colectivo-ya-pueden-comenzar-a-hacer-efectivo-el-bono-de-compensacion\/","title":{"rendered":"Propietarios de taxis-colectivo ya pueden comenzar a hacer efectivo el bono de compensaci\u00f3n"},"content":{"rendered":"<figure id=\"attachment_66028\" aria-describedby=\"caption-attachment-66028\" style=\"width: 300px\" class=\"wp-caption alignleft\"><img data-recalc-dims=\"1\" loading=\"lazy\" decoding=\"async\" class=\"wp-image-66028 size-medium\" src=\"https:\/\/i0.wp.com\/www.eltrabajo.cl\/portal\/wp-content\/uploads\/2016\/01\/manuel-carvallo-300x197.jpg?resize=300%2C197\" alt=\"Presidente del Consejo Superior de Taxis-Colectivo de San Felipe, Manuel Carvallo\" width=\"300\" height=\"197\" srcset=\"https:\/\/i0.wp.com\/eltrabajo.cl\/portal\/wp-content\/uploads\/2016\/01\/manuel-carvallo.jpg?resize=300%2C197&amp;ssl=1 300w, https:\/\/i0.wp.com\/eltrabajo.cl\/portal\/wp-content\/uploads\/2016\/01\/manuel-carvallo.jpg?resize=200%2C131&amp;ssl=1 200w, https:\/\/i0.wp.com\/eltrabajo.cl\/portal\/wp-content\/uploads\/2016\/01\/manuel-carvallo.jpg?resize=228%2C150&amp;ssl=1 228w, https:\/\/i0.wp.com\/eltrabajo.cl\/portal\/wp-content\/uploads\/2016\/01\/manuel-carvallo.jpg?resize=400%2C263&amp;ssl=1 400w, https:\/\/i0.wp.com\/eltrabajo.cl\/portal\/wp-content\/uploads\/2016\/01\/manuel-carvallo.jpg?w=530&amp;ssl=1 530w\" sizes=\"auto, (max-width: 300px) 100vw, 300px\" \/><figcaption id=\"caption-attachment-66028\" class=\"wp-caption-text\">Presidente del Consejo Superior de Taxis-Colectivo de San Felipe, Manuel Carvallo<\/figcaption><\/figure>\n<ul>\n<li><strong>Hasta el 31 de marzo ser\u00e1 entregado el bono 2015, mientras que los pr\u00f3ximos cobros podr\u00e1n ser efectuados a mediados de este a\u00f1o y a mitad del 2017.<\/strong><\/li>\n<\/ul>\n<p>Alrededor de mil due\u00f1os de taxis-colectivo de la Provincia de San Felipe se ver\u00e1n beneficiados con el bono de compensaci\u00f3n aprobado por la Contralor\u00eda el pasado martes, cuyo monto asciende a 5 UTM y puede ser solicitado por los propietarios de veh\u00edculos de la locomoci\u00f3n menor hasta el 31 de marzo a trav\u00e9s de la p\u00e1gina web de la Tesorer\u00eda General de la Rep\u00fablica.<br \/>\nSe calcula que cada a\u00f1o un veh\u00edculo de la locomoci\u00f3n colectiva menor ingresa a las arcas fiscales cerca de 2 millones 800 mil pesos por concepto de combustibles, monto que es rebajado por el transporte mayor y de carga, por lo que este bono viene a retribuir en parte lo que invierte cada propietario.<br \/>\nAs\u00ed lo inform\u00f3 el presidente del Consejo Superior de Taxis Colectivos de San Felipe, Manuel Carvallo, quien asegur\u00f3 que este beneficio estaba pendiente del 2015, se encontraba aprobado, pero no hab\u00eda sido publicado en el Diario Oficial, por lo que a partir de ahora el proceso para solicitarlo debe realizarse de la siguiente manera:<br \/>\n\u201cDeben entrar a la pesta\u00f1a Distribuci\u00f3n de la p\u00e1gina de la Tesorer\u00eda, al \u00faltimo aparece la devoluci\u00f3n del bono taxi y desde ah\u00ed los antecedentes de las personas ya se encuentran registrados, va a aparecer el veh\u00edculo, placa patente, hay que definir cu\u00e1l es la forma en la que se quiere recibir el pago (cuenta rut, cuenta corriente, cheque, etc.)\u201d, detall\u00f3 el dirigente.<br \/>\nPese a la buena noticia, Carvallo asegur\u00f3 que \u201cen las \u00faltimas horas se present\u00f3 un problema en la p\u00e1gina anteriormente mencionada, puesto que uno de los requisitos exige la revisi\u00f3n t\u00e9cnica al d\u00eda, pero los veh\u00edculos nuevos no tienen revisi\u00f3n t\u00e9cnica, cuentan con un sistema homologado, por lo tanto en esos casos les aparecer\u00e1 que no tienen derecho, aun as\u00ed, deben ingresar la solicitud y estar verificando constantemente porque es el servicio el que tiene que cargar esos datos\u201d, narr\u00f3.<br \/>\nCarvallo aclar\u00f3 que este bono no tiene relaci\u00f3n directa con el tema del impuesto espec\u00edfico, ya que \u201c\u00e9ste qued\u00f3 de lado, porque a partir del a\u00f1o 2013 que estamos insertos en esta ley que indica que desde ese mismo a\u00f1o nosotros debi\u00e9ramos estar percibiendo los beneficios de los fondos del Transantiago, como toda la locomoci\u00f3n p\u00fablica, situaci\u00f3n que con nosotros no ha ocurrido porque no hab\u00eda un reglamento. Ahora bajo el amparo de esa misma ley, este es un bono de compensaci\u00f3n por los derechos no recibidos\u201d, remat\u00f3.<\/p>\n","protected":false},"excerpt":{"rendered":"<p>Hasta el 31 de marzo ser\u00e1 entregado el bono 2015, mientras que los pr\u00f3ximos cobros podr\u00e1n ser efectuados a mediados de este a\u00f1o y a mitad del 2017. Alrededor de mil due\u00f1os&#8230;<\/p>\n","protected":false},"author":482,"featured_media":66028,"comment_status":"open","ping_status":"open","sticky":false,"template":"","format":"standard","meta":{"advanced_seo_description":"","jetpack_seo_html_title":"","jetpack_seo_noindex":false,"_jetpack_memberships_contains_paid_content":false,"footnotes":""},"categories":[1],"tags":[],"class_list":["post-66027","post","type-post","status-publish","format-standard","has-post-thumbnail","hentry","category-cronica"],"jetpack_featured_media_url":"https:\/\/i0.wp.com\/eltrabajo.cl\/portal\/wp-content\/uploads\/2016\/01\/manuel-carvallo.jpg?fit=530%2C348&ssl=1","jetpack_sharing_enabled":true,"jetpack_likes_enabled":true,"jetpack-related-posts":[],"_links":{"self":[{"href":"https:\/\/eltrabajo.cl\/portal\/wp-json\/wp\/v2\/posts\/66027","targetHints":{"allow":["GET"]}}],"collection":[{"href":"https:\/\/eltrabajo.cl\/portal\/wp-json\/wp\/v2\/posts"}],"about":[{"href":"https:\/\/eltrabajo.cl\/portal\/wp-json\/wp\/v2\/types\/post"}],"author":[{"embeddable":true,"href":"https:\/\/eltrabajo.cl\/portal\/wp-json\/wp\/v2\/users\/482"}],"replies":[{"embeddable":true,"href":"https:\/\/eltrabajo.cl\/portal\/wp-json\/wp\/v2\/comments?post=66027"}],"version-history":[{"count":0,"href":"https:\/\/eltrabajo.cl\/portal\/wp-json\/wp\/v2\/posts\/66027\/revisions"}],"wp:featuredmedia":[{"embeddable":true,"href":"https:\/\/eltrabajo.cl\/portal\/wp-json\/wp\/v2\/media\/66028"}],"wp:attachment":[{"href":"https:\/\/eltrabajo.cl\/portal\/wp-json\/wp\/v2\/media?parent=66027"}],"wp:term":[{"taxonomy":"category","embeddable":true,"href":"https:\/\/eltrabajo.cl\/portal\/wp-json\/wp\/v2\/categories?post=66027"},{"taxonomy":"post_tag","embeddable":true,"href":"https:\/\/eltrabajo.cl\/portal\/wp-json\/wp\/v2\/tags?post=66027"}],"curies":[{"name":"wp","href":"https:\/\/api.w.org\/{rel}","templated":true}]}}