{"id":66030,"date":"2016-01-21T09:42:31","date_gmt":"2016-01-21T12:42:31","guid":{"rendered":"http:\/\/www.eltrabajo.cl\/portal\/?p=66030"},"modified":"2016-01-21T09:42:31","modified_gmt":"2016-01-21T12:42:31","slug":"jardin-el-peneca-de-san-felipe-recibira-a-ninos-durante-este-verano","status":"publish","type":"post","link":"https:\/\/eltrabajo.cl\/portal\/jardin-el-peneca-de-san-felipe-recibira-a-ninos-durante-este-verano\/","title":{"rendered":"Jard\u00edn \u2018El Peneca\u2019 de San Felipe recibir\u00e1 a ni\u00f1os durante este verano"},"content":{"rendered":"<figure id=\"attachment_66031\" aria-describedby=\"caption-attachment-66031\" style=\"width: 300px\" class=\"wp-caption alignleft\"><img data-recalc-dims=\"1\" loading=\"lazy\" decoding=\"async\" class=\"wp-image-66031 size-medium\" src=\"https:\/\/i0.wp.com\/www.eltrabajo.cl\/portal\/wp-content\/uploads\/2016\/01\/Jardin-Junji-300x197.jpg?resize=300%2C197\" alt=\"En la comuna de San Felipe abrir\u00e1 sus puertas desde el 25 de enero y durante febrero el jard\u00edn infantil \u2018El Peneca\u2019 que atender\u00e1 a 32 ni\u00f1os. (Foto referencial).\" width=\"300\" height=\"197\" srcset=\"https:\/\/i0.wp.com\/eltrabajo.cl\/portal\/wp-content\/uploads\/2016\/01\/Jardin-Junji.jpg?resize=300%2C197&amp;ssl=1 300w, https:\/\/i0.wp.com\/eltrabajo.cl\/portal\/wp-content\/uploads\/2016\/01\/Jardin-Junji.jpg?resize=200%2C131&amp;ssl=1 200w, https:\/\/i0.wp.com\/eltrabajo.cl\/portal\/wp-content\/uploads\/2016\/01\/Jardin-Junji.jpg?resize=228%2C150&amp;ssl=1 228w, https:\/\/i0.wp.com\/eltrabajo.cl\/portal\/wp-content\/uploads\/2016\/01\/Jardin-Junji.jpg?resize=400%2C263&amp;ssl=1 400w, https:\/\/i0.wp.com\/eltrabajo.cl\/portal\/wp-content\/uploads\/2016\/01\/Jardin-Junji.jpg?w=530&amp;ssl=1 530w\" sizes=\"auto, (max-width: 300px) 100vw, 300px\" \/><figcaption id=\"caption-attachment-66031\" class=\"wp-caption-text\">En la comuna de San Felipe abrir\u00e1 sus puertas desde el 25 de enero y durante febrero el jard\u00edn infantil \u2018El Peneca\u2019 que atender\u00e1 a 32 ni\u00f1os. (Foto referencial).<\/figcaption><\/figure>\n<ul>\n<li><strong>Como una forma de apoyar a las familias y jefas de hogar que trabajan durante la \u00e9poca estival, Junji Valpara\u00edso implementar\u00e1 el programa \u2018Jardines de Verano\u2019 en 11 comunas de la regi\u00f3n.<\/strong><\/li>\n<\/ul>\n<p>Con actividades l\u00fadicas comenzar\u00e1n a funcionar el lunes 25 de enero los 13 jardines de verano que Junji dispondr\u00e1 en la regi\u00f3n este 2016. Estos recintos surgen como una forma de apoyar a las mujeres y familias que desarrollan trabajo de temporada y turismo y que no cuentan con otra alternativa para el cuidado y atenci\u00f3n de sus hijos.<br \/>\nEn la comuna de San Felipe abrir\u00e1 sus puertas desde el 25 de enero y durante febrero el jard\u00edn infantil \u2018El Peneca\u2019 que atender\u00e1 a 32 ni\u00f1os.<br \/>\nLa Directora Regional de Junji Valpara\u00edso, Priscila Corsi indic\u00f3 que \u201cestamos lanzando el programa de Jardines de Verano, que parte la pr\u00f3xima semana, hasta la \u00faltima semana de febrero y que es la alternativa que nosotros tenemos especialmente para las familias, para la mujer trabajadora, que no tiene hoy d\u00eda mayores redes, ni familiares, ni otra red de apoyo. Queremos decirles a esas madres que cuentan con nosotros y pueden dejar a sus hijos e hijas bien cuidados y protegidos.\u201d<br \/>\nAdem\u00e1s, este programa genera empleos en el \u00e1rea de educaci\u00f3n, pues se contrataron a 27 educadoras, 72 t\u00e9cnicos en educaci\u00f3n parvulario y 13 auxiliares de servicio.<\/p>\n","protected":false},"excerpt":{"rendered":"<p>Como una forma de apoyar a las familias y jefas de hogar que trabajan durante la \u00e9poca estival, Junji Valpara\u00edso implementar\u00e1 el programa \u2018Jardines de Verano\u2019 en 11 comunas de la regi\u00f3n&#8230;.<\/p>\n","protected":false},"author":482,"featured_media":66031,"comment_status":"open","ping_status":"open","sticky":false,"template":"","format":"standard","meta":{"advanced_seo_description":"","jetpack_seo_html_title":"","jetpack_seo_noindex":false,"_jetpack_memberships_contains_paid_content":false,"footnotes":""},"categories":[1],"tags":[],"class_list":["post-66030","post","type-post","status-publish","format-standard","has-post-thumbnail","hentry","category-cronica"],"jetpack_featured_media_url":"https:\/\/i0.wp.com\/eltrabajo.cl\/portal\/wp-content\/uploads\/2016\/01\/Jardin-Junji.jpg?fit=530%2C348&ssl=1","jetpack_sharing_enabled":true,"jetpack_likes_enabled":true,"jetpack-related-posts":[],"_links":{"self":[{"href":"https:\/\/eltrabajo.cl\/portal\/wp-json\/wp\/v2\/posts\/66030","targetHints":{"allow":["GET"]}}],"collection":[{"href":"https:\/\/eltrabajo.cl\/portal\/wp-json\/wp\/v2\/posts"}],"about":[{"href":"https:\/\/eltrabajo.cl\/portal\/wp-json\/wp\/v2\/types\/post"}],"author":[{"embeddable":true,"href":"https:\/\/eltrabajo.cl\/portal\/wp-json\/wp\/v2\/users\/482"}],"replies":[{"embeddable":true,"href":"https:\/\/eltrabajo.cl\/portal\/wp-json\/wp\/v2\/comments?post=66030"}],"version-history":[{"count":0,"href":"https:\/\/eltrabajo.cl\/portal\/wp-json\/wp\/v2\/posts\/66030\/revisions"}],"wp:featuredmedia":[{"embeddable":true,"href":"https:\/\/eltrabajo.cl\/portal\/wp-json\/wp\/v2\/media\/66031"}],"wp:attachment":[{"href":"https:\/\/eltrabajo.cl\/portal\/wp-json\/wp\/v2\/media?parent=66030"}],"wp:term":[{"taxonomy":"category","embeddable":true,"href":"https:\/\/eltrabajo.cl\/portal\/wp-json\/wp\/v2\/categories?post=66030"},{"taxonomy":"post_tag","embeddable":true,"href":"https:\/\/eltrabajo.cl\/portal\/wp-json\/wp\/v2\/tags?post=66030"}],"curies":[{"name":"wp","href":"https:\/\/api.w.org\/{rel}","templated":true}]}}