{"id":66033,"date":"2016-01-21T09:44:43","date_gmt":"2016-01-21T12:44:43","guid":{"rendered":"http:\/\/www.eltrabajo.cl\/portal\/?p=66033"},"modified":"2016-01-21T09:44:43","modified_gmt":"2016-01-21T12:44:43","slug":"autoridades-visitan-cambio-de-luminarias-realizado-en-calle-miraflores","status":"publish","type":"post","link":"https:\/\/eltrabajo.cl\/portal\/autoridades-visitan-cambio-de-luminarias-realizado-en-calle-miraflores\/","title":{"rendered":"Autoridades visitan cambio de luminarias realizado en calle Miraflores"},"content":{"rendered":"<figure id=\"attachment_66034\" aria-describedby=\"caption-attachment-66034\" style=\"width: 300px\" class=\"wp-caption alignleft\"><img data-recalc-dims=\"1\" loading=\"lazy\" decoding=\"async\" class=\"wp-image-66034 size-medium\" src=\"https:\/\/i0.wp.com\/www.eltrabajo.cl\/portal\/wp-content\/uploads\/2016\/01\/visita-tecnica-2-300x197.jpg?resize=300%2C197\" alt=\"El alcalde Patricio Freire junto a Claudio Paredes, Secretario de Planificaci\u00f3n Comunal visitaron el cambio de luminarias realizada en calle Miraflores.\" width=\"300\" height=\"197\" srcset=\"https:\/\/i0.wp.com\/eltrabajo.cl\/portal\/wp-content\/uploads\/2016\/01\/visita-tecnica-2.jpg?resize=300%2C197&amp;ssl=1 300w, https:\/\/i0.wp.com\/eltrabajo.cl\/portal\/wp-content\/uploads\/2016\/01\/visita-tecnica-2.jpg?resize=200%2C131&amp;ssl=1 200w, https:\/\/i0.wp.com\/eltrabajo.cl\/portal\/wp-content\/uploads\/2016\/01\/visita-tecnica-2.jpg?resize=228%2C150&amp;ssl=1 228w, https:\/\/i0.wp.com\/eltrabajo.cl\/portal\/wp-content\/uploads\/2016\/01\/visita-tecnica-2.jpg?resize=400%2C263&amp;ssl=1 400w, https:\/\/i0.wp.com\/eltrabajo.cl\/portal\/wp-content\/uploads\/2016\/01\/visita-tecnica-2.jpg?w=530&amp;ssl=1 530w\" sizes=\"auto, (max-width: 300px) 100vw, 300px\" \/><figcaption id=\"caption-attachment-66034\" class=\"wp-caption-text\">El alcalde Patricio Freire junto a Claudio Paredes, Secretario de Planificaci\u00f3n Comunal visitaron el cambio de luminarias realizada en calle Miraflores.<\/figcaption><\/figure>\n<ul>\n<li><strong>Iniciativa signific\u00f3 el cambio de 24 luminarias de tecnolog\u00eda led, lo que va en directo beneficio de los vecinos de sector, que en su mayor\u00eda son adultos mayores, mejorando su calidad de vida.<\/strong><\/li>\n<\/ul>\n<p>Una visita t\u00e9cnica realiz\u00f3 el alcalde Patricio Freire al sector de avenida Miraflores, donde se ejecut\u00f3 el proyecto de instalaci\u00f3n de nuevas luminarias Led, iniciativa que se enmarca en la pol\u00edtica del jefe comunal de mejoramiento de espacios p\u00fablicos de la comuna.<br \/>\nLa visita fue realizada en horas de la noche de este martes, ya que el objetivo era revisar t\u00e9cnicamente el funcionamiento de las nuevas luminarias Led que fueron instaladas en el sector, y que eran parte de un proyecto mucho mayor que contempl\u00f3 adem\u00e1s el recambio de toda la vereda del sector.<br \/>\nEl proyecto signific\u00f3 una inversi\u00f3n de alrededor de 40 millones de pesos, y mejora la calidad de vida de los vecinos de este sector de la comuna, que por m\u00e1s de 40 a\u00f1os pidieron el mejoramiento del lugar.<br \/>\n\u201cEste era un proyecto muy importante para nosotros, porque en este sector viven muchos adultos mayores y por a\u00f1os esperaron el mejoramiento del lugar. Por ello mejoramos las veredas y la luminaria, porque queremos que los vecinos vuelvan a utilizar los espacios p\u00fablicos y sean lugares de verdadero encuentro de la comunidad\u201d, dijo el alcalde Patricio Freire, mientras que Claudio Paredes, Secretario de Planificaci\u00f3n Comunal agreg\u00f3 que \u201cse instalaron 24 faroles con tecnolog\u00eda Led, de punta, que van a estar a disposici\u00f3n para mejorar la seguridad y la calidad de vida y el entorno de los vecinos. Aqu\u00ed adem\u00e1s se hizo el mejoramiento de veredas, que fue un proyecto de la Municipalidad de San Felipe con financiamiento de la Subdere\u201d.<br \/>\nRosana Bravo es una vecina del sector quien manifest\u00f3 su alegr\u00eda al ver concretarse este proyecto, esperado por muchos a\u00f1os y que viene a mejorar su calidad de vida.<br \/>\n\u201cYo quiero felicitar a don Patricio porque ha hecho cosas muy buenas. Mi pap\u00e1 si estuviera vivo estar\u00eda s\u00faper contento porque siempre dec\u00eda que se necesitaban veredas grandes, porque por el frente se cay\u00f3, por eso lo felicito a \u00e9l y a todo su equipo. Necesit\u00e1bamos estas luminarias porque esto era muy oscuro y hab\u00edan adultos mayores que se ca\u00edan, ahora con todo este cambio, estamos felices\u201d.<\/p>\n","protected":false},"excerpt":{"rendered":"<p>Iniciativa signific\u00f3 el cambio de 24 luminarias de tecnolog\u00eda led, lo que va en directo beneficio de los vecinos de sector, que en su mayor\u00eda son adultos mayores, mejorando su calidad de&#8230;<\/p>\n","protected":false},"author":482,"featured_media":66034,"comment_status":"open","ping_status":"open","sticky":false,"template":"","format":"standard","meta":{"advanced_seo_description":"","jetpack_seo_html_title":"","jetpack_seo_noindex":false,"_jetpack_memberships_contains_paid_content":false,"footnotes":""},"categories":[1],"tags":[],"class_list":["post-66033","post","type-post","status-publish","format-standard","has-post-thumbnail","hentry","category-cronica"],"jetpack_featured_media_url":"https:\/\/i0.wp.com\/eltrabajo.cl\/portal\/wp-content\/uploads\/2016\/01\/visita-tecnica-2.jpg?fit=530%2C348&ssl=1","jetpack_sharing_enabled":true,"jetpack_likes_enabled":true,"jetpack-related-posts":[],"_links":{"self":[{"href":"https:\/\/eltrabajo.cl\/portal\/wp-json\/wp\/v2\/posts\/66033","targetHints":{"allow":["GET"]}}],"collection":[{"href":"https:\/\/eltrabajo.cl\/portal\/wp-json\/wp\/v2\/posts"}],"about":[{"href":"https:\/\/eltrabajo.cl\/portal\/wp-json\/wp\/v2\/types\/post"}],"author":[{"embeddable":true,"href":"https:\/\/eltrabajo.cl\/portal\/wp-json\/wp\/v2\/users\/482"}],"replies":[{"embeddable":true,"href":"https:\/\/eltrabajo.cl\/portal\/wp-json\/wp\/v2\/comments?post=66033"}],"version-history":[{"count":0,"href":"https:\/\/eltrabajo.cl\/portal\/wp-json\/wp\/v2\/posts\/66033\/revisions"}],"wp:featuredmedia":[{"embeddable":true,"href":"https:\/\/eltrabajo.cl\/portal\/wp-json\/wp\/v2\/media\/66034"}],"wp:attachment":[{"href":"https:\/\/eltrabajo.cl\/portal\/wp-json\/wp\/v2\/media?parent=66033"}],"wp:term":[{"taxonomy":"category","embeddable":true,"href":"https:\/\/eltrabajo.cl\/portal\/wp-json\/wp\/v2\/categories?post=66033"},{"taxonomy":"post_tag","embeddable":true,"href":"https:\/\/eltrabajo.cl\/portal\/wp-json\/wp\/v2\/tags?post=66033"}],"curies":[{"name":"wp","href":"https:\/\/api.w.org\/{rel}","templated":true}]}}