{"id":66036,"date":"2016-01-21T09:47:06","date_gmt":"2016-01-21T12:47:06","guid":{"rendered":"http:\/\/www.eltrabajo.cl\/portal\/?p=66036"},"modified":"2016-01-21T09:47:06","modified_gmt":"2016-01-21T12:47:06","slug":"opd-replica-campana-nacional-de-sename-y-presenta-comics-para-promover-los-derechos-de-ninos-y-adolescentes-en-la-comuna","status":"publish","type":"post","link":"https:\/\/eltrabajo.cl\/portal\/opd-replica-campana-nacional-de-sename-y-presenta-comics-para-promover-los-derechos-de-ninos-y-adolescentes-en-la-comuna\/","title":{"rendered":"OPD replica campa\u00f1a nacional de Sename y presenta comics para promover los derechos de ni\u00f1os y adolescentes en la comuna"},"content":{"rendered":"<figure id=\"attachment_66037\" aria-describedby=\"caption-attachment-66037\" style=\"width: 300px\" class=\"wp-caption alignleft\"><img data-recalc-dims=\"1\" loading=\"lazy\" decoding=\"async\" class=\"wp-image-66037 size-medium\" src=\"https:\/\/i0.wp.com\/www.eltrabajo.cl\/portal\/wp-content\/uploads\/2016\/01\/FOTO-1-Francisca-Hidalgo-Aspee-300x197.jpg?resize=300%2C197\" alt=\"Francisca Hidalgo Aspee, Coordinadora de la Oficina de Protecci\u00f3n de Derechos de la Infancia y Adolescencia de la Municipalidad de San Felipe.\" width=\"300\" height=\"197\" srcset=\"https:\/\/i0.wp.com\/eltrabajo.cl\/portal\/wp-content\/uploads\/2016\/01\/FOTO-1-Francisca-Hidalgo-Aspee.jpg?resize=300%2C197&amp;ssl=1 300w, https:\/\/i0.wp.com\/eltrabajo.cl\/portal\/wp-content\/uploads\/2016\/01\/FOTO-1-Francisca-Hidalgo-Aspee.jpg?resize=200%2C131&amp;ssl=1 200w, https:\/\/i0.wp.com\/eltrabajo.cl\/portal\/wp-content\/uploads\/2016\/01\/FOTO-1-Francisca-Hidalgo-Aspee.jpg?resize=228%2C150&amp;ssl=1 228w, https:\/\/i0.wp.com\/eltrabajo.cl\/portal\/wp-content\/uploads\/2016\/01\/FOTO-1-Francisca-Hidalgo-Aspee.jpg?resize=400%2C263&amp;ssl=1 400w, https:\/\/i0.wp.com\/eltrabajo.cl\/portal\/wp-content\/uploads\/2016\/01\/FOTO-1-Francisca-Hidalgo-Aspee.jpg?w=530&amp;ssl=1 530w\" sizes=\"auto, (max-width: 300px) 100vw, 300px\" \/><figcaption id=\"caption-attachment-66037\" class=\"wp-caption-text\">Francisca Hidalgo Aspee, Coordinadora de la Oficina de Protecci\u00f3n de Derechos de la Infancia y Adolescencia de la Municipalidad de San Felipe.<\/figcaption><\/figure>\n<ul>\n<li><strong>Francisca Hidalgo, coordinadora de esta oficina municipal, se refiri\u00f3 adem\u00e1s a la agresi\u00f3n sufrida por un infante al interior de una tienda sanfelipe\u00f1a, hecho que fue viralizado en redes sociales, pero que qued\u00f3 sin denuncia.<\/strong><\/li>\n<\/ul>\n<p>Junto con dar a conocer a la comunidad los spot publicitarios en formato comic, referente a la promoci\u00f3n de los Derechos del Ni\u00f1o, Francisca Hidalgo Aspee, Coordinadora de la Oficina de Protecci\u00f3n de Derechos de la Infancia y Adolescencia de la Municipalidad de San Felipe, se refiri\u00f3 a la campa\u00f1a nacional iniciada por el Servicio Nacional de Menores, Sename, que est\u00e1 replicando la comuna y que se llama \u2018En Vacaciones No Olvides tus Derechos\u2019.<br \/>\nRespecto de esta iniciativa, Hidalgo asegur\u00f3 que \u201cestamos haciendo el lanzamiento oficial de esta campa\u00f1a que se est\u00e1 desarrollando a nivel nacional, la cual busca mantener en el tapete la tem\u00e1tica de la sensibilizaci\u00f3n a la comunidad en general respecto de respetar los derechos de los ni\u00f1os, ni\u00f1as y j\u00f3venes de nuestro pa\u00eds\u201d, relat\u00f3.<br \/>\n\u201cQueremos promover esta instancia y tambi\u00e9n dar cuenta de las campa\u00f1as que tambi\u00e9n se est\u00e1n desarrollando ac\u00e1 en nuestra comuna y que buscan la corresponsabilidad de ser garantes de derechos en todos los niveles, en la comunidad, las instituciones, etc. Principalmente para reconocer a nuestros ni\u00f1os y ni\u00f1as como portadores de derechos y como ciudadanos de nuestro pa\u00eds\u201d, aludi\u00f3 la profesional.<br \/>\nEn relaci\u00f3n con la campa\u00f1a misma y hacia donde apunta \u00e9sta, Hidalgo mencion\u00f3 que est\u00e1 avalado por estad\u00edsticas que durante el per\u00edodo de vacaciones los accidentes dom\u00e9sticos en donde se ven involucrados ni\u00f1os y adolescentes aumentan. Ante esto, recomend\u00f3 brindarles toda la atenci\u00f3n posible a los peque\u00f1os y peque\u00f1as del hogar, sobre todo en los espacios de recreaci\u00f3n como piscinas, playas u otros sitios que puedan implicar un riesgo para ellos y que ameritan una vigilancia constante por parte de los adultos.<br \/>\nEn la oportunidad, la profesional fue consultada sobre un hecho que involucr\u00f3 a un infante sanfelipe\u00f1o, quien hace un par de semanas fue agredido por un adulto al interior de una tienda comercial de San Felipe y cuyo registro audiovisual fue compartido en redes sociales y tambi\u00e9n en noticieros centrales de algunos canales de cobertura nacional, pero que lamentablemente no tuvo denuncia policial.<br \/>\nRespecto de esta situaci\u00f3n, Hidalgo record\u00f3 el trabajo que realiza OPD en torno inculcar a la comunidad, la importancia de denunciar inmediatamente este tipo de casos, argumentando que \u201cuna de las misiones fundamentales de nuestra oficina, adem\u00e1s del diagn\u00f3stico y las evaluaciones de las distintas situaciones de vulneraci\u00f3n de derechos, dice relaci\u00f3n justamente con que somos un actor clave para poder sensibilizar a la comunidad en este tipo de sucesos en el que se registr\u00f3 mediante una c\u00e1mara de seguridad en una tienda comercial una situaci\u00f3n de maltrato, la que fue difundida a trav\u00e9s de las redes sociales, sin embargo, esto no nos permite determinar qui\u00e9n es la persona involucrada, el agresor y quien es el ni\u00f1o v\u00edctima de este abuso, lo cual nos impide interrumpir esta vulneraci\u00f3n de derechos\u201d, explic\u00f3.<br \/>\nEn ese sentido, la profesional reiter\u00f3 el llamado a intervenir en este tipo de situaciones al momento de presenciarlas y hacer las denuncias correspondientes cuando as\u00ed lo amerita.<\/p>\n","protected":false},"excerpt":{"rendered":"<p>Francisca Hidalgo, coordinadora de esta oficina municipal, se refiri\u00f3 adem\u00e1s a la agresi\u00f3n sufrida por un infante al interior de una tienda sanfelipe\u00f1a, hecho que fue viralizado en redes sociales, pero que&#8230;<\/p>\n","protected":false},"author":482,"featured_media":66037,"comment_status":"open","ping_status":"open","sticky":false,"template":"","format":"standard","meta":{"advanced_seo_description":"","jetpack_seo_html_title":"","jetpack_seo_noindex":false,"_jetpack_memberships_contains_paid_content":false,"footnotes":""},"categories":[1],"tags":[],"class_list":["post-66036","post","type-post","status-publish","format-standard","has-post-thumbnail","hentry","category-cronica"],"jetpack_featured_media_url":"https:\/\/i0.wp.com\/eltrabajo.cl\/portal\/wp-content\/uploads\/2016\/01\/FOTO-1-Francisca-Hidalgo-Aspee.jpg?fit=530%2C348&ssl=1","jetpack_sharing_enabled":true,"jetpack_likes_enabled":true,"jetpack-related-posts":[],"_links":{"self":[{"href":"https:\/\/eltrabajo.cl\/portal\/wp-json\/wp\/v2\/posts\/66036","targetHints":{"allow":["GET"]}}],"collection":[{"href":"https:\/\/eltrabajo.cl\/portal\/wp-json\/wp\/v2\/posts"}],"about":[{"href":"https:\/\/eltrabajo.cl\/portal\/wp-json\/wp\/v2\/types\/post"}],"author":[{"embeddable":true,"href":"https:\/\/eltrabajo.cl\/portal\/wp-json\/wp\/v2\/users\/482"}],"replies":[{"embeddable":true,"href":"https:\/\/eltrabajo.cl\/portal\/wp-json\/wp\/v2\/comments?post=66036"}],"version-history":[{"count":0,"href":"https:\/\/eltrabajo.cl\/portal\/wp-json\/wp\/v2\/posts\/66036\/revisions"}],"wp:featuredmedia":[{"embeddable":true,"href":"https:\/\/eltrabajo.cl\/portal\/wp-json\/wp\/v2\/media\/66037"}],"wp:attachment":[{"href":"https:\/\/eltrabajo.cl\/portal\/wp-json\/wp\/v2\/media?parent=66036"}],"wp:term":[{"taxonomy":"category","embeddable":true,"href":"https:\/\/eltrabajo.cl\/portal\/wp-json\/wp\/v2\/categories?post=66036"},{"taxonomy":"post_tag","embeddable":true,"href":"https:\/\/eltrabajo.cl\/portal\/wp-json\/wp\/v2\/tags?post=66036"}],"curies":[{"name":"wp","href":"https:\/\/api.w.org\/{rel}","templated":true}]}}