{"id":66039,"date":"2016-01-21T09:48:51","date_gmt":"2016-01-21T12:48:51","guid":{"rendered":"http:\/\/www.eltrabajo.cl\/portal\/?p=66039"},"modified":"2016-01-21T09:48:51","modified_gmt":"2016-01-21T12:48:51","slug":"hondo-pesar-en-putaendo-por-fallecimiento-de-creadora-del-restaurant-lilianett","status":"publish","type":"post","link":"https:\/\/eltrabajo.cl\/portal\/hondo-pesar-en-putaendo-por-fallecimiento-de-creadora-del-restaurant-lilianett\/","title":{"rendered":"Hondo pesar en Putaendo por fallecimiento de creadora del Restaurant Lilianett"},"content":{"rendered":"<figure id=\"attachment_66040\" aria-describedby=\"caption-attachment-66040\" style=\"width: 300px\" class=\"wp-caption alignleft\"><img data-recalc-dims=\"1\" loading=\"lazy\" decoding=\"async\" class=\"wp-image-66040 size-medium\" src=\"https:\/\/i0.wp.com\/www.eltrabajo.cl\/portal\/wp-content\/uploads\/2016\/01\/Liliana-Vargas2-300x197.jpg?resize=300%2C197\" alt=\"V\u00edctima de un c\u00e1ncer, la se\u00f1ora Liliana Vargas Belmar, creadora del emblem\u00e1tico Restaurant Lilianett, dej\u00f3 de existir la madrugada de este mi\u00e9rcoles a la edad de 66 a\u00f1os en el Hospital San Antonio de Putaendo.\" width=\"300\" height=\"197\" srcset=\"https:\/\/i0.wp.com\/eltrabajo.cl\/portal\/wp-content\/uploads\/2016\/01\/Liliana-Vargas2.jpg?resize=300%2C197&amp;ssl=1 300w, https:\/\/i0.wp.com\/eltrabajo.cl\/portal\/wp-content\/uploads\/2016\/01\/Liliana-Vargas2.jpg?resize=200%2C131&amp;ssl=1 200w, https:\/\/i0.wp.com\/eltrabajo.cl\/portal\/wp-content\/uploads\/2016\/01\/Liliana-Vargas2.jpg?resize=228%2C150&amp;ssl=1 228w, https:\/\/i0.wp.com\/eltrabajo.cl\/portal\/wp-content\/uploads\/2016\/01\/Liliana-Vargas2.jpg?resize=400%2C263&amp;ssl=1 400w, https:\/\/i0.wp.com\/eltrabajo.cl\/portal\/wp-content\/uploads\/2016\/01\/Liliana-Vargas2.jpg?w=530&amp;ssl=1 530w\" sizes=\"auto, (max-width: 300px) 100vw, 300px\" \/><figcaption id=\"caption-attachment-66040\" class=\"wp-caption-text\">V\u00edctima de un c\u00e1ncer, la se\u00f1ora Liliana Vargas Belmar, creadora del emblem\u00e1tico Restaurant Lilianett, dej\u00f3 de existir la madrugada de este mi\u00e9rcoles a la edad de 66 a\u00f1os en el Hospital San Antonio de Putaendo.<\/figcaption><\/figure>\n<p><strong>PUTAENDO.<\/strong>&#8211; V\u00edctima de un c\u00e1ncer, la conocida empresaria putaendina, Sra. Liliana Vargas Belmar dej\u00f3 de existir a la edad de 66 a\u00f1os en el Hospital San Antonio de esta comuna.<br \/>\nDe esta manera Putaendo nuevamente siente una lamentable p\u00e9rdida tras conocerse el fallecimiento de esta respetada y querida vecina y empresaria de la zona, creadora de Restaurant Lilianett, el orgullo de su vida y fruto de su incesante trabajo.<br \/>\nV\u00edctima de un complicado c\u00e1ncer que la aquejaba desde hace bastantes a\u00f1os y al cual le dio una fuerte lucha hasta el \u00faltimo de sus d\u00edas, quien fuese declarada Hija Ilustre de Putaendo en Marzo del a\u00f1o 2013 por la Municipalidad, dej\u00f3 de existir en el Hospital San Antonio de Putaendo durante la madrugada de este mi\u00e9rcoles, dejando un tremendo legado de esfuerzo y solidaridad.<br \/>\nLiliana Vargas Belmar, hija de don Juan Vargas N\u00fa\u00f1ez y Rosa Belmar Caneo, naci\u00f3 en Putaendo en octubre de 1949, pueblo que la vio crecer como hija, hermana, esposa, madre, abuela y amiga.<br \/>\nDesde muy joven se inspir\u00f3 en aprender el rubro de la peluquer\u00eda, lo que la llev\u00f3 a concretar este don con estudios profesionales en Santiago, para que m\u00e1s tarde instalara un sal\u00f3n de belleza. Fue as\u00ed como conoci\u00f3 a Guillermo Z\u00fa\u00f1iga, con quien contrajo matrimonio en 1970 y con el cual tuvo a dos hijos, hoy profesionales. As\u00ed m\u00e1s tarde juntos crearon la Fuente de Soda y Sal\u00f3n de T\u00e9 Lilianett ubicado en la esquina de la plaza y gran punto de encuentro familiar.<br \/>\nDesde la d\u00e9cada de los 70 fue la colaboradora del Padre Osvaldo Celis Meyer, trabajando durante muchos a\u00f1os por la Parroquia San Antonio de Padua de Putaendo, creando distintas actividades sociales, ya sea para la reconstrucci\u00f3n del templo como para la ayuda de la comunidad. No conforme con esto particip\u00f3 durante a\u00f1os en actividades sociales, instituciones con extensa tradici\u00f3n de apoyo social para la instrucci\u00f3n en diversas \u00e1reas de inter\u00e9s para la mujer del pueblo.<br \/>\nSus funerales se realizar\u00e1n hoy jueves 21 de enero despu\u00e9s de una misa que ser\u00e1 oficiada por el eterno descanso de su alma a las 16:00 horas en el templo de la Parroquia San Antonio de Padua de Putaendo, y posteriormente sus restos mortales ser\u00e1n sepultados en el Cementerio del Valle de Auco en la comuna de Rinconada.<br \/>\n<strong>Patricio Gallardo M.<\/strong><\/p>\n","protected":false},"excerpt":{"rendered":"<p>PUTAENDO.&#8211; V\u00edctima de un c\u00e1ncer, la conocida empresaria putaendina, Sra. Liliana Vargas Belmar dej\u00f3 de existir a la edad de 66 a\u00f1os en el Hospital San Antonio de esta comuna. De esta&#8230;<\/p>\n","protected":false},"author":482,"featured_media":66040,"comment_status":"open","ping_status":"open","sticky":false,"template":"","format":"standard","meta":{"advanced_seo_description":"","jetpack_seo_html_title":"","jetpack_seo_noindex":false,"_jetpack_memberships_contains_paid_content":false,"footnotes":""},"categories":[15],"tags":[],"class_list":["post-66039","post","type-post","status-publish","format-standard","has-post-thumbnail","hentry","category-comunidad"],"jetpack_featured_media_url":"https:\/\/i0.wp.com\/eltrabajo.cl\/portal\/wp-content\/uploads\/2016\/01\/Liliana-Vargas2.jpg?fit=530%2C348&ssl=1","jetpack_sharing_enabled":true,"jetpack_likes_enabled":true,"jetpack-related-posts":[],"_links":{"self":[{"href":"https:\/\/eltrabajo.cl\/portal\/wp-json\/wp\/v2\/posts\/66039","targetHints":{"allow":["GET"]}}],"collection":[{"href":"https:\/\/eltrabajo.cl\/portal\/wp-json\/wp\/v2\/posts"}],"about":[{"href":"https:\/\/eltrabajo.cl\/portal\/wp-json\/wp\/v2\/types\/post"}],"author":[{"embeddable":true,"href":"https:\/\/eltrabajo.cl\/portal\/wp-json\/wp\/v2\/users\/482"}],"replies":[{"embeddable":true,"href":"https:\/\/eltrabajo.cl\/portal\/wp-json\/wp\/v2\/comments?post=66039"}],"version-history":[{"count":0,"href":"https:\/\/eltrabajo.cl\/portal\/wp-json\/wp\/v2\/posts\/66039\/revisions"}],"wp:featuredmedia":[{"embeddable":true,"href":"https:\/\/eltrabajo.cl\/portal\/wp-json\/wp\/v2\/media\/66040"}],"wp:attachment":[{"href":"https:\/\/eltrabajo.cl\/portal\/wp-json\/wp\/v2\/media?parent=66039"}],"wp:term":[{"taxonomy":"category","embeddable":true,"href":"https:\/\/eltrabajo.cl\/portal\/wp-json\/wp\/v2\/categories?post=66039"},{"taxonomy":"post_tag","embeddable":true,"href":"https:\/\/eltrabajo.cl\/portal\/wp-json\/wp\/v2\/tags?post=66039"}],"curies":[{"name":"wp","href":"https:\/\/api.w.org\/{rel}","templated":true}]}}