{"id":66042,"date":"2016-01-21T09:50:02","date_gmt":"2016-01-21T12:50:02","guid":{"rendered":"http:\/\/www.eltrabajo.cl\/portal\/?p=66042"},"modified":"2016-01-21T09:50:02","modified_gmt":"2016-01-21T12:50:02","slug":"joven-mujer-se-quema-a-lo-bonzo-dentro-de-vehiculo-por-aparentes-celos","status":"publish","type":"post","link":"https:\/\/eltrabajo.cl\/portal\/joven-mujer-se-quema-a-lo-bonzo-dentro-de-vehiculo-por-aparentes-celos\/","title":{"rendered":"Joven mujer se quema a lo bonzo dentro de veh\u00edculo por aparentes celos"},"content":{"rendered":"<figure id=\"attachment_66043\" aria-describedby=\"caption-attachment-66043\" style=\"width: 300px\" class=\"wp-caption alignleft\"><img data-recalc-dims=\"1\" loading=\"lazy\" decoding=\"async\" class=\"wp-image-66043 size-medium\" src=\"https:\/\/i0.wp.com\/www.eltrabajo.cl\/portal\/wp-content\/uploads\/2016\/01\/MICHELLE-GUAJARDO-ORMENO-300x197.jpg?resize=300%2C197\" alt=\"Michelle Guajardo Orme\u00f1o se encuentra grave en la Posta Central de Santiago, con el 60 % de su cuerpo quemado tras intentar inmolarse a lo bonzo.\" width=\"300\" height=\"197\" srcset=\"https:\/\/i0.wp.com\/eltrabajo.cl\/portal\/wp-content\/uploads\/2016\/01\/MICHELLE-GUAJARDO-ORMENO.jpg?resize=300%2C197&amp;ssl=1 300w, https:\/\/i0.wp.com\/eltrabajo.cl\/portal\/wp-content\/uploads\/2016\/01\/MICHELLE-GUAJARDO-ORMENO.jpg?resize=200%2C131&amp;ssl=1 200w, https:\/\/i0.wp.com\/eltrabajo.cl\/portal\/wp-content\/uploads\/2016\/01\/MICHELLE-GUAJARDO-ORMENO.jpg?resize=228%2C150&amp;ssl=1 228w, https:\/\/i0.wp.com\/eltrabajo.cl\/portal\/wp-content\/uploads\/2016\/01\/MICHELLE-GUAJARDO-ORMENO.jpg?resize=400%2C263&amp;ssl=1 400w, https:\/\/i0.wp.com\/eltrabajo.cl\/portal\/wp-content\/uploads\/2016\/01\/MICHELLE-GUAJARDO-ORMENO.jpg?w=530&amp;ssl=1 530w\" sizes=\"auto, (max-width: 300px) 100vw, 300px\" \/><figcaption id=\"caption-attachment-66043\" class=\"wp-caption-text\">Michelle Guajardo Orme\u00f1o se encuentra grave en la Posta Central de Santiago, con el 60 % de su cuerpo quemado tras intentar inmolarse a lo bonzo.<\/figcaption><\/figure>\n<ul>\n<li><strong>Michelle Guajardo Orme\u00f1o de 24 a\u00f1os de edad habr\u00eda decidido acabar con su vida luego de una violenta discusi\u00f3n con su pololo en la localidad de Palomar, en Panquehue, arroj\u00e1ndose combustible en el cuerpo para luego encender fuego, sufriendo graves quemaduras.<\/strong><\/li>\n<\/ul>\n<p>En riesgo vital y con el 60% de su cuerpo con quemaduras de car\u00e1cter grave, se encuentra internada en la UCI de la Posta Central de Santiago, una mujer de 24 a\u00f1os de edad identificada como Michelle Andrea Guajardo Orme\u00f1o, quien de acuerdo a los primeros antecedentes policiales arroj\u00f3 bencina en su cuerpo y encendi\u00f3 fuego para atentar contra su vida dentro del veh\u00edculo de su pareja. Los hechos se habr\u00edan producido tras una violenta discusi\u00f3n entre ambos por aparentes celos.<br \/>\nEste brutal hecho que ha causado consternaci\u00f3n en la comunidad, qued\u00f3 al descubierto a eso de las 04:00 horas de la madrugada de ayer mi\u00e9rcoles, luego que la mujer abandonara su domicilio en la comuna de Llay Llay para dirigirse hasta la casa de su pareja en Panquehue, lugar donde habr\u00edan sostenido una acalorada discusi\u00f3n.<br \/>\nPosteriormente la afectada, dominada por la ira, se habr\u00eda dirigido hasta el taller de su pareja quien se desempe\u00f1a como mec\u00e1nico automotriz en el mismo domicilio. En el lugar obtuvo un bid\u00f3n de combustible, el que se presume podr\u00eda haber tenido bencina, para luego refugiarse dentro del veh\u00edculo de su pololo y cubrir todo su cuerpo con este l\u00edquido inflamable, posteriormente encendi\u00f3 fuego que comenz\u00f3 a arder dentro del m\u00f3vil.<br \/>\nEn esos instantes, la pareja de Michelle habr\u00eda tomado una frazada para sofocar las llamas que cubr\u00edan el cuerpo de su novia, sin embargo, tuvo que requerir la ayuda del personal de Samu para asistir a la joven que se encontraba completamente herida producto de las graves quemaduras en su cuerpo, siendo trasladada en primera instancia al servicio de urgencias del Hospital San Camilo para ser estabilizada.<br \/>\nAl lugar adem\u00e1s debi\u00f3 asistir personal de Carabineros, a quienes se le rindi\u00f3 cuenta de lo sucedido, inici\u00e1ndose las primeras diligencias investigativas sobre este brutal hecho, revelando algunos antecedentes de lo sucedido por medio de los relatos de la pareja de esta mujer que habr\u00eda atentado contra su vida.<\/p>\n<p><strong>PDI INVESTIGA<\/strong><br \/>\nPor disposici\u00f3n de la Fiscal\u00eda el caso qued\u00f3 en manos de la Brigada de Homicidios de la Polic\u00eda de Investigaciones de Los Andes, quienes concurrieron hasta el Hospital San Camilo de San Felipe para las pericias correspondientes que permitan esclarecer lo acontecido.<br \/>\nEl Comisario de Investigaciones, Gino Guti\u00e9rrez, se\u00f1al\u00f3 a Diario El Trabajo que se comenzaron a realizar las diligencias del caso con peritos qu\u00edmicos en el sitio del suceso y los interrogatorios a la pareja de la afectada, quien se encuentra actualmente en libertad. La polic\u00eda civil se encuentra a la espera de una positiva evoluci\u00f3n de salud de la mujer quemada para la investigaci\u00f3n del hecho; actualmente esta paciente se encuentra con riesgo vital en la Unidad de Cuidados Intensivos de la Posta Central de Santiago, con complicaciones respiratorias.<br \/>\n\u201cLas diligencias est\u00e1n tendientes a establecer en qu\u00e9 circunstancias se provocaron las lesiones. Hemos estado efectuando las pericias con el Laboratorio de Criminal\u00edstica de Santiago, con peritos qu\u00edmicos efectuando labores en el sitio del suceso respecto al hecho. Estamos trabajando sobre esta situaci\u00f3n, es un lamentable suceso en el cual se ve afectada una joven de 24 a\u00f1os de edad, hay una situaci\u00f3n sentimental clara entre ambos, ella estaba en la casa de su pareja cuando ocurri\u00f3 el hecho, los celos es una de las hip\u00f3tesis que todo indicar\u00eda que as\u00ed ser\u00eda. En estos momentos se tratar\u00eda de un suicidio frustrado, estamos a la espera de la evoluci\u00f3n de salud que presente la paciente afectada\u201d.<br \/>\n<strong>Pablo Salinas Sald\u00edas<\/strong><\/p>\n","protected":false},"excerpt":{"rendered":"<p>Michelle Guajardo Orme\u00f1o de 24 a\u00f1os de edad habr\u00eda decidido acabar con su vida luego de una violenta discusi\u00f3n con su pololo en la localidad de Palomar, en Panquehue, arroj\u00e1ndose combustible en&#8230;<\/p>\n","protected":false},"author":482,"featured_media":66043,"comment_status":"open","ping_status":"open","sticky":false,"template":"","format":"standard","meta":{"advanced_seo_description":"","jetpack_seo_html_title":"","jetpack_seo_noindex":false,"_jetpack_memberships_contains_paid_content":false,"footnotes":""},"categories":[21],"tags":[],"class_list":["post-66042","post","type-post","status-publish","format-standard","has-post-thumbnail","hentry","category-policial"],"jetpack_featured_media_url":"https:\/\/i0.wp.com\/eltrabajo.cl\/portal\/wp-content\/uploads\/2016\/01\/MICHELLE-GUAJARDO-ORMENO.jpg?fit=530%2C348&ssl=1","jetpack_sharing_enabled":true,"jetpack_likes_enabled":true,"jetpack-related-posts":[],"_links":{"self":[{"href":"https:\/\/eltrabajo.cl\/portal\/wp-json\/wp\/v2\/posts\/66042","targetHints":{"allow":["GET"]}}],"collection":[{"href":"https:\/\/eltrabajo.cl\/portal\/wp-json\/wp\/v2\/posts"}],"about":[{"href":"https:\/\/eltrabajo.cl\/portal\/wp-json\/wp\/v2\/types\/post"}],"author":[{"embeddable":true,"href":"https:\/\/eltrabajo.cl\/portal\/wp-json\/wp\/v2\/users\/482"}],"replies":[{"embeddable":true,"href":"https:\/\/eltrabajo.cl\/portal\/wp-json\/wp\/v2\/comments?post=66042"}],"version-history":[{"count":0,"href":"https:\/\/eltrabajo.cl\/portal\/wp-json\/wp\/v2\/posts\/66042\/revisions"}],"wp:featuredmedia":[{"embeddable":true,"href":"https:\/\/eltrabajo.cl\/portal\/wp-json\/wp\/v2\/media\/66043"}],"wp:attachment":[{"href":"https:\/\/eltrabajo.cl\/portal\/wp-json\/wp\/v2\/media?parent=66042"}],"wp:term":[{"taxonomy":"category","embeddable":true,"href":"https:\/\/eltrabajo.cl\/portal\/wp-json\/wp\/v2\/categories?post=66042"},{"taxonomy":"post_tag","embeddable":true,"href":"https:\/\/eltrabajo.cl\/portal\/wp-json\/wp\/v2\/tags?post=66042"}],"curies":[{"name":"wp","href":"https:\/\/api.w.org\/{rel}","templated":true}]}}