{"id":66048,"date":"2016-01-22T09:40:08","date_gmt":"2016-01-22T12:40:08","guid":{"rendered":"http:\/\/www.eltrabajo.cl\/portal\/?p=66048"},"modified":"2016-01-22T09:40:08","modified_gmt":"2016-01-22T12:40:08","slug":"andinos-podran-disfrutar-de-piscina-del-liceo-america-de-forma-gratuita","status":"publish","type":"post","link":"https:\/\/eltrabajo.cl\/portal\/andinos-podran-disfrutar-de-piscina-del-liceo-america-de-forma-gratuita\/","title":{"rendered":"Andinos podr\u00e1n disfrutar de piscina del liceo Am\u00e9rica de forma gratuita"},"content":{"rendered":"<figure id=\"attachment_66049\" aria-describedby=\"caption-attachment-66049\" style=\"width: 300px\" class=\"wp-caption alignleft\"><img data-recalc-dims=\"1\" loading=\"lazy\" decoding=\"async\" class=\"wp-image-66049 size-medium\" src=\"https:\/\/i0.wp.com\/www.eltrabajo.cl\/portal\/wp-content\/uploads\/2016\/01\/Piscina-Liceo-America-3-300x197.jpg?resize=300%2C197\" alt=\"El Liceo Polit\u00e9cnico Am\u00e9rica abri\u00f3 sus puertas para invitar a la comunidad a disfrutar de su piscina en forma gratuita.\" width=\"300\" height=\"197\" srcset=\"https:\/\/i0.wp.com\/eltrabajo.cl\/portal\/wp-content\/uploads\/2016\/01\/Piscina-Liceo-America-3.jpg?resize=300%2C197&amp;ssl=1 300w, https:\/\/i0.wp.com\/eltrabajo.cl\/portal\/wp-content\/uploads\/2016\/01\/Piscina-Liceo-America-3.jpg?resize=200%2C131&amp;ssl=1 200w, https:\/\/i0.wp.com\/eltrabajo.cl\/portal\/wp-content\/uploads\/2016\/01\/Piscina-Liceo-America-3.jpg?resize=228%2C150&amp;ssl=1 228w, https:\/\/i0.wp.com\/eltrabajo.cl\/portal\/wp-content\/uploads\/2016\/01\/Piscina-Liceo-America-3.jpg?resize=400%2C263&amp;ssl=1 400w, https:\/\/i0.wp.com\/eltrabajo.cl\/portal\/wp-content\/uploads\/2016\/01\/Piscina-Liceo-America-3.jpg?w=530&amp;ssl=1 530w\" sizes=\"auto, (max-width: 300px) 100vw, 300px\" \/><figcaption id=\"caption-attachment-66049\" class=\"wp-caption-text\">El Liceo Polit\u00e9cnico Am\u00e9rica abri\u00f3 sus puertas para invitar a la comunidad a disfrutar de su piscina en forma gratuita.<\/figcaption><\/figure>\n<ul>\n<li><strong>De esta forma los vecinos pueden capear las altas temperaturas en un recinto con todas las condiciones de seguridad.<\/strong><\/li>\n<\/ul>\n<p><strong>LOS ANDES<\/strong>.- Una excelente iniciativa est\u00e1 llevando adelante el Liceo Polit\u00e9cnico Am\u00e9rica al abrir las puertas de su piscina en forma gratuita a todos los vecinos de la ciudad y de esa forma permitir que los andinos tengan un lugar agradable y seguro donde poder capear las altas temperaturas de este verano.<br \/>\nEl director del establecimiento educacional, Franco N\u00fa\u00f1ez, record\u00f3 que la piscina est\u00e1 abierta de martes a domingo entre las 14:30 y 19 horas y es una real alternativa para los vecinos que no han podido salir de vacaciones este caluroso verano 2016 donde se han registrado temperaturas incluso superiores a los 37\u00ba.<br \/>\n\u201cEl comportamiento de la gente ha sido estupendo, adem\u00e1s contamos con dos salvavidas, un param\u00e9dico y la misma gente est\u00e1 muy preocupada de que esto funcione bien y no hemos tenido ning\u00fan problema, todos respetuosos de las normas que tenemos\u201d, coment\u00f3.<br \/>\nEl director precis\u00f3 que esta piscina cumple con las normativas de seguridad y sanitarias, \u201cpor lo que estamos funcionando sin ning\u00fan problema y estamos muy contentos de que la gente haya venido y siga viviendo mucha gente\u201d.<br \/>\nN\u00fa\u00f1ez remarc\u00f3 que la idea es que el Liceo Am\u00e9rica se encuentre abierto a la comunidad, \u201cpor lo que si nosotros guard\u00e1ramos las cosas no servir\u00eda de nada y por eso creo que la comunidad andina tiene que venir, aprovechar y disfrutar este verano en el liceo\u201d.<br \/>\nAgreg\u00f3 que la mantenci\u00f3n y hermoseamiento de la piscina ha sido hecho en parte con la ayuda de los propios alumnos del colegio como parte de su pr\u00e1ctica profesional en alguna de sus especialidades.<br \/>\nEn este sentido lament\u00f3 que aun persista cierto estigma hacia los alumnos del Liceo, \u201cpues se trata de j\u00f3venes motivados, trabajadores y son personas que si t\u00fa les das un poquito ellos se entregan y participa como corresponde. Ese estigma de que aqu\u00ed no se puede trabajar es falso y desde los dos a\u00f1os que yo estoy a cargo el liceo funciona de otra manera y eso me tiene muy contento\u201d, agreg\u00f3.<br \/>\nEl ingreso a la piscina es por calle Chacay y esta se mantendr\u00e1 en funcionamiento por lo menos hasta el mes de abril donde se realizar\u00e1n tambi\u00e9n cursos de nataci\u00f3n.<\/p>\n","protected":false},"excerpt":{"rendered":"<p>De esta forma los vecinos pueden capear las altas temperaturas en un recinto con todas las condiciones de seguridad. LOS ANDES.- Una excelente iniciativa est\u00e1 llevando adelante el Liceo Polit\u00e9cnico Am\u00e9rica al&#8230;<\/p>\n","protected":false},"author":482,"featured_media":66049,"comment_status":"open","ping_status":"open","sticky":false,"template":"","format":"standard","meta":{"advanced_seo_description":"","jetpack_seo_html_title":"","jetpack_seo_noindex":false,"_jetpack_memberships_contains_paid_content":false,"footnotes":""},"categories":[15],"tags":[],"class_list":["post-66048","post","type-post","status-publish","format-standard","has-post-thumbnail","hentry","category-comunidad"],"jetpack_featured_media_url":"https:\/\/i0.wp.com\/eltrabajo.cl\/portal\/wp-content\/uploads\/2016\/01\/Piscina-Liceo-America-3.jpg?fit=530%2C348&ssl=1","jetpack_sharing_enabled":true,"jetpack_likes_enabled":true,"jetpack-related-posts":[],"_links":{"self":[{"href":"https:\/\/eltrabajo.cl\/portal\/wp-json\/wp\/v2\/posts\/66048","targetHints":{"allow":["GET"]}}],"collection":[{"href":"https:\/\/eltrabajo.cl\/portal\/wp-json\/wp\/v2\/posts"}],"about":[{"href":"https:\/\/eltrabajo.cl\/portal\/wp-json\/wp\/v2\/types\/post"}],"author":[{"embeddable":true,"href":"https:\/\/eltrabajo.cl\/portal\/wp-json\/wp\/v2\/users\/482"}],"replies":[{"embeddable":true,"href":"https:\/\/eltrabajo.cl\/portal\/wp-json\/wp\/v2\/comments?post=66048"}],"version-history":[{"count":0,"href":"https:\/\/eltrabajo.cl\/portal\/wp-json\/wp\/v2\/posts\/66048\/revisions"}],"wp:featuredmedia":[{"embeddable":true,"href":"https:\/\/eltrabajo.cl\/portal\/wp-json\/wp\/v2\/media\/66049"}],"wp:attachment":[{"href":"https:\/\/eltrabajo.cl\/portal\/wp-json\/wp\/v2\/media?parent=66048"}],"wp:term":[{"taxonomy":"category","embeddable":true,"href":"https:\/\/eltrabajo.cl\/portal\/wp-json\/wp\/v2\/categories?post=66048"},{"taxonomy":"post_tag","embeddable":true,"href":"https:\/\/eltrabajo.cl\/portal\/wp-json\/wp\/v2\/tags?post=66048"}],"curies":[{"name":"wp","href":"https:\/\/api.w.org\/{rel}","templated":true}]}}