{"id":66051,"date":"2016-01-22T09:42:54","date_gmt":"2016-01-22T12:42:54","guid":{"rendered":"http:\/\/www.eltrabajo.cl\/portal\/?p=66051"},"modified":"2016-01-22T09:42:54","modified_gmt":"2016-01-22T12:42:54","slug":"todo-un-mundo-en-madera-fabrica-el-artesano-nestor-suarez","status":"publish","type":"post","link":"https:\/\/eltrabajo.cl\/portal\/todo-un-mundo-en-madera-fabrica-el-artesano-nestor-suarez\/","title":{"rendered":"Todo un mundo en madera fabrica el artesano N\u00e9stor Su\u00e1rez"},"content":{"rendered":"<figure id=\"attachment_66053\" aria-describedby=\"caption-attachment-66053\" style=\"width: 300px\" class=\"wp-caption alignleft\"><img data-recalc-dims=\"1\" loading=\"lazy\" decoding=\"async\" class=\"wp-image-66053 size-medium\" src=\"https:\/\/i0.wp.com\/www.eltrabajo.cl\/portal\/wp-content\/uploads\/2016\/01\/Nestor33-300x197.jpg?resize=300%2C197\" alt=\"GRANDE N\u00c9STOR.- N\u00e9stor Su\u00e1rez muestra orgulloso sus artesan\u00edas a Diario El Trabajo, \u00e9l estar\u00e1 con sus grabados en madera en nuestra Plaza de Armas hasta este s\u00e1bado por la noche.\" width=\"300\" height=\"197\" srcset=\"https:\/\/i0.wp.com\/eltrabajo.cl\/portal\/wp-content\/uploads\/2016\/01\/Nestor33.jpg?resize=300%2C197&amp;ssl=1 300w, https:\/\/i0.wp.com\/eltrabajo.cl\/portal\/wp-content\/uploads\/2016\/01\/Nestor33.jpg?resize=200%2C131&amp;ssl=1 200w, https:\/\/i0.wp.com\/eltrabajo.cl\/portal\/wp-content\/uploads\/2016\/01\/Nestor33.jpg?resize=228%2C150&amp;ssl=1 228w, https:\/\/i0.wp.com\/eltrabajo.cl\/portal\/wp-content\/uploads\/2016\/01\/Nestor33.jpg?resize=400%2C263&amp;ssl=1 400w, https:\/\/i0.wp.com\/eltrabajo.cl\/portal\/wp-content\/uploads\/2016\/01\/Nestor33.jpg?w=530&amp;ssl=1 530w\" sizes=\"auto, (max-width: 300px) 100vw, 300px\" \/><figcaption id=\"caption-attachment-66053\" class=\"wp-caption-text\">GRANDE N\u00c9STOR.- N\u00e9stor Su\u00e1rez muestra orgulloso sus artesan\u00edas a Diario El Trabajo, \u00e9l estar\u00e1 con sus grabados en madera en nuestra Plaza de Armas hasta este s\u00e1bado por la noche.<\/figcaption><\/figure>\n<p>Hoy en Diario El Trabajo queremos presentar a un nuevo artesano sanfelipe\u00f1o, quien apenas hace tres meses inici\u00f3 actividades en este oficio, se trata de N\u00e9stor Su\u00e1rez, quien con su trabajo en madera quemada ya da muestra de su gran talento para esta clase de adornos personalizados.<br \/>\n\u00abUn amigo me ense\u00f1\u00f3 esta t\u00e9cnica para trabajar la madera, terceado estructural es mi trabajo, grabo versos; dedicatorias; frases c\u00e9lebres; estampar logos de los clubes de f\u00fatbol y oraciones en madera, tambi\u00e9n incrusto relojes en la madera, me ha ido bien para empezar. Vendo mis trabajos en Putaendo y en ferias de las comunas del valle\u00bb, explic\u00f3 N\u00e9stor.<\/p>\n<p><strong>TAMBI\u00c9N COFRES<\/strong><br \/>\nEste artesano tambi\u00e9n fabrica cofres para joyer\u00eda; calendarios montados en madera y portarretratos, los interesados en conocer su trabajo o de encargarle alg\u00fan trabajo especial, lo pueden ubicar en el fono 7154 5700.<br \/>\n\u00abMe cuesta bastante por ahora, la gente no me conoce y dependo directamente de la calidad de cada trabajo, espero poder crecer, incorporarme a algunas asociaciones de artesanos y que me reconozcan por la calidad de mis artesan\u00edas\u00bb, agreg\u00f3 Su\u00e1rez.<br \/>\nYa lo sabes amigo lector, cuando quiera entregar un regalo personalizado y de gran calidad, puede llamar a nuestro amigo N\u00e9stor.<br \/>\n<strong>Roberto Gonz\u00e1lez Short<\/strong><br \/>\n<strong>rgonzalez@eltrabajo.cl<\/strong><\/p>\n<div class=\"tiled-gallery type-rectangular tiled-gallery-unresized\" data-original-width=\"640\" data-carousel-extra='null' itemscope itemtype=\"http:\/\/schema.org\/ImageGallery\" > <div class=\"gallery-row\" style=\"width: 640px; height: 213px;\" data-original-width=\"640\" data-original-height=\"213\" > <div class=\"gallery-group images-1\" style=\"width: 320px; height: 213px;\" data-original-width=\"320\" data-original-height=\"213\" > <div class=\"tiled-gallery-item tiled-gallery-item-large\" itemprop=\"associatedMedia\" itemscope itemtype=\"http:\/\/schema.org\/ImageObject\"> <a href=\"https:\/\/eltrabajo.cl\/portal\/todo-un-mundo-en-madera-fabrica-el-artesano-nestor-suarez\/cofres1\/\" border=\"0\" itemprop=\"url\"> <meta itemprop=\"width\" content=\"316\"> <meta itemprop=\"height\" content=\"209\"> <img decoding=\"async\" class=\"\" data-attachment-id=\"66052\" data-orig-file=\"https:\/\/eltrabajo.cl\/portal\/wp-content\/uploads\/2016\/01\/Cofres1.jpg\" data-orig-size=\"530,350\" data-comments-opened=\"1\" data-image-meta=\"{&quot;aperture&quot;:&quot;0&quot;,&quot;credit&quot;:&quot;&quot;,&quot;camera&quot;:&quot;&quot;,&quot;caption&quot;:&quot;&quot;,&quot;created_timestamp&quot;:&quot;0&quot;,&quot;copyright&quot;:&quot;&quot;,&quot;focal_length&quot;:&quot;0&quot;,&quot;iso&quot;:&quot;0&quot;,&quot;shutter_speed&quot;:&quot;0&quot;,&quot;title&quot;:&quot;&quot;,&quot;orientation&quot;:&quot;0&quot;}\" data-image-title=\"Cofres1\" data-image-description=\"&lt;p&gt;LINDOS COFRES.- Tambi\u00e9n para las damas, estos cofres de madera podr\u00e1n ser \u00fatiles tanto para guardar joyas y monedas, como para embellecer una habitaci\u00f3n.&lt;\/p&gt; \" data-medium-file=\"https:\/\/i0.wp.com\/eltrabajo.cl\/portal\/wp-content\/uploads\/2016\/01\/Cofres1.jpg?fit=300%2C198&#038;ssl=1\" data-large-file=\"https:\/\/i0.wp.com\/eltrabajo.cl\/portal\/wp-content\/uploads\/2016\/01\/Cofres1.jpg?fit=530%2C350&#038;ssl=1\" src=\"https:\/\/i0.wp.com\/eltrabajo.cl\/portal\/wp-content\/uploads\/2016\/01\/Cofres1.jpg?w=316&#038;h=209&#038;ssl=1\" srcset=\"https:\/\/i0.wp.com\/eltrabajo.cl\/portal\/wp-content\/uploads\/2016\/01\/Cofres1.jpg?w=530&amp;ssl=1 530w, https:\/\/i0.wp.com\/eltrabajo.cl\/portal\/wp-content\/uploads\/2016\/01\/Cofres1.jpg?resize=200%2C132&amp;ssl=1 200w, https:\/\/i0.wp.com\/eltrabajo.cl\/portal\/wp-content\/uploads\/2016\/01\/Cofres1.jpg?resize=300%2C198&amp;ssl=1 300w, https:\/\/i0.wp.com\/eltrabajo.cl\/portal\/wp-content\/uploads\/2016\/01\/Cofres1.jpg?resize=227%2C150&amp;ssl=1 227w, https:\/\/i0.wp.com\/eltrabajo.cl\/portal\/wp-content\/uploads\/2016\/01\/Cofres1.jpg?resize=400%2C264&amp;ssl=1 400w\" width=\"316\" height=\"209\" loading=\"lazy\" data-original-width=\"316\" data-original-height=\"209\" itemprop=\"http:\/\/schema.org\/image\" title=\"Cofres1\" alt=\"LINDOS COFRES.- Tambi\u00e9n para las damas, estos cofres de madera podr\u00e1n ser \u00fatiles tanto para guardar joyas y monedas, como para embellecer una habitaci\u00f3n.\" style=\"width: 316px; height: 209px;\" \/> <\/a> <div class=\"tiled-gallery-caption\" itemprop=\"caption description\"> LINDOS COFRES.- Tambi\u00e9n para las damas, estos cofres de madera podr\u00e1n ser \u00fatiles tanto para guardar joyas y monedas, como para embellecer una habitaci\u00f3n. <\/div> <\/div> <\/div> <!-- close group --> <div class=\"gallery-group images-1\" style=\"width: 320px; height: 213px;\" data-original-width=\"320\" data-original-height=\"213\" > <div class=\"tiled-gallery-item tiled-gallery-item-large\" itemprop=\"associatedMedia\" itemscope itemtype=\"http:\/\/schema.org\/ImageObject\"> <a href=\"https:\/\/eltrabajo.cl\/portal\/todo-un-mundo-en-madera-fabrica-el-artesano-nestor-suarez\/relojes33\/\" border=\"0\" itemprop=\"url\"> <meta itemprop=\"width\" content=\"316\"> <meta itemprop=\"height\" content=\"209\"> <img decoding=\"async\" class=\"\" data-attachment-id=\"66054\" data-orig-file=\"https:\/\/eltrabajo.cl\/portal\/wp-content\/uploads\/2016\/01\/Relojes33.jpg\" data-orig-size=\"530,350\" data-comments-opened=\"1\" data-image-meta=\"{&quot;aperture&quot;:&quot;0&quot;,&quot;credit&quot;:&quot;&quot;,&quot;camera&quot;:&quot;&quot;,&quot;caption&quot;:&quot;&quot;,&quot;created_timestamp&quot;:&quot;0&quot;,&quot;copyright&quot;:&quot;&quot;,&quot;focal_length&quot;:&quot;0&quot;,&quot;iso&quot;:&quot;0&quot;,&quot;shutter_speed&quot;:&quot;0&quot;,&quot;title&quot;:&quot;&quot;,&quot;orientation&quot;:&quot;0&quot;}\" data-image-title=\"Relojes33\" data-image-description=\"&lt;p&gt;\u00bfQU\u00c9 HORA ES?.- Este hermoso reloj incrustado en madera, es obra de la creatividad de N\u00e9stor, quien recientemente se incorpor\u00f3 al mundo de los artesanos de nuestra comuna.&lt;\/p&gt; \" data-medium-file=\"https:\/\/i0.wp.com\/eltrabajo.cl\/portal\/wp-content\/uploads\/2016\/01\/Relojes33.jpg?fit=300%2C198&#038;ssl=1\" data-large-file=\"https:\/\/i0.wp.com\/eltrabajo.cl\/portal\/wp-content\/uploads\/2016\/01\/Relojes33.jpg?fit=530%2C350&#038;ssl=1\" src=\"https:\/\/i0.wp.com\/eltrabajo.cl\/portal\/wp-content\/uploads\/2016\/01\/Relojes33.jpg?w=316&#038;h=209&#038;ssl=1\" srcset=\"https:\/\/i0.wp.com\/eltrabajo.cl\/portal\/wp-content\/uploads\/2016\/01\/Relojes33.jpg?w=530&amp;ssl=1 530w, https:\/\/i0.wp.com\/eltrabajo.cl\/portal\/wp-content\/uploads\/2016\/01\/Relojes33.jpg?resize=200%2C132&amp;ssl=1 200w, https:\/\/i0.wp.com\/eltrabajo.cl\/portal\/wp-content\/uploads\/2016\/01\/Relojes33.jpg?resize=300%2C198&amp;ssl=1 300w, https:\/\/i0.wp.com\/eltrabajo.cl\/portal\/wp-content\/uploads\/2016\/01\/Relojes33.jpg?resize=227%2C150&amp;ssl=1 227w, https:\/\/i0.wp.com\/eltrabajo.cl\/portal\/wp-content\/uploads\/2016\/01\/Relojes33.jpg?resize=400%2C264&amp;ssl=1 400w\" width=\"316\" height=\"209\" loading=\"lazy\" data-original-width=\"316\" data-original-height=\"209\" itemprop=\"http:\/\/schema.org\/image\" title=\"Relojes33\" alt=\"\u00bfQU\u00c9 HORA ES?.- Este hermoso reloj incrustado en madera, es obra de la creatividad de N\u00e9stor, quien recientemente se incorpor\u00f3 al mundo de los artesanos de nuestra comuna.\" style=\"width: 316px; height: 209px;\" \/> <\/a> <div class=\"tiled-gallery-caption\" itemprop=\"caption description\"> \u00bfQU\u00c9 HORA ES?.- Este hermoso reloj incrustado en madera, es obra de la creatividad de N\u00e9stor, quien recientemente se incorpor\u00f3 al mundo de los artesanos de nuestra comuna. <\/div> <\/div> <\/div> <!-- close group --> <\/div> <!-- close row --> <\/div>\n","protected":false},"excerpt":{"rendered":"<p>Hoy en Diario El Trabajo queremos presentar a un nuevo artesano sanfelipe\u00f1o, quien apenas hace tres meses inici\u00f3 actividades en este oficio, se trata de N\u00e9stor Su\u00e1rez, quien con su trabajo en&#8230;<\/p>\n","protected":false},"author":482,"featured_media":66053,"comment_status":"open","ping_status":"open","sticky":false,"template":"","format":"standard","meta":{"advanced_seo_description":"","jetpack_seo_html_title":"","jetpack_seo_noindex":false,"_jetpack_memberships_contains_paid_content":false,"footnotes":""},"categories":[15],"tags":[],"class_list":["post-66051","post","type-post","status-publish","format-standard","has-post-thumbnail","hentry","category-comunidad"],"jetpack_featured_media_url":"https:\/\/i0.wp.com\/eltrabajo.cl\/portal\/wp-content\/uploads\/2016\/01\/Nestor33.jpg?fit=530%2C348&ssl=1","jetpack_sharing_enabled":true,"jetpack_likes_enabled":true,"jetpack-related-posts":[],"_links":{"self":[{"href":"https:\/\/eltrabajo.cl\/portal\/wp-json\/wp\/v2\/posts\/66051","targetHints":{"allow":["GET"]}}],"collection":[{"href":"https:\/\/eltrabajo.cl\/portal\/wp-json\/wp\/v2\/posts"}],"about":[{"href":"https:\/\/eltrabajo.cl\/portal\/wp-json\/wp\/v2\/types\/post"}],"author":[{"embeddable":true,"href":"https:\/\/eltrabajo.cl\/portal\/wp-json\/wp\/v2\/users\/482"}],"replies":[{"embeddable":true,"href":"https:\/\/eltrabajo.cl\/portal\/wp-json\/wp\/v2\/comments?post=66051"}],"version-history":[{"count":0,"href":"https:\/\/eltrabajo.cl\/portal\/wp-json\/wp\/v2\/posts\/66051\/revisions"}],"wp:featuredmedia":[{"embeddable":true,"href":"https:\/\/eltrabajo.cl\/portal\/wp-json\/wp\/v2\/media\/66053"}],"wp:attachment":[{"href":"https:\/\/eltrabajo.cl\/portal\/wp-json\/wp\/v2\/media?parent=66051"}],"wp:term":[{"taxonomy":"category","embeddable":true,"href":"https:\/\/eltrabajo.cl\/portal\/wp-json\/wp\/v2\/categories?post=66051"},{"taxonomy":"post_tag","embeddable":true,"href":"https:\/\/eltrabajo.cl\/portal\/wp-json\/wp\/v2\/tags?post=66051"}],"curies":[{"name":"wp","href":"https:\/\/api.w.org\/{rel}","templated":true}]}}