{"id":66057,"date":"2016-01-22T09:44:11","date_gmt":"2016-01-22T12:44:11","guid":{"rendered":"http:\/\/www.eltrabajo.cl\/portal\/?p=66057"},"modified":"2016-01-22T09:44:11","modified_gmt":"2016-01-22T12:44:11","slug":"crianceros-denuncian-ataques-de-pumas-en-sectores-de-los-patos-y-el-manzano","status":"publish","type":"post","link":"https:\/\/eltrabajo.cl\/portal\/crianceros-denuncian-ataques-de-pumas-en-sectores-de-los-patos-y-el-manzano\/","title":{"rendered":"Crianceros denuncian ataques de pumas en sectores de Los Patos y El Manzano"},"content":{"rendered":"<figure id=\"attachment_66058\" aria-describedby=\"caption-attachment-66058\" style=\"width: 300px\" class=\"wp-caption alignleft\"><img data-recalc-dims=\"1\" loading=\"lazy\" decoding=\"async\" class=\"wp-image-66058 size-medium\" src=\"https:\/\/i0.wp.com\/www.eltrabajo.cl\/portal\/wp-content\/uploads\/2016\/01\/Puma-300x198.jpg?resize=300%2C198\" alt=\"Se tratar\u00eda de m\u00e1s de un Puma que ha realizado ataques hacia ganado caprino en los sectores de Los Patos y El Manzano. (Foto referencial)\" width=\"300\" height=\"198\" srcset=\"https:\/\/i0.wp.com\/eltrabajo.cl\/portal\/wp-content\/uploads\/2016\/01\/Puma.jpg?resize=300%2C198&amp;ssl=1 300w, https:\/\/i0.wp.com\/eltrabajo.cl\/portal\/wp-content\/uploads\/2016\/01\/Puma.jpg?resize=200%2C132&amp;ssl=1 200w, https:\/\/i0.wp.com\/eltrabajo.cl\/portal\/wp-content\/uploads\/2016\/01\/Puma.jpg?resize=228%2C150&amp;ssl=1 228w, https:\/\/i0.wp.com\/eltrabajo.cl\/portal\/wp-content\/uploads\/2016\/01\/Puma.jpg?resize=400%2C263&amp;ssl=1 400w, https:\/\/i0.wp.com\/eltrabajo.cl\/portal\/wp-content\/uploads\/2016\/01\/Puma.jpg?w=530&amp;ssl=1 530w\" sizes=\"auto, (max-width: 300px) 100vw, 300px\" \/><figcaption id=\"caption-attachment-66058\" class=\"wp-caption-text\">Se tratar\u00eda de m\u00e1s de un Puma que ha realizado ataques hacia ganado caprino en los sectores de Los Patos y El Manzano. (Foto referencial)<\/figcaption><\/figure>\n<p><strong>PUTAENDO<\/strong>.- Una denuncia de car\u00e1cter formal y otras tantas informales recibi\u00f3 el Servicio Agr\u00edcola y Ganadero (SAG) relacionadas con el ataque de pumas hacia ganado caprino en los sectores de Los Patos y El Manzano.<br \/>\nLa informaci\u00f3n que ha sido entregada al organismo por parte de los mismos afectados data desde septiembre del a\u00f1o 2015, donde se denunciaron casos de constantes ataques de un puma a ganado caprino perteneciente a un residente del sector Los Patos, quien asegur\u00f3 que el animal atac\u00f3 a su ganado al menos en cuatro ocasiones, matando hasta tres o cuatro cabras por d\u00eda.<br \/>\nEn tanto, otros afectados del sector El Manzano, en el camino que conduce hacia la comuna de Cabildo, aseguraron a nuestro medio que han sufrido la misma situaci\u00f3n, descartando que se trate de mismo ejemplar, principalmente debido a la distancia que existe con la localidad de Los Patos. Uno de ellos incluso afirm\u00f3 que a finales del a\u00f1o pasado dio muerte a un puma que en s\u00f3lo una semana hab\u00eda terminado con la vida de m\u00e1s de una decena de cabras.<br \/>\nOtro de los crianceros denunciantes, que pidi\u00f3 reserva de su identidad, expres\u00f3 que esta situaci\u00f3n es muy extra\u00f1a, afirmando que el puma evita acercarse hasta zonas pobladas, y agreg\u00f3 que manejan como hip\u00f3tesis que estos animales hayan sido liberados por el mismo SAG en alg\u00fan sector de la cordillera.<br \/>\nTratamos infructuosamente de consultar esta informaci\u00f3n con el Servicio Agr\u00edcola y Ganadero, pero se nos indic\u00f3 que no ten\u00edan personal disponible y que deb\u00edamos consultar al director regional de la instituci\u00f3n v\u00eda correo electr\u00f3nico.<br \/>\nEsta informaci\u00f3n ya es manejada por el Prodesal de la Municipalidad de Putaendo, que habr\u00eda recibido varias denuncias que los llevaron a contactarse con el S.A.G, que se habr\u00eda constituido en el sector Los Patos para definir los cursos de acci\u00f3n respectivos.<br \/>\n<strong>Patricio Gallardo M.<\/strong><\/p>\n","protected":false},"excerpt":{"rendered":"<p>PUTAENDO.- Una denuncia de car\u00e1cter formal y otras tantas informales recibi\u00f3 el Servicio Agr\u00edcola y Ganadero (SAG) relacionadas con el ataque de pumas hacia ganado caprino en los sectores de Los Patos&#8230;<\/p>\n","protected":false},"author":482,"featured_media":66058,"comment_status":"open","ping_status":"open","sticky":false,"template":"","format":"standard","meta":{"advanced_seo_description":"","jetpack_seo_html_title":"","jetpack_seo_noindex":false,"_jetpack_memberships_contains_paid_content":false,"footnotes":""},"categories":[15],"tags":[],"class_list":["post-66057","post","type-post","status-publish","format-standard","has-post-thumbnail","hentry","category-comunidad"],"jetpack_featured_media_url":"https:\/\/i0.wp.com\/eltrabajo.cl\/portal\/wp-content\/uploads\/2016\/01\/Puma.jpg?fit=530%2C349&ssl=1","jetpack_sharing_enabled":true,"jetpack_likes_enabled":true,"jetpack-related-posts":[],"_links":{"self":[{"href":"https:\/\/eltrabajo.cl\/portal\/wp-json\/wp\/v2\/posts\/66057","targetHints":{"allow":["GET"]}}],"collection":[{"href":"https:\/\/eltrabajo.cl\/portal\/wp-json\/wp\/v2\/posts"}],"about":[{"href":"https:\/\/eltrabajo.cl\/portal\/wp-json\/wp\/v2\/types\/post"}],"author":[{"embeddable":true,"href":"https:\/\/eltrabajo.cl\/portal\/wp-json\/wp\/v2\/users\/482"}],"replies":[{"embeddable":true,"href":"https:\/\/eltrabajo.cl\/portal\/wp-json\/wp\/v2\/comments?post=66057"}],"version-history":[{"count":0,"href":"https:\/\/eltrabajo.cl\/portal\/wp-json\/wp\/v2\/posts\/66057\/revisions"}],"wp:featuredmedia":[{"embeddable":true,"href":"https:\/\/eltrabajo.cl\/portal\/wp-json\/wp\/v2\/media\/66058"}],"wp:attachment":[{"href":"https:\/\/eltrabajo.cl\/portal\/wp-json\/wp\/v2\/media?parent=66057"}],"wp:term":[{"taxonomy":"category","embeddable":true,"href":"https:\/\/eltrabajo.cl\/portal\/wp-json\/wp\/v2\/categories?post=66057"},{"taxonomy":"post_tag","embeddable":true,"href":"https:\/\/eltrabajo.cl\/portal\/wp-json\/wp\/v2\/tags?post=66057"}],"curies":[{"name":"wp","href":"https:\/\/api.w.org\/{rel}","templated":true}]}}