{"id":66064,"date":"2016-01-22T09:48:08","date_gmt":"2016-01-22T12:48:08","guid":{"rendered":"http:\/\/www.eltrabajo.cl\/portal\/?p=66064"},"modified":"2016-01-22T09:48:08","modified_gmt":"2016-01-22T12:48:08","slug":"autoridades-condenan-intento-de-femicidio-ocurrido-en-la-comuna-de-san-esteban","status":"publish","type":"post","link":"https:\/\/eltrabajo.cl\/portal\/autoridades-condenan-intento-de-femicidio-ocurrido-en-la-comuna-de-san-esteban\/","title":{"rendered":"Autoridades condenan intento de Femicidio ocurrido en la comuna de San Esteban"},"content":{"rendered":"<figure id=\"attachment_66065\" aria-describedby=\"caption-attachment-66065\" style=\"width: 300px\" class=\"wp-caption alignleft\"><img data-recalc-dims=\"1\" loading=\"lazy\" decoding=\"async\" class=\"wp-image-66065 size-medium\" src=\"https:\/\/i0.wp.com\/www.eltrabajo.cl\/portal\/wp-content\/uploads\/2016\/01\/Karina-Espinoza-Sernam-Prodemu-300x198.jpg?resize=300%2C198\" alt=\"Directora Provincial de la Fundaci\u00f3n Prodemu Karina Espinoza Lushinger.\" width=\"300\" height=\"198\" srcset=\"https:\/\/i0.wp.com\/eltrabajo.cl\/portal\/wp-content\/uploads\/2016\/01\/Karina-Espinoza-Sernam-Prodemu.jpg?resize=300%2C198&amp;ssl=1 300w, https:\/\/i0.wp.com\/eltrabajo.cl\/portal\/wp-content\/uploads\/2016\/01\/Karina-Espinoza-Sernam-Prodemu.jpg?resize=200%2C132&amp;ssl=1 200w, https:\/\/i0.wp.com\/eltrabajo.cl\/portal\/wp-content\/uploads\/2016\/01\/Karina-Espinoza-Sernam-Prodemu.jpg?resize=227%2C150&amp;ssl=1 227w, https:\/\/i0.wp.com\/eltrabajo.cl\/portal\/wp-content\/uploads\/2016\/01\/Karina-Espinoza-Sernam-Prodemu.jpg?resize=400%2C264&amp;ssl=1 400w, https:\/\/i0.wp.com\/eltrabajo.cl\/portal\/wp-content\/uploads\/2016\/01\/Karina-Espinoza-Sernam-Prodemu.jpg?w=530&amp;ssl=1 530w\" sizes=\"auto, (max-width: 300px) 100vw, 300px\" \/><figcaption id=\"caption-attachment-66065\" class=\"wp-caption-text\">Directora Provincial de la Fundaci\u00f3n Prodemu Karina Espinoza Lushinger.<\/figcaption><\/figure>\n<ul>\n<li><strong>Directora de Prodemu expres\u00f3 que buscar\u00e1n ayudar a la v\u00edctima de este caso que afortunadamente no result\u00f3 lesionada.<\/strong><\/li>\n<\/ul>\n<p><strong>LOS ANDES<\/strong>.- Durante la reuni\u00f3n de coordinaci\u00f3n para su trabajo anual con mujeres de la provincia, la Directora Provincial de la Fundaci\u00f3n Prodemu Karina Espinoza Lushinger conden\u00f3 el intento de Femicidio ocurrido en la comuna de San Esteban que dio a conocer el d\u00eda de ayer.<br \/>\nLa directora lament\u00f3 que este tipo de hechos contin\u00faen ocurriendo en la provincia, \u201cgracias a Dios esto no pas\u00f3 a mayores y con el Centro de la Mujer estamos coordinando la forma de poder ayudar a la mujer v\u00edctima de estos hechos\u201d.<br \/>\nAgreg\u00f3 que este caso demuestra que la violencia intrafamiliar traspasa todas las edades, tal como ocurri\u00f3 ahora en que v\u00edctima y agresor son adultos mayores, \u201cpues se trata de un tema cultural que est\u00e1 arraigado en nuestra cultura, Chile es un pa\u00eds machista en el cual a nosotros como mujeres nos ha costado bastante abrirnos paso y hacernos valer, por lo tanto es un trabajo arduo, es dif\u00edcil hacer consciencia, hay que partir desde chicos en los colegios, en los hogares, pero no es una tarea imposible y para eso estamos nosotros\u201d.<br \/>\nKarina Espinoza reiter\u00f3 el llamado a las personas a denunciar este tipo de hechos para poder adoptar las medidas pertinentes y evitar as\u00ed que ocurran nuevos Femicidios.<\/p>\n<p><strong>TRABAJO ANUAL.<\/strong><br \/>\nPor otra parte, la directora se\u00f1al\u00f3 que sostuvieron un encuentro con las encargadas del programa de jefas de hogar de las cuatro comunas de la provincia fin de delinear todo el trabajo para este a\u00f1o 2016 que estar\u00e1 marcado por la discusi\u00f3n y aprobaci\u00f3n de la ley de aborto en tres causales y la ley de cuotas.<br \/>\nMencion\u00f3 que la idea es trabajar en conjunto estos temas y tambi\u00e9n abocarse muy fuertemente a lo que es la prevenci\u00f3n y denuncia de casos de violencia intrafamiliar.<\/p>\n","protected":false},"excerpt":{"rendered":"<p>Directora de Prodemu expres\u00f3 que buscar\u00e1n ayudar a la v\u00edctima de este caso que afortunadamente no result\u00f3 lesionada. LOS ANDES.- Durante la reuni\u00f3n de coordinaci\u00f3n para su trabajo anual con mujeres de&#8230;<\/p>\n","protected":false},"author":482,"featured_media":66065,"comment_status":"open","ping_status":"open","sticky":false,"template":"","format":"standard","meta":{"advanced_seo_description":"","jetpack_seo_html_title":"","jetpack_seo_noindex":false,"_jetpack_memberships_contains_paid_content":false,"footnotes":""},"categories":[1],"tags":[],"class_list":["post-66064","post","type-post","status-publish","format-standard","has-post-thumbnail","hentry","category-cronica"],"jetpack_featured_media_url":"https:\/\/i0.wp.com\/eltrabajo.cl\/portal\/wp-content\/uploads\/2016\/01\/Karina-Espinoza-Sernam-Prodemu.jpg?fit=530%2C350&ssl=1","jetpack_sharing_enabled":true,"jetpack_likes_enabled":true,"jetpack-related-posts":[],"_links":{"self":[{"href":"https:\/\/eltrabajo.cl\/portal\/wp-json\/wp\/v2\/posts\/66064","targetHints":{"allow":["GET"]}}],"collection":[{"href":"https:\/\/eltrabajo.cl\/portal\/wp-json\/wp\/v2\/posts"}],"about":[{"href":"https:\/\/eltrabajo.cl\/portal\/wp-json\/wp\/v2\/types\/post"}],"author":[{"embeddable":true,"href":"https:\/\/eltrabajo.cl\/portal\/wp-json\/wp\/v2\/users\/482"}],"replies":[{"embeddable":true,"href":"https:\/\/eltrabajo.cl\/portal\/wp-json\/wp\/v2\/comments?post=66064"}],"version-history":[{"count":0,"href":"https:\/\/eltrabajo.cl\/portal\/wp-json\/wp\/v2\/posts\/66064\/revisions"}],"wp:featuredmedia":[{"embeddable":true,"href":"https:\/\/eltrabajo.cl\/portal\/wp-json\/wp\/v2\/media\/66065"}],"wp:attachment":[{"href":"https:\/\/eltrabajo.cl\/portal\/wp-json\/wp\/v2\/media?parent=66064"}],"wp:term":[{"taxonomy":"category","embeddable":true,"href":"https:\/\/eltrabajo.cl\/portal\/wp-json\/wp\/v2\/categories?post=66064"},{"taxonomy":"post_tag","embeddable":true,"href":"https:\/\/eltrabajo.cl\/portal\/wp-json\/wp\/v2\/tags?post=66064"}],"curies":[{"name":"wp","href":"https:\/\/api.w.org\/{rel}","templated":true}]}}