{"id":66067,"date":"2016-01-22T09:50:33","date_gmt":"2016-01-22T12:50:33","guid":{"rendered":"http:\/\/www.eltrabajo.cl\/portal\/?p=66067"},"modified":"2016-01-22T09:50:33","modified_gmt":"2016-01-22T12:50:33","slug":"chico-trujillo-los-vasquez-y-tito-fernandez-participaran-de-una-nueva-version-de-la-chaya-de-putaendo","status":"publish","type":"post","link":"https:\/\/eltrabajo.cl\/portal\/chico-trujillo-los-vasquez-y-tito-fernandez-participaran-de-una-nueva-version-de-la-chaya-de-putaendo\/","title":{"rendered":"Chico Trujillo, Los V\u00e1squez y Tito Fern\u00e1ndez participar\u00e1n de una nueva versi\u00f3n de la Chaya de Putaendo"},"content":{"rendered":"<figure id=\"attachment_66068\" aria-describedby=\"caption-attachment-66068\" style=\"width: 300px\" class=\"wp-caption alignleft\"><img data-recalc-dims=\"1\" loading=\"lazy\" decoding=\"async\" class=\"wp-image-66068 size-medium\" src=\"https:\/\/i0.wp.com\/www.eltrabajo.cl\/portal\/wp-content\/uploads\/2016\/01\/chaya-putaendo-300x198.jpg?resize=300%2C198\" alt=\"Desde el 12 al 20 de febrero se realizar\u00e1 una nueva versi\u00f3n de la Chaya de Putaendo 2016.\" width=\"300\" height=\"198\" srcset=\"https:\/\/i0.wp.com\/eltrabajo.cl\/portal\/wp-content\/uploads\/2016\/01\/chaya-putaendo.jpg?resize=300%2C198&amp;ssl=1 300w, https:\/\/i0.wp.com\/eltrabajo.cl\/portal\/wp-content\/uploads\/2016\/01\/chaya-putaendo.jpg?resize=200%2C132&amp;ssl=1 200w, https:\/\/i0.wp.com\/eltrabajo.cl\/portal\/wp-content\/uploads\/2016\/01\/chaya-putaendo.jpg?resize=227%2C150&amp;ssl=1 227w, https:\/\/i0.wp.com\/eltrabajo.cl\/portal\/wp-content\/uploads\/2016\/01\/chaya-putaendo.jpg?resize=400%2C264&amp;ssl=1 400w, https:\/\/i0.wp.com\/eltrabajo.cl\/portal\/wp-content\/uploads\/2016\/01\/chaya-putaendo.jpg?w=530&amp;ssl=1 530w\" sizes=\"auto, (max-width: 300px) 100vw, 300px\" \/><figcaption id=\"caption-attachment-66068\" class=\"wp-caption-text\">Desde el 12 al 20 de febrero se realizar\u00e1 una nueva versi\u00f3n de la Chaya de Putaendo 2016.<\/figcaption><\/figure>\n<ul>\n<li><strong>Artistas de nivel internacional, una tradici\u00f3n de casi 90 a\u00f1os y nueve d\u00edas seguidos de shows lo consolidan como \u2018El Carnaval m\u00e1s largo de Chile\u2019. La historia se actualiza puesto que las redes sociales jugar\u00e1n un rol importante en la #ChayaPutaendo2016.<\/strong><\/li>\n<\/ul>\n<p><strong>PUTAENDO.<\/strong>-Los V\u00e1squez, Chico Trujillo, Los Tres, Gepe, De Saloon, Banda Conmoci\u00f3n, Santa Feria, Jonas Sanche, La Banda en Flor, Chinoy, Pujillay, Tito Fern\u00e1ndez, Mirta Iturra, Luchito Huerta y sus Llaneros, Pedro \u2018Choro\u2019 Estay y la Sonora Malec\u00f3n son parte de la parrilla program\u00e1tica de la ya consolidada Chaya de Putaendo. En esta nueva versi\u00f3n 2016 se traen artistas para todos los gustos en la actividad calificada como el \u2018Carnaval m\u00e1s largo de Chile\u2019.<br \/>\nAs\u00ed lo expres\u00f3 el alcalde de Putaendo, Guillermo Reyes, quien encabeza la organizaci\u00f3n del certamen que este a\u00f1o se efectuar\u00e1 entre el 12 y el 20 de febrero. Son nueve d\u00edas -el evento musical gratuito m\u00e1s extenso del pa\u00eds- donde p\u00fablico de diferentes lugares llegan hasta la Plaza Prat de la comuna.<br \/>\n\u201cSabemos que somos unos de los eventos m\u00e1s grandes del verano en la regi\u00f3n. La gente de todo Aconcagua se pregunta siempre qui\u00e9nes son los que van a venir a nuestra Chaya. En los \u00faltimos a\u00f1os hemos sabido instaurar un sello de calidad y atractivo propio de nuestra comuna. No hay que olvidar que en ning\u00fan otro lugar se hace una actividad con artistas de renombre durante nueve d\u00edas seguidos. Realmente es una verdadera fiesta al aire libre y donde todos participamos. Somos el carnaval m\u00e1s largo de Chile\u201d, destac\u00f3 el alcalde.<br \/>\nAdem\u00e1s, se ha hecho hincapi\u00e9 en profesionalizar a los grupos locales que vendr\u00e1n este a\u00f1o. En los pr\u00f3ximos d\u00edas ser\u00e1n confirmados. La mayor\u00eda de ellos entraron a un \u2018coaching\u2019 financiado por el municipio, cuyo objetivo fue mejorar las capacidades art\u00edsticas de los m\u00fasicos de Putaendo.<br \/>\nPor otro lado, ya est\u00e1n disponibles las bases para la venta de pisos o stands para la Chaya. Hasta el 25 de enero se podr\u00e1n retirar y recibir las ofertas que est\u00e1n en la p\u00e1gina web institucional del municipio para el remate definitivo que se efectuar\u00e1 el pr\u00f3ximo martes 26 de este mes.<br \/>\nLa m\u00e1xima autoridad local tambi\u00e9n hizo el llamado a todos los asistentes e interesados a no comprar la t\u00f3xica espuma que suelen vender comerciantes clandestinos. \u201cTenemos totalmente prohibido vender espuma en los stands que estar\u00e1n durante esos d\u00edas. Hacemos el llamado a comerciantes y los padres a no comprar de esa espuma, que es altamente nociva para el cuerpo. Por favor, seamos cuidadosos con nuestros hijos y con el entorno tambi\u00e9n\u201d, recalc\u00f3 el edil.<br \/>\nDurante los d\u00edas de show estar\u00e1 disponible el hashtag#ChayaPutaendo2016, para todos aquellos que quieran compartir su foto en nuestra comuna por las redes sociales como Facebook, Twitter e Instagram. Por \u00faltimo, puede que aparezcan m\u00e1s sorpresas durante los pr\u00f3ximos d\u00edas, que ser\u00e1n informadas en su debido momento en lo que ser\u00e1 un carnaval inolvidable para toda la regi\u00f3n.<\/p>\n","protected":false},"excerpt":{"rendered":"<p>Artistas de nivel internacional, una tradici\u00f3n de casi 90 a\u00f1os y nueve d\u00edas seguidos de shows lo consolidan como \u2018El Carnaval m\u00e1s largo de Chile\u2019. La historia se actualiza puesto que las&#8230;<\/p>\n","protected":false},"author":482,"featured_media":66068,"comment_status":"open","ping_status":"open","sticky":false,"template":"","format":"standard","meta":{"advanced_seo_description":"","jetpack_seo_html_title":"","jetpack_seo_noindex":false,"_jetpack_memberships_contains_paid_content":false,"footnotes":""},"categories":[1],"tags":[],"class_list":["post-66067","post","type-post","status-publish","format-standard","has-post-thumbnail","hentry","category-cronica"],"jetpack_featured_media_url":"https:\/\/i0.wp.com\/eltrabajo.cl\/portal\/wp-content\/uploads\/2016\/01\/chaya-putaendo.jpg?fit=530%2C350&ssl=1","jetpack_sharing_enabled":true,"jetpack_likes_enabled":true,"jetpack-related-posts":[],"_links":{"self":[{"href":"https:\/\/eltrabajo.cl\/portal\/wp-json\/wp\/v2\/posts\/66067","targetHints":{"allow":["GET"]}}],"collection":[{"href":"https:\/\/eltrabajo.cl\/portal\/wp-json\/wp\/v2\/posts"}],"about":[{"href":"https:\/\/eltrabajo.cl\/portal\/wp-json\/wp\/v2\/types\/post"}],"author":[{"embeddable":true,"href":"https:\/\/eltrabajo.cl\/portal\/wp-json\/wp\/v2\/users\/482"}],"replies":[{"embeddable":true,"href":"https:\/\/eltrabajo.cl\/portal\/wp-json\/wp\/v2\/comments?post=66067"}],"version-history":[{"count":0,"href":"https:\/\/eltrabajo.cl\/portal\/wp-json\/wp\/v2\/posts\/66067\/revisions"}],"wp:featuredmedia":[{"embeddable":true,"href":"https:\/\/eltrabajo.cl\/portal\/wp-json\/wp\/v2\/media\/66068"}],"wp:attachment":[{"href":"https:\/\/eltrabajo.cl\/portal\/wp-json\/wp\/v2\/media?parent=66067"}],"wp:term":[{"taxonomy":"category","embeddable":true,"href":"https:\/\/eltrabajo.cl\/portal\/wp-json\/wp\/v2\/categories?post=66067"},{"taxonomy":"post_tag","embeddable":true,"href":"https:\/\/eltrabajo.cl\/portal\/wp-json\/wp\/v2\/tags?post=66067"}],"curies":[{"name":"wp","href":"https:\/\/api.w.org\/{rel}","templated":true}]}}