{"id":66070,"date":"2016-01-22T09:52:55","date_gmt":"2016-01-22T12:52:55","guid":{"rendered":"http:\/\/www.eltrabajo.cl\/portal\/?p=66070"},"modified":"2016-01-22T09:52:55","modified_gmt":"2016-01-22T12:52:55","slug":"sercotec-financio-con-90-millones-diversos-proyectos-de-las-ferias-libres-del-valle-de-aconcagua","status":"publish","type":"post","link":"https:\/\/eltrabajo.cl\/portal\/sercotec-financio-con-90-millones-diversos-proyectos-de-las-ferias-libres-del-valle-de-aconcagua\/","title":{"rendered":"Sercotec financi\u00f3 con $ 90 millones diversos proyectos de las Ferias Libres del Valle de Aconcagua"},"content":{"rendered":"<figure id=\"attachment_66071\" aria-describedby=\"caption-attachment-66071\" style=\"width: 300px\" class=\"wp-caption alignleft\"><img data-recalc-dims=\"1\" loading=\"lazy\" decoding=\"async\" class=\"wp-image-66071 size-medium\" src=\"https:\/\/i0.wp.com\/www.eltrabajo.cl\/portal\/wp-content\/uploads\/2016\/01\/FOTO-1-Director-Regional-de-SERCOTEC-Victor-Hugo-Fernan-300x198.jpg?resize=300%2C198\" alt=\"Director Regional de Sercotec V\u00edctor Hugo Fern\u00e1ndez, junto al alcalde Patricio Freire y al gobernador de la provincia Eduardo Le\u00f3n, hicieron entrega de la certificaci\u00f3n del proyecto de cierre perimetral que benefici\u00f3 a los feriantes Mayoristas de San Felipe\" width=\"300\" height=\"198\" srcset=\"https:\/\/i0.wp.com\/eltrabajo.cl\/portal\/wp-content\/uploads\/2016\/01\/FOTO-1-Director-Regional-de-SERCOTEC-Victor-Hugo-Fernan.jpg?resize=300%2C198&amp;ssl=1 300w, https:\/\/i0.wp.com\/eltrabajo.cl\/portal\/wp-content\/uploads\/2016\/01\/FOTO-1-Director-Regional-de-SERCOTEC-Victor-Hugo-Fernan.jpg?resize=200%2C132&amp;ssl=1 200w, https:\/\/i0.wp.com\/eltrabajo.cl\/portal\/wp-content\/uploads\/2016\/01\/FOTO-1-Director-Regional-de-SERCOTEC-Victor-Hugo-Fernan.jpg?resize=227%2C150&amp;ssl=1 227w, https:\/\/i0.wp.com\/eltrabajo.cl\/portal\/wp-content\/uploads\/2016\/01\/FOTO-1-Director-Regional-de-SERCOTEC-Victor-Hugo-Fernan.jpg?resize=400%2C264&amp;ssl=1 400w, https:\/\/i0.wp.com\/eltrabajo.cl\/portal\/wp-content\/uploads\/2016\/01\/FOTO-1-Director-Regional-de-SERCOTEC-Victor-Hugo-Fernan.jpg?w=530&amp;ssl=1 530w\" sizes=\"auto, (max-width: 300px) 100vw, 300px\" \/><figcaption id=\"caption-attachment-66071\" class=\"wp-caption-text\">Director Regional de Sercotec V\u00edctor Hugo Fern\u00e1ndez, junto al alcalde Patricio Freire y al gobernador de la provincia Eduardo Le\u00f3n, hicieron entrega de la certificaci\u00f3n del proyecto de cierre perimetral que benefici\u00f3 a los feriantes Mayoristas de San Felipe<\/figcaption><\/figure>\n<ul>\n<li><strong>Las Agrupaciones beneficiadas fueron: Feriantes Mayoristas Afema S.A, Agr\u00edcola de San Felipe y Mercado Central; Agrupaci\u00f3n Feria de Llay-Llay, Agrupaci\u00f3n Feria Libre La Torre de Llay-Llay; Feria Comercial, Artesanal y Otros Valle Hermoso de Catemu y por \u00faltimo la Feria Libre de Los Andes.<\/strong><\/li>\n<\/ul>\n<p>El Servicio de Cooperaci\u00f3n T\u00e9cnica, Sercotec, junto a la Gobernaci\u00f3n Provincial y a la Municipalidad de San Felipe, certificaron en la jornada de ayer los distintos proyectos ejecutados en diversas ferias libres del Valle de Aconcagua, con una inversi\u00f3n cercana a los 90 millones de pesos.<br \/>\nEl presupuesto para estos programas, surge del Fondo de Desarrollo de Ferias Libres del Gobierno de la Presidenta Michelle Bachelet del a\u00f1o 2015 y apoya a los feriantes no s\u00f3lo con inversi\u00f3n en infraestructura y equipamiento, sino tambi\u00e9n en el fortalecimiento de ellos a trav\u00e9s de capacitaci\u00f3n y asesor\u00edas.<br \/>\nAs\u00ed lo inform\u00f3 el Director Regional de Sercotec, V\u00edctor Hugo Fern\u00e1ndez quien destac\u00f3 que \u201ceste es un compromiso cumplido que se facilita mucho con el apoyo de los gobiernos locales, en este caso con la Municipalidad de San Felipe, que a trav\u00e9s de un fomento productivo que es activo facilita nuestro trabajo y nos complementa al igual que ocurre con la gobernaci\u00f3n provincial\u201d, adujo.<br \/>\nRespecto de qu\u00e9 tipo de proyectos se vieron beneficiados con los recursos dispuestos, Fern\u00e1ndez cont\u00f3 que \u201ceste a\u00f1o tuvimos cierres perimetrales, pavimentos, mejoramiento de locales, etc.\u201d, agregando que \u201clos recursos para este programa han ido aumentado. El a\u00f1o 2015 la Presidenta dispuso 1.600 millones y se espera que para este a\u00f1o se espera un presupuesto de 2 mil millones\u201d, puntualiz\u00f3.<br \/>\nEn cuanto a la relevancia que tiene para los feriantes, el hecho de recibir capacitaciones, el Director Regional apunt\u00f3 que \u201cla asistencia t\u00e9cnica es fundamental, porque hoy en d\u00eda el feriante tiene la dignidad de microempresario, por lo tanto va a formar parte de los centro de desarrollo de negocios, que es el modelo de apoyo a la microempresa\u201d, enfatiz\u00f3.<br \/>\nA prop\u00f3sito de c\u00f3mo se puede llegar a ser parte de estos proyectos, Fern\u00e1ndez relat\u00f3 que \u201cen el mes de marzo o abril se abre la postulaci\u00f3n, la encargada es de ac\u00e1 mismo de San Felipe y ella ya conoce a cada uno de los integrantes, los convoca para explicarles cu\u00e1les son las bases de un nuevo proyecto y el requisito es solamente tener alg\u00fan tipo de asociaci\u00f3n gremial, sindicato y que no tengan deudas con el Estado\u201d, record\u00f3.<br \/>\nPor su parte, Osm\u00e1n Rathje, representante de los feriantes mayoristas, Afema S.A de San Felipe, asegur\u00f3 que este beneficio los insta a seguir trabajando en pos de conseguir nuevos financiamientos y asever\u00f3 que \u201cestamos muy agradecidos porque es primera vez que nos dan un par de lucas y fueron extraordinariamente buenas para construir un cierre perimetral que sali\u00f3 caro, pero gracias a Sercotec y a nuestro aporte lo pudimos sacar adelante y ahora vamos por m\u00e1s, quedamos con gustito a poco y ahora tenemos pensado hacer un sal\u00f3n de eventos grande\u201d, sostuvo.<br \/>\nA su vez el alcalde de San Felipe Patricio Freire, asegur\u00f3 que la buena coordinaci\u00f3n de los feriantes contribuy\u00f3 a obtener parte de estos recursos, manifestando que \u201ccuando hay una organizaci\u00f3n, como la de estos trabajadores y tienen sue\u00f1os que cumplir, al municipio no le queda m\u00e1s que sumarse a ellos, hacer la gesti\u00f3n, los proyectos, los dise\u00f1os y postularlos. El apoyo de Sercotec ha sido fundamental, vamos haciendo todo por etapas y eso los tiene a ellos empoderados como organizaci\u00f3n\u201d, expres\u00f3<br \/>\nLa inversi\u00f3n de Sercotec en las ferias libres de la Provincia de San Felipe alcanz\u00f3 los 76 millones de pesos, beneficiando a 380 locatarios, mientras que en la Provincia de Los Andes el financiamiento lleg\u00f3 a los 11 millones 400 mil pesos, favoreciendo a 57 feriantes.<br \/>\nLas agrupaciones beneficiadas fueron Feriantes Mayoristas Afema S.A, Mercado Central y Agr\u00edcola de San Felipe: Agrupaci\u00f3n Feria de Llay-Llay, Agrupaci\u00f3n Feria Libre La Torre de Llay-Llay; Feria Comercial, Artesanal y Otros Valle Hermoso de Catemu y por \u00faltimo la Feria Libre de Los Andes.<\/p>\n<div class=\"tiled-gallery type-rectangular tiled-gallery-unresized\" data-original-width=\"640\" data-carousel-extra='null' itemscope itemtype=\"http:\/\/schema.org\/ImageGallery\" > <div class=\"gallery-row\" style=\"width: 640px; height: 211px;\" data-original-width=\"640\" data-original-height=\"211\" > <div class=\"gallery-group images-1\" style=\"width: 320px; height: 211px;\" data-original-width=\"320\" data-original-height=\"211\" > <div class=\"tiled-gallery-item tiled-gallery-item-large\" itemprop=\"associatedMedia\" itemscope itemtype=\"http:\/\/schema.org\/ImageObject\"> <a href=\"https:\/\/eltrabajo.cl\/portal\/sercotec-financio-con-90-millones-diversos-proyectos-de-las-ferias-libres-del-valle-de-aconcagua\/foto-2-victor-hugo-fernandez\/\" border=\"0\" itemprop=\"url\"> <meta itemprop=\"width\" content=\"316\"> <meta itemprop=\"height\" content=\"207\"> <img decoding=\"async\" class=\"\" data-attachment-id=\"66072\" data-orig-file=\"https:\/\/eltrabajo.cl\/portal\/wp-content\/uploads\/2016\/01\/FOTO-2-ViCTOR-HUGO-FERNANDEZ.jpg\" data-orig-size=\"530,348\" data-comments-opened=\"1\" data-image-meta=\"{&quot;aperture&quot;:&quot;0&quot;,&quot;credit&quot;:&quot;&quot;,&quot;camera&quot;:&quot;&quot;,&quot;caption&quot;:&quot;&quot;,&quot;created_timestamp&quot;:&quot;0&quot;,&quot;copyright&quot;:&quot;Copyright 2012&quot;,&quot;focal_length&quot;:&quot;0&quot;,&quot;iso&quot;:&quot;0&quot;,&quot;shutter_speed&quot;:&quot;0&quot;,&quot;title&quot;:&quot;&quot;,&quot;orientation&quot;:&quot;0&quot;}\" data-image-title=\"FOTO 2 ViCTOR HUGO FERNANDEZ\" data-image-description=\"&lt;p&gt;V\u00edctor Hugo Fern\u00e1ndez, director regional de Sercotec.&lt;\/p&gt; \" data-medium-file=\"https:\/\/i0.wp.com\/eltrabajo.cl\/portal\/wp-content\/uploads\/2016\/01\/FOTO-2-ViCTOR-HUGO-FERNANDEZ.jpg?fit=300%2C197&#038;ssl=1\" data-large-file=\"https:\/\/i0.wp.com\/eltrabajo.cl\/portal\/wp-content\/uploads\/2016\/01\/FOTO-2-ViCTOR-HUGO-FERNANDEZ.jpg?fit=530%2C348&#038;ssl=1\" src=\"https:\/\/i0.wp.com\/eltrabajo.cl\/portal\/wp-content\/uploads\/2016\/01\/FOTO-2-ViCTOR-HUGO-FERNANDEZ.jpg?w=316&#038;h=207&#038;ssl=1\" srcset=\"https:\/\/i0.wp.com\/eltrabajo.cl\/portal\/wp-content\/uploads\/2016\/01\/FOTO-2-ViCTOR-HUGO-FERNANDEZ.jpg?w=530&amp;ssl=1 530w, https:\/\/i0.wp.com\/eltrabajo.cl\/portal\/wp-content\/uploads\/2016\/01\/FOTO-2-ViCTOR-HUGO-FERNANDEZ.jpg?resize=200%2C131&amp;ssl=1 200w, https:\/\/i0.wp.com\/eltrabajo.cl\/portal\/wp-content\/uploads\/2016\/01\/FOTO-2-ViCTOR-HUGO-FERNANDEZ.jpg?resize=300%2C197&amp;ssl=1 300w, https:\/\/i0.wp.com\/eltrabajo.cl\/portal\/wp-content\/uploads\/2016\/01\/FOTO-2-ViCTOR-HUGO-FERNANDEZ.jpg?resize=228%2C150&amp;ssl=1 228w, https:\/\/i0.wp.com\/eltrabajo.cl\/portal\/wp-content\/uploads\/2016\/01\/FOTO-2-ViCTOR-HUGO-FERNANDEZ.jpg?resize=400%2C263&amp;ssl=1 400w\" width=\"316\" height=\"207\" loading=\"lazy\" data-original-width=\"316\" data-original-height=\"207\" itemprop=\"http:\/\/schema.org\/image\" title=\"FOTO 2 ViCTOR HUGO FERNANDEZ\" alt=\"V\u00edctor Hugo Fern\u00e1ndez, director regional de Sercotec.\" style=\"width: 316px; height: 207px;\" \/> <\/a> <div class=\"tiled-gallery-caption\" itemprop=\"caption description\"> V\u00edctor Hugo Fern\u00e1ndez, director regional de Sercotec. <\/div> <\/div> <\/div> <!-- close group --> <div class=\"gallery-group images-1\" style=\"width: 320px; height: 211px;\" data-original-width=\"320\" data-original-height=\"211\" > <div class=\"tiled-gallery-item tiled-gallery-item-large\" itemprop=\"associatedMedia\" itemscope itemtype=\"http:\/\/schema.org\/ImageObject\"> <a href=\"https:\/\/eltrabajo.cl\/portal\/sercotec-financio-con-90-millones-diversos-proyectos-de-las-ferias-libres-del-valle-de-aconcagua\/foto-3-osman-rathje-representante\/\" border=\"0\" itemprop=\"url\"> <meta itemprop=\"width\" content=\"316\"> <meta itemprop=\"height\" content=\"207\"> <img decoding=\"async\" class=\"\" data-attachment-id=\"66073\" data-orig-file=\"https:\/\/eltrabajo.cl\/portal\/wp-content\/uploads\/2016\/01\/FOTO-3-OSMAN-RATHJE-REPRESENTANTE-.jpg\" data-orig-size=\"530,348\" data-comments-opened=\"1\" data-image-meta=\"{&quot;aperture&quot;:&quot;0&quot;,&quot;credit&quot;:&quot;&quot;,&quot;camera&quot;:&quot;&quot;,&quot;caption&quot;:&quot;&quot;,&quot;created_timestamp&quot;:&quot;0&quot;,&quot;copyright&quot;:&quot;Copyright 2012&quot;,&quot;focal_length&quot;:&quot;0&quot;,&quot;iso&quot;:&quot;0&quot;,&quot;shutter_speed&quot;:&quot;0&quot;,&quot;title&quot;:&quot;&quot;,&quot;orientation&quot;:&quot;0&quot;}\" data-image-title=\"FOTO 3 OSMAN RATHJE REPRESENTANTE\" data-image-description=\"&lt;p&gt;Osm\u00e1n Rathje, representante de los feriantes mayoristas Afema S.A. de San Felipe.&lt;\/p&gt; \" data-medium-file=\"https:\/\/i0.wp.com\/eltrabajo.cl\/portal\/wp-content\/uploads\/2016\/01\/FOTO-3-OSMAN-RATHJE-REPRESENTANTE-.jpg?fit=300%2C197&#038;ssl=1\" data-large-file=\"https:\/\/i0.wp.com\/eltrabajo.cl\/portal\/wp-content\/uploads\/2016\/01\/FOTO-3-OSMAN-RATHJE-REPRESENTANTE-.jpg?fit=530%2C348&#038;ssl=1\" src=\"https:\/\/i0.wp.com\/eltrabajo.cl\/portal\/wp-content\/uploads\/2016\/01\/FOTO-3-OSMAN-RATHJE-REPRESENTANTE-.jpg?w=316&#038;h=207&#038;ssl=1\" srcset=\"https:\/\/i0.wp.com\/eltrabajo.cl\/portal\/wp-content\/uploads\/2016\/01\/FOTO-3-OSMAN-RATHJE-REPRESENTANTE-.jpg?w=530&amp;ssl=1 530w, https:\/\/i0.wp.com\/eltrabajo.cl\/portal\/wp-content\/uploads\/2016\/01\/FOTO-3-OSMAN-RATHJE-REPRESENTANTE-.jpg?resize=200%2C131&amp;ssl=1 200w, https:\/\/i0.wp.com\/eltrabajo.cl\/portal\/wp-content\/uploads\/2016\/01\/FOTO-3-OSMAN-RATHJE-REPRESENTANTE-.jpg?resize=300%2C197&amp;ssl=1 300w, https:\/\/i0.wp.com\/eltrabajo.cl\/portal\/wp-content\/uploads\/2016\/01\/FOTO-3-OSMAN-RATHJE-REPRESENTANTE-.jpg?resize=228%2C150&amp;ssl=1 228w, https:\/\/i0.wp.com\/eltrabajo.cl\/portal\/wp-content\/uploads\/2016\/01\/FOTO-3-OSMAN-RATHJE-REPRESENTANTE-.jpg?resize=400%2C263&amp;ssl=1 400w\" width=\"316\" height=\"207\" loading=\"lazy\" data-original-width=\"316\" data-original-height=\"207\" itemprop=\"http:\/\/schema.org\/image\" title=\"FOTO 3 OSMAN RATHJE REPRESENTANTE\" alt=\"Osm\u00e1n Rathje, representante de los feriantes mayoristas Afema S.A. de San Felipe.\" style=\"width: 316px; height: 207px;\" \/> <\/a> <div class=\"tiled-gallery-caption\" itemprop=\"caption description\"> Osm\u00e1n Rathje, representante de los feriantes mayoristas Afema S.A. de San Felipe. <\/div> <\/div> <\/div> <!-- close group --> <\/div> <!-- close row --> <\/div>\n","protected":false},"excerpt":{"rendered":"<p>Las Agrupaciones beneficiadas fueron: Feriantes Mayoristas Afema S.A, Agr\u00edcola de San Felipe y Mercado Central; Agrupaci\u00f3n Feria de Llay-Llay, Agrupaci\u00f3n Feria Libre La Torre de Llay-Llay; Feria Comercial, Artesanal y Otros Valle&#8230;<\/p>\n","protected":false},"author":482,"featured_media":66071,"comment_status":"open","ping_status":"open","sticky":false,"template":"","format":"standard","meta":{"advanced_seo_description":"","jetpack_seo_html_title":"","jetpack_seo_noindex":false,"_jetpack_memberships_contains_paid_content":false,"footnotes":""},"categories":[1],"tags":[],"class_list":["post-66070","post","type-post","status-publish","format-standard","has-post-thumbnail","hentry","category-cronica"],"jetpack_featured_media_url":"https:\/\/i0.wp.com\/eltrabajo.cl\/portal\/wp-content\/uploads\/2016\/01\/FOTO-1-Director-Regional-de-SERCOTEC-Victor-Hugo-Fernan.jpg?fit=530%2C350&ssl=1","jetpack_sharing_enabled":true,"jetpack_likes_enabled":true,"jetpack-related-posts":[],"_links":{"self":[{"href":"https:\/\/eltrabajo.cl\/portal\/wp-json\/wp\/v2\/posts\/66070","targetHints":{"allow":["GET"]}}],"collection":[{"href":"https:\/\/eltrabajo.cl\/portal\/wp-json\/wp\/v2\/posts"}],"about":[{"href":"https:\/\/eltrabajo.cl\/portal\/wp-json\/wp\/v2\/types\/post"}],"author":[{"embeddable":true,"href":"https:\/\/eltrabajo.cl\/portal\/wp-json\/wp\/v2\/users\/482"}],"replies":[{"embeddable":true,"href":"https:\/\/eltrabajo.cl\/portal\/wp-json\/wp\/v2\/comments?post=66070"}],"version-history":[{"count":0,"href":"https:\/\/eltrabajo.cl\/portal\/wp-json\/wp\/v2\/posts\/66070\/revisions"}],"wp:featuredmedia":[{"embeddable":true,"href":"https:\/\/eltrabajo.cl\/portal\/wp-json\/wp\/v2\/media\/66071"}],"wp:attachment":[{"href":"https:\/\/eltrabajo.cl\/portal\/wp-json\/wp\/v2\/media?parent=66070"}],"wp:term":[{"taxonomy":"category","embeddable":true,"href":"https:\/\/eltrabajo.cl\/portal\/wp-json\/wp\/v2\/categories?post=66070"},{"taxonomy":"post_tag","embeddable":true,"href":"https:\/\/eltrabajo.cl\/portal\/wp-json\/wp\/v2\/tags?post=66070"}],"curies":[{"name":"wp","href":"https:\/\/api.w.org\/{rel}","templated":true}]}}