{"id":66075,"date":"2016-01-22T09:56:23","date_gmt":"2016-01-22T12:56:23","guid":{"rendered":"http:\/\/www.eltrabajo.cl\/portal\/?p=66075"},"modified":"2016-01-22T09:56:23","modified_gmt":"2016-01-22T12:56:23","slug":"autoridades-y-feriantes-inauguran-pavimentacion-del-estacionamiento-de-feria-central-de-yungay","status":"publish","type":"post","link":"https:\/\/eltrabajo.cl\/portal\/autoridades-y-feriantes-inauguran-pavimentacion-del-estacionamiento-de-feria-central-de-yungay\/","title":{"rendered":"Autoridades y feriantes inauguran pavimentaci\u00f3n del estacionamiento de Feria Central de Yungay"},"content":{"rendered":"<figure id=\"attachment_66076\" aria-describedby=\"caption-attachment-66076\" style=\"width: 300px\" class=\"wp-caption alignleft\"><img data-recalc-dims=\"1\" loading=\"lazy\" decoding=\"async\" class=\"wp-image-66076 size-medium\" src=\"https:\/\/i0.wp.com\/www.eltrabajo.cl\/portal\/wp-content\/uploads\/2016\/01\/inauguracion-pavimento-1-300x198.jpg?resize=300%2C198\" alt=\"Alcalde Patricio Freire junto al director regional de Sercotec, V\u00edctor Hugo Fern\u00e1ndez, el gobernador Eduardo Le\u00f3n y los microempresarios de la feria central de Yungay inauguraron los pavimentos del estacionamiento.\" width=\"300\" height=\"198\" srcset=\"https:\/\/i0.wp.com\/eltrabajo.cl\/portal\/wp-content\/uploads\/2016\/01\/inauguracion-pavimento-1.jpg?resize=300%2C198&amp;ssl=1 300w, https:\/\/i0.wp.com\/eltrabajo.cl\/portal\/wp-content\/uploads\/2016\/01\/inauguracion-pavimento-1.jpg?resize=200%2C132&amp;ssl=1 200w, https:\/\/i0.wp.com\/eltrabajo.cl\/portal\/wp-content\/uploads\/2016\/01\/inauguracion-pavimento-1.jpg?resize=228%2C150&amp;ssl=1 228w, https:\/\/i0.wp.com\/eltrabajo.cl\/portal\/wp-content\/uploads\/2016\/01\/inauguracion-pavimento-1.jpg?resize=400%2C263&amp;ssl=1 400w, https:\/\/i0.wp.com\/eltrabajo.cl\/portal\/wp-content\/uploads\/2016\/01\/inauguracion-pavimento-1.jpg?w=530&amp;ssl=1 530w\" sizes=\"auto, (max-width: 300px) 100vw, 300px\" \/><figcaption id=\"caption-attachment-66076\" class=\"wp-caption-text\">Alcalde Patricio Freire junto al director regional de Sercotec, V\u00edctor Hugo Fern\u00e1ndez, el gobernador Eduardo Le\u00f3n y los microempresarios de la feria central de Yungay inauguraron los pavimentos del estacionamiento.<\/figcaption><\/figure>\n<ul>\n<li><strong>El proyecto era muy esperado por estos microempresarios y se concret\u00f3 luego del trabajo en conjunto de Sercotec, los feriantes y el Municipio.<\/strong><\/li>\n<\/ul>\n<p>Este jueves el alcalde Patricio Freire, acompa\u00f1ado del director regional de Sercotec, V\u00edctor Hugo Fern\u00e1ndez, del Gobernador Eduardo Le\u00f3n y los microempresarios de la feria central de Yungay inauguraron la pavimentaci\u00f3n del estacionamiento de estas dependencias, un proyecto financiado por Sercotec y llevado adelante por los microempresarios de la feria y el municipio, a trav\u00e9s del \u00e1rea de Fomento Productivo.<br \/>\nCabe recordar que esta agrupaci\u00f3n de peque\u00f1os empresarios, junto a la Asociaci\u00f3n Feria Mayorista, Afema, fueron dos de las cinco en la provincia que se adjudicaron recursos del programa de Modernizaci\u00f3n de Ferias Libres que impulsa Sercotec y que recibieron un fuerte respaldo municipal.<br \/>\nLos recursos adjudicados permitieron concretar la esperada pavimentaci\u00f3n del estacionamiento, una iniciativa que signific\u00f3 una inversi\u00f3n de alrededor de 10 millones de pesos, que beneficia a 51 puestos y que mejora el aspecto de este sector que es la puerta de entrada a la comuna.<\/p>\n<figure id=\"attachment_66077\" aria-describedby=\"caption-attachment-66077\" style=\"width: 300px\" class=\"wp-caption alignright\"><img data-recalc-dims=\"1\" loading=\"lazy\" decoding=\"async\" class=\"wp-image-66077 size-medium\" src=\"https:\/\/i0.wp.com\/www.eltrabajo.cl\/portal\/wp-content\/uploads\/2016\/01\/inauguracion-pavimento-2-300x198.jpg?resize=300%2C198\" alt=\"Autoridades junto feriantes que se vieron beneficiados con la concreci\u00f3n de este proyecto que mejora visiblemente el aspecto del sector.\" width=\"300\" height=\"198\" srcset=\"https:\/\/i0.wp.com\/eltrabajo.cl\/portal\/wp-content\/uploads\/2016\/01\/inauguracion-pavimento-2.jpg?resize=300%2C198&amp;ssl=1 300w, https:\/\/i0.wp.com\/eltrabajo.cl\/portal\/wp-content\/uploads\/2016\/01\/inauguracion-pavimento-2.jpg?resize=200%2C132&amp;ssl=1 200w, https:\/\/i0.wp.com\/eltrabajo.cl\/portal\/wp-content\/uploads\/2016\/01\/inauguracion-pavimento-2.jpg?resize=227%2C150&amp;ssl=1 227w, https:\/\/i0.wp.com\/eltrabajo.cl\/portal\/wp-content\/uploads\/2016\/01\/inauguracion-pavimento-2.jpg?resize=400%2C264&amp;ssl=1 400w, https:\/\/i0.wp.com\/eltrabajo.cl\/portal\/wp-content\/uploads\/2016\/01\/inauguracion-pavimento-2.jpg?w=530&amp;ssl=1 530w\" sizes=\"auto, (max-width: 300px) 100vw, 300px\" \/><figcaption id=\"caption-attachment-66077\" class=\"wp-caption-text\">Autoridades junto feriantes que se vieron beneficiados con la concreci\u00f3n de este proyecto que mejora visiblemente el aspecto del sector.<\/figcaption><\/figure>\n<p>\u201cEstamos muy contentos en esta inauguraci\u00f3n del estacionamiento de esta feria que es la puerta de entrada a la comuna de San Felipe. Este proyecto lo comenzamos a hacer por etapas y las hemos cumplido todas. Al principio los feriantes estaban un poco reacios a creer en estos proyectos, pero les dijimos que como municipio har\u00edamos las gestiones necesarias para cumplir y ellos se organizaron y pudimos trabajar en conjunto\u201d, dijo el alcalde Patricio Freire.<br \/>\nEl director regional de Sercotec record\u00f3 el aspecto que ten\u00eda hasta el a\u00f1o pasado este sector, el que hoy luce totalmente distinto luego de un trabajo en conjunto de distintas instituciones.<br \/>\n\u201cLa \u00faltima vez que estuvimos aqu\u00ed con el Alcalde y el Gobernador, me fui caminando por piedras, era bastante inh\u00f3spito el lugar, y hoy estamos inaugurando este pavimento, que est\u00e1 muy bonito y que da facilidades para que los sanfelipe\u00f1os vengan a adquirir las frutas y verduras que est\u00e1n fant\u00e1sticas. Este es un compromiso cumplido, compromiso hecho con el Gobernador y el Alcalde, segundo compromiso cumplido de pavimentos y vamos este a\u00f1o por la tercera etapa y por la cuarta, al tercer a\u00f1o tendremos transformada totalmente esta feria, y c\u00f3mo se logra esto, cuando hay compromiso de los microempresarios\u201d, dijo V\u00edctor Hugo Fern\u00e1ndez.<br \/>\nEnzo Harris, presidente de la Feria central se\u00f1al\u00f3 que este es un sue\u00f1o hecho realidad y destac\u00f3 el trabajo en conjunto con el municipio y Sercotec para concretar una serie de proyectos.<br \/>\n\u201cHemos logrado varias cosas, primero las luminarias y el piso que fue algo extraordinario, nunca se pens\u00f3 que podr\u00edamos tener un piso ac\u00e1 afuera. El municipio a nosotros nos ha apoyado bastante, vuelvo a destacar a don Patricio Freire, quien ha sido un muy buen gestor, hemos sacado cosas totalmente positivas y queremos seguir trabajando para que seamos un mercado modelo\u201d, dijo el dirigente.<\/p>\n","protected":false},"excerpt":{"rendered":"<p>El proyecto era muy esperado por estos microempresarios y se concret\u00f3 luego del trabajo en conjunto de Sercotec, los feriantes y el Municipio. Este jueves el alcalde Patricio Freire, acompa\u00f1ado del director&#8230;<\/p>\n","protected":false},"author":482,"featured_media":66076,"comment_status":"open","ping_status":"open","sticky":false,"template":"","format":"standard","meta":{"advanced_seo_description":"","jetpack_seo_html_title":"","jetpack_seo_noindex":false,"_jetpack_memberships_contains_paid_content":false,"footnotes":""},"categories":[1],"tags":[],"class_list":["post-66075","post","type-post","status-publish","format-standard","has-post-thumbnail","hentry","category-cronica"],"jetpack_featured_media_url":"https:\/\/i0.wp.com\/eltrabajo.cl\/portal\/wp-content\/uploads\/2016\/01\/inauguracion-pavimento-1.jpg?fit=530%2C349&ssl=1","jetpack_sharing_enabled":true,"jetpack_likes_enabled":true,"jetpack-related-posts":[],"_links":{"self":[{"href":"https:\/\/eltrabajo.cl\/portal\/wp-json\/wp\/v2\/posts\/66075","targetHints":{"allow":["GET"]}}],"collection":[{"href":"https:\/\/eltrabajo.cl\/portal\/wp-json\/wp\/v2\/posts"}],"about":[{"href":"https:\/\/eltrabajo.cl\/portal\/wp-json\/wp\/v2\/types\/post"}],"author":[{"embeddable":true,"href":"https:\/\/eltrabajo.cl\/portal\/wp-json\/wp\/v2\/users\/482"}],"replies":[{"embeddable":true,"href":"https:\/\/eltrabajo.cl\/portal\/wp-json\/wp\/v2\/comments?post=66075"}],"version-history":[{"count":0,"href":"https:\/\/eltrabajo.cl\/portal\/wp-json\/wp\/v2\/posts\/66075\/revisions"}],"wp:featuredmedia":[{"embeddable":true,"href":"https:\/\/eltrabajo.cl\/portal\/wp-json\/wp\/v2\/media\/66076"}],"wp:attachment":[{"href":"https:\/\/eltrabajo.cl\/portal\/wp-json\/wp\/v2\/media?parent=66075"}],"wp:term":[{"taxonomy":"category","embeddable":true,"href":"https:\/\/eltrabajo.cl\/portal\/wp-json\/wp\/v2\/categories?post=66075"},{"taxonomy":"post_tag","embeddable":true,"href":"https:\/\/eltrabajo.cl\/portal\/wp-json\/wp\/v2\/tags?post=66075"}],"curies":[{"name":"wp","href":"https:\/\/api.w.org\/{rel}","templated":true}]}}