{"id":66079,"date":"2016-01-22T10:01:17","date_gmt":"2016-01-22T13:01:17","guid":{"rendered":"http:\/\/www.eltrabajo.cl\/portal\/?p=66079"},"modified":"2016-01-22T10:01:17","modified_gmt":"2016-01-22T13:01:17","slug":"ministra-del-trabajo-ximena-rincon-participo-en-primera-jornada-del-encuentro-nacional-de-anecap","status":"publish","type":"post","link":"https:\/\/eltrabajo.cl\/portal\/ministra-del-trabajo-ximena-rincon-participo-en-primera-jornada-del-encuentro-nacional-de-anecap\/","title":{"rendered":"Ministra del Trabajo Ximena Rinc\u00f3n particip\u00f3 en primera jornada del encuentro nacional de Anecap"},"content":{"rendered":"<figure id=\"attachment_66081\" aria-describedby=\"caption-attachment-66081\" style=\"width: 300px\" class=\"wp-caption alignleft\"><img data-recalc-dims=\"1\" loading=\"lazy\" decoding=\"async\" class=\"wp-image-66081 size-medium\" src=\"https:\/\/i0.wp.com\/www.eltrabajo.cl\/portal\/wp-content\/uploads\/2016\/01\/FOTO-2-MINSTRA-DEL-TRABAJO-XIMENA-RINCON-300x197.jpg?resize=300%2C197\" alt=\"Ministra del Trabajo, Ximena Rinc\u00f3n.\" width=\"300\" height=\"197\" srcset=\"https:\/\/i0.wp.com\/eltrabajo.cl\/portal\/wp-content\/uploads\/2016\/01\/FOTO-2-MINSTRA-DEL-TRABAJO-XIMENA-RINCON.jpg?resize=300%2C197&amp;ssl=1 300w, https:\/\/i0.wp.com\/eltrabajo.cl\/portal\/wp-content\/uploads\/2016\/01\/FOTO-2-MINSTRA-DEL-TRABAJO-XIMENA-RINCON.jpg?resize=200%2C131&amp;ssl=1 200w, https:\/\/i0.wp.com\/eltrabajo.cl\/portal\/wp-content\/uploads\/2016\/01\/FOTO-2-MINSTRA-DEL-TRABAJO-XIMENA-RINCON.jpg?resize=228%2C150&amp;ssl=1 228w, https:\/\/i0.wp.com\/eltrabajo.cl\/portal\/wp-content\/uploads\/2016\/01\/FOTO-2-MINSTRA-DEL-TRABAJO-XIMENA-RINCON.jpg?resize=400%2C263&amp;ssl=1 400w, https:\/\/i0.wp.com\/eltrabajo.cl\/portal\/wp-content\/uploads\/2016\/01\/FOTO-2-MINSTRA-DEL-TRABAJO-XIMENA-RINCON.jpg?w=530&amp;ssl=1 530w\" sizes=\"auto, (max-width: 300px) 100vw, 300px\" \/><figcaption id=\"caption-attachment-66081\" class=\"wp-caption-text\">Ministra del Trabajo, Ximena Rinc\u00f3n.<\/figcaption><\/figure>\n<ul>\n<li><strong>A la cita acuden representantes de filiales de La Serena, Vi\u00f1a del Mar, La Uni\u00f3n, Coyhaique, Osorno, Punta Arenas, Los Andes y San Felipe y en ella se efectuar\u00e1n capacitaciones relacionadas con la nueva Ley de TCP y se delinear\u00e1 la estrategia para luchar por la tem\u00e1tica de Pensiones.<\/strong><\/li>\n<\/ul>\n<p>Con la presencia de la Ministra del Trabajo Ximena Rinc\u00f3n, la Secretaria Regional Ministerial de la cartera, la Seremi Karen Medina, el Gobernador de la Provincia de San Felipe Eduardo Le\u00f3n y unas 50 representantes de las filiales de Anecap (Asociaci\u00f3n Nacional de Empleadas de Casas Particulares) de distintas partes del pa\u00eds, comenz\u00f3 a desarrollarse ayer en San Felipe, la versi\u00f3n 51 del Encuentro Nacional que este gremio realiza anualmente y que se extender\u00e1 durante todo el fin de semana.<br \/>\nEn la ocasi\u00f3n, la Ministra Rinc\u00f3n hizo referencia a la tremenda trayectoria de lucha que posee esta entidad y manifest\u00f3 que \u201c\u00e9sta es una organizaci\u00f3n de ya muchos a\u00f1os, es muy importante destacar que se fund\u00f3 en 1948 y que adem\u00e1s uno de sus promotores fue monse\u00f1or Bernardino Pi\u00f1era, esos son los contrastes de nuestro pa\u00eds, \u00e9l fue un gran luchador por los derechos de los trabajadoras de casa particular\u201d, expuso.<br \/>\nEn referencia a la fuerza que ha tomado Anecap y los logros que se han conseguido con el transcurso de los a\u00f1os, Rinc\u00f3n record\u00f3 que \u201choy en d\u00eda ellas tienen presencia a nivel nacional, llevamos trabajando con Bernardina ya muchos a\u00f1os, en mi rol anterior de presidenta de la comisi\u00f3n del trabajo del Senado, me toc\u00f3 organizar distintos encuentros, dar la pelea en su minuto para que la ley de TCP saliera como sali\u00f3 finalmente y todo esto se dio gracias a la gesti\u00f3n de ellas, a su tes\u00f3n y por supuesto al apoyo de la Presidenta Bachelet, quien ha ido cumpliendo los compromisos que adquiri\u00f3 tanto con hombres como con las mujeres del pa\u00eds\u201d.<br \/>\nFinalmente, la representante gubernamental, adujo que es indispensable que este tipo de gremios contin\u00fae capacit\u00e1ndose respecto de sus derechos para poder colaborar con el rol fiscalizador de otro tipo de organizaciones como lo son la Direcci\u00f3n del Trabajo y el Instituto de Seguridad Laboral, ISL.<br \/>\nA su vez, Bernardina Mu\u00f1oz, Presienta Nacional de las Trabajadoras de Casas Particulares, TCP, dijo que este tipo de reuniones sirve para delinear lo que es el plan de trabajo que se va a realizar durante el a\u00f1o y adem\u00e1s para sacar adelante mejoras laborales junto a los gobiernos de turno.<br \/>\nEn relaci\u00f3n con los contenidos que se abordar\u00e1n durante los 4 d\u00edas que dure la jornada, Mu\u00f1oz destac\u00f3 que \u201cen esta oportunidad vamos a revisar el tema de las pensiones, creo que es muy importante ver las pensiones para las TCP, ya que hay muchas enfermedades profesionales que a ellas las aquejan y esa es nuestra futura lucha\u201d, sostuvo.<br \/>\nRespecto de la presencia de la Ministra, Mu\u00f1oz se mostr\u00f3 complacida de poder contar con el apoyo que ha demostrado la cartera del Trabajo y adem\u00e1s del compromiso que ha manifestado la autoridad local, tanto el Gobernador Eduardo Le\u00f3n, como el alcalde Patricio Freire.<br \/>\nReafirmando los dichos de Mu\u00f1oz, una de sus colegas, proveniente de la comuna de La Uni\u00f3n, Mireya Aguilar Zambrano, asegur\u00f3 que esta primera jornada fue muy provechosa, no s\u00f3lo por la presencia de la Ministra, sino que tambi\u00e9n porque han logrado resolver gran parte de las inquietudes que les preocupaban. \u201cHemos sufrido bastante con el calor, pero vale la pena el sacrificio\u201d, expuso la dirigente.<br \/>\nA prop\u00f3sito del inter\u00e9s que demuestran las autoridades locales, el Gobernador Eduardo Le\u00f3n destac\u00f3 el hecho que la Provincia de San Felipe reciba esta Junta Nacional tan importante para los derechos de las TCP y adem\u00e1s que \u00e9sta sea liderada por una sanfelipe\u00f1a, aludiendo que \u201ces muy importante que Bernardina sea nuestra representante, que contemos con la presencia de la Ministra y adem\u00e1s de ver los compromisos que se han ido cumpliendo por parte de la Presidenta, se van formando nuevos desaf\u00edos y el compromiso nuestro es fiscalizar exhaustivamente las nuevas leyes de las TCP y tener las puertas abiertas de la Gobernaci\u00f3n para trabajar en esto junto a las dirigentes\u201d, detall\u00f3.<\/p>\n<div class=\"tiled-gallery type-rectangular tiled-gallery-unresized\" data-original-width=\"640\" data-carousel-extra='null' itemscope itemtype=\"http:\/\/schema.org\/ImageGallery\" > <div class=\"gallery-row\" style=\"width: 640px; height: 282px;\" data-original-width=\"640\" data-original-height=\"282\" > <div class=\"gallery-group images-1\" style=\"width: 428px; height: 282px;\" data-original-width=\"428\" data-original-height=\"282\" > <div class=\"tiled-gallery-item tiled-gallery-item-large\" itemprop=\"associatedMedia\" itemscope itemtype=\"http:\/\/schema.org\/ImageObject\"> <a href=\"https:\/\/eltrabajo.cl\/portal\/ministra-del-trabajo-ximena-rincon-participo-en-primera-jornada-del-encuentro-nacional-de-anecap\/foto-3-gobernador-de-la-provincia\/\" border=\"0\" itemprop=\"url\"> <meta itemprop=\"width\" content=\"424\"> <meta itemprop=\"height\" content=\"278\"> <img decoding=\"async\" class=\"\" data-attachment-id=\"66082\" data-orig-file=\"https:\/\/eltrabajo.cl\/portal\/wp-content\/uploads\/2016\/01\/FOTO-3-GOBERNADOR-DE-LA-PROVINCIA.jpg\" data-orig-size=\"530,348\" data-comments-opened=\"1\" data-image-meta=\"{&quot;aperture&quot;:&quot;0&quot;,&quot;credit&quot;:&quot;&quot;,&quot;camera&quot;:&quot;&quot;,&quot;caption&quot;:&quot;&quot;,&quot;created_timestamp&quot;:&quot;0&quot;,&quot;copyright&quot;:&quot;Copyright 2012&quot;,&quot;focal_length&quot;:&quot;0&quot;,&quot;iso&quot;:&quot;0&quot;,&quot;shutter_speed&quot;:&quot;0&quot;,&quot;title&quot;:&quot;&quot;,&quot;orientation&quot;:&quot;0&quot;}\" data-image-title=\"FOTO 3 GOBERNADOR DE LA PROVINCIA\" data-image-description=\"&lt;p&gt;Gobernador de la Provincia de San Felipe, Eduardo Le\u00f3n.&lt;\/p&gt; \" data-medium-file=\"https:\/\/i0.wp.com\/eltrabajo.cl\/portal\/wp-content\/uploads\/2016\/01\/FOTO-3-GOBERNADOR-DE-LA-PROVINCIA.jpg?fit=300%2C197&#038;ssl=1\" data-large-file=\"https:\/\/i0.wp.com\/eltrabajo.cl\/portal\/wp-content\/uploads\/2016\/01\/FOTO-3-GOBERNADOR-DE-LA-PROVINCIA.jpg?fit=530%2C348&#038;ssl=1\" src=\"https:\/\/i0.wp.com\/eltrabajo.cl\/portal\/wp-content\/uploads\/2016\/01\/FOTO-3-GOBERNADOR-DE-LA-PROVINCIA.jpg?w=424&#038;h=278&#038;ssl=1\" srcset=\"https:\/\/i0.wp.com\/eltrabajo.cl\/portal\/wp-content\/uploads\/2016\/01\/FOTO-3-GOBERNADOR-DE-LA-PROVINCIA.jpg?w=530&amp;ssl=1 530w, https:\/\/i0.wp.com\/eltrabajo.cl\/portal\/wp-content\/uploads\/2016\/01\/FOTO-3-GOBERNADOR-DE-LA-PROVINCIA.jpg?resize=200%2C131&amp;ssl=1 200w, https:\/\/i0.wp.com\/eltrabajo.cl\/portal\/wp-content\/uploads\/2016\/01\/FOTO-3-GOBERNADOR-DE-LA-PROVINCIA.jpg?resize=300%2C197&amp;ssl=1 300w, https:\/\/i0.wp.com\/eltrabajo.cl\/portal\/wp-content\/uploads\/2016\/01\/FOTO-3-GOBERNADOR-DE-LA-PROVINCIA.jpg?resize=228%2C150&amp;ssl=1 228w, https:\/\/i0.wp.com\/eltrabajo.cl\/portal\/wp-content\/uploads\/2016\/01\/FOTO-3-GOBERNADOR-DE-LA-PROVINCIA.jpg?resize=400%2C263&amp;ssl=1 400w\" width=\"424\" height=\"278\" loading=\"lazy\" data-original-width=\"424\" data-original-height=\"278\" itemprop=\"http:\/\/schema.org\/image\" title=\"FOTO 3 GOBERNADOR DE LA PROVINCIA\" alt=\"Gobernador de la Provincia de San Felipe, Eduardo Le\u00f3n.\" style=\"width: 424px; height: 278px;\" \/> <\/a> <div class=\"tiled-gallery-caption\" itemprop=\"caption description\"> Gobernador de la Provincia de San Felipe, Eduardo Le\u00f3n. <\/div> <\/div> <\/div> <!-- close group --> <div class=\"gallery-group images-2\" style=\"width: 212px; height: 282px;\" data-original-width=\"212\" data-original-height=\"282\" > <div class=\"tiled-gallery-item tiled-gallery-item-small\" itemprop=\"associatedMedia\" itemscope itemtype=\"http:\/\/schema.org\/ImageObject\"> <a href=\"https:\/\/eltrabajo.cl\/portal\/ministra-del-trabajo-ximena-rincon-participo-en-primera-jornada-del-encuentro-nacional-de-anecap\/foto-4-mireya-aguilar-representante-de-la-filial-anecap-comuna-de-la-union\/\" border=\"0\" itemprop=\"url\"> <meta itemprop=\"width\" content=\"208\"> <meta itemprop=\"height\" content=\"137\"> <img decoding=\"async\" class=\"\" data-attachment-id=\"66083\" data-orig-file=\"https:\/\/eltrabajo.cl\/portal\/wp-content\/uploads\/2016\/01\/FOTO-4-MIREYA-AGUILAR-REPRESENTANTE-DE-LA-FILIAL-ANECAP-COMUNA-DE-LA-UNION.jpg\" data-orig-size=\"530,350\" data-comments-opened=\"1\" data-image-meta=\"{&quot;aperture&quot;:&quot;0&quot;,&quot;credit&quot;:&quot;&quot;,&quot;camera&quot;:&quot;&quot;,&quot;caption&quot;:&quot;&quot;,&quot;created_timestamp&quot;:&quot;0&quot;,&quot;copyright&quot;:&quot;Copyright 2012&quot;,&quot;focal_length&quot;:&quot;0&quot;,&quot;iso&quot;:&quot;0&quot;,&quot;shutter_speed&quot;:&quot;0&quot;,&quot;title&quot;:&quot;&quot;,&quot;orientation&quot;:&quot;0&quot;}\" data-image-title=\"FOTO 4 MIREYA AGUILAR REPRESENTANTE DE LA FILIAL ANECAP COMUNA DE LA UNION\" data-image-description=\"&lt;p&gt;Mireya Aguilar, representante de la filial Anecap comuna de La Uni\u00f3n.&lt;\/p&gt; \" data-medium-file=\"https:\/\/i0.wp.com\/eltrabajo.cl\/portal\/wp-content\/uploads\/2016\/01\/FOTO-4-MIREYA-AGUILAR-REPRESENTANTE-DE-LA-FILIAL-ANECAP-COMUNA-DE-LA-UNION.jpg?fit=300%2C198&#038;ssl=1\" data-large-file=\"https:\/\/i0.wp.com\/eltrabajo.cl\/portal\/wp-content\/uploads\/2016\/01\/FOTO-4-MIREYA-AGUILAR-REPRESENTANTE-DE-LA-FILIAL-ANECAP-COMUNA-DE-LA-UNION.jpg?fit=530%2C350&#038;ssl=1\" src=\"https:\/\/i0.wp.com\/eltrabajo.cl\/portal\/wp-content\/uploads\/2016\/01\/FOTO-4-MIREYA-AGUILAR-REPRESENTANTE-DE-LA-FILIAL-ANECAP-COMUNA-DE-LA-UNION.jpg?w=208&#038;h=137&#038;ssl=1\" srcset=\"https:\/\/i0.wp.com\/eltrabajo.cl\/portal\/wp-content\/uploads\/2016\/01\/FOTO-4-MIREYA-AGUILAR-REPRESENTANTE-DE-LA-FILIAL-ANECAP-COMUNA-DE-LA-UNION.jpg?w=530&amp;ssl=1 530w, https:\/\/i0.wp.com\/eltrabajo.cl\/portal\/wp-content\/uploads\/2016\/01\/FOTO-4-MIREYA-AGUILAR-REPRESENTANTE-DE-LA-FILIAL-ANECAP-COMUNA-DE-LA-UNION.jpg?resize=200%2C132&amp;ssl=1 200w, https:\/\/i0.wp.com\/eltrabajo.cl\/portal\/wp-content\/uploads\/2016\/01\/FOTO-4-MIREYA-AGUILAR-REPRESENTANTE-DE-LA-FILIAL-ANECAP-COMUNA-DE-LA-UNION.jpg?resize=300%2C198&amp;ssl=1 300w, https:\/\/i0.wp.com\/eltrabajo.cl\/portal\/wp-content\/uploads\/2016\/01\/FOTO-4-MIREYA-AGUILAR-REPRESENTANTE-DE-LA-FILIAL-ANECAP-COMUNA-DE-LA-UNION.jpg?resize=227%2C150&amp;ssl=1 227w, https:\/\/i0.wp.com\/eltrabajo.cl\/portal\/wp-content\/uploads\/2016\/01\/FOTO-4-MIREYA-AGUILAR-REPRESENTANTE-DE-LA-FILIAL-ANECAP-COMUNA-DE-LA-UNION.jpg?resize=400%2C264&amp;ssl=1 400w\" width=\"208\" height=\"137\" loading=\"lazy\" data-original-width=\"208\" data-original-height=\"137\" itemprop=\"http:\/\/schema.org\/image\" title=\"FOTO 4 MIREYA AGUILAR REPRESENTANTE DE LA FILIAL ANECAP COMUNA DE LA UNION\" alt=\"Mireya Aguilar, representante de la filial Anecap comuna de La Uni\u00f3n.\" style=\"width: 208px; height: 137px;\" \/> <\/a> <div class=\"tiled-gallery-caption\" itemprop=\"caption description\"> Mireya Aguilar, representante de la filial Anecap comuna de La Uni\u00f3n. <\/div> <\/div> <div class=\"tiled-gallery-item tiled-gallery-item-small\" itemprop=\"associatedMedia\" itemscope itemtype=\"http:\/\/schema.org\/ImageObject\"> <a href=\"https:\/\/eltrabajo.cl\/portal\/ministra-del-trabajo-ximena-rincon-participo-en-primera-jornada-del-encuentro-nacional-de-anecap\/foto-1-bernardina-munoz-presidenta-de-la-asociacion-nacional-de-empleadas-de-casa-particulares-anecap\/\" border=\"0\" itemprop=\"url\"> <meta itemprop=\"width\" content=\"208\"> <meta itemprop=\"height\" content=\"137\"> <img decoding=\"async\" class=\"\" data-attachment-id=\"66080\" data-orig-file=\"https:\/\/eltrabajo.cl\/portal\/wp-content\/uploads\/2016\/01\/FOTO-1-BERNARDINA-MUNOZ-PRESIDENTA-DE-LA-ASOCIACION-NACIONAL-DE-EMPLEADAS-DE-CASA-PARTICULARES-ANECAP.jpg\" data-orig-size=\"530,348\" data-comments-opened=\"1\" data-image-meta=\"{&quot;aperture&quot;:&quot;0&quot;,&quot;credit&quot;:&quot;&quot;,&quot;camera&quot;:&quot;&quot;,&quot;caption&quot;:&quot;&quot;,&quot;created_timestamp&quot;:&quot;0&quot;,&quot;copyright&quot;:&quot;Copyright 2012&quot;,&quot;focal_length&quot;:&quot;0&quot;,&quot;iso&quot;:&quot;0&quot;,&quot;shutter_speed&quot;:&quot;0&quot;,&quot;title&quot;:&quot;&quot;,&quot;orientation&quot;:&quot;0&quot;}\" data-image-title=\"FOTO 1 BERNARDINA MUNOZ PRESIDENTA DE LA ASOCIACION NACIONAL DE EMPLEADAS DE CASA PARTICULARES ANECAP\" data-image-description=\"&lt;p&gt;Bernardina Mu\u00f1oz, presidenta de la Asociaci\u00f3n Nacional de Empleadas de Casa Particulares, Anecap.&lt;\/p&gt; \" data-medium-file=\"https:\/\/i0.wp.com\/eltrabajo.cl\/portal\/wp-content\/uploads\/2016\/01\/FOTO-1-BERNARDINA-MUNOZ-PRESIDENTA-DE-LA-ASOCIACION-NACIONAL-DE-EMPLEADAS-DE-CASA-PARTICULARES-ANECAP.jpg?fit=300%2C197&#038;ssl=1\" data-large-file=\"https:\/\/i0.wp.com\/eltrabajo.cl\/portal\/wp-content\/uploads\/2016\/01\/FOTO-1-BERNARDINA-MUNOZ-PRESIDENTA-DE-LA-ASOCIACION-NACIONAL-DE-EMPLEADAS-DE-CASA-PARTICULARES-ANECAP.jpg?fit=530%2C348&#038;ssl=1\" src=\"https:\/\/i0.wp.com\/eltrabajo.cl\/portal\/wp-content\/uploads\/2016\/01\/FOTO-1-BERNARDINA-MUNOZ-PRESIDENTA-DE-LA-ASOCIACION-NACIONAL-DE-EMPLEADAS-DE-CASA-PARTICULARES-ANECAP.jpg?w=208&#038;h=137&#038;ssl=1\" srcset=\"https:\/\/i0.wp.com\/eltrabajo.cl\/portal\/wp-content\/uploads\/2016\/01\/FOTO-1-BERNARDINA-MUNOZ-PRESIDENTA-DE-LA-ASOCIACION-NACIONAL-DE-EMPLEADAS-DE-CASA-PARTICULARES-ANECAP.jpg?w=530&amp;ssl=1 530w, https:\/\/i0.wp.com\/eltrabajo.cl\/portal\/wp-content\/uploads\/2016\/01\/FOTO-1-BERNARDINA-MUNOZ-PRESIDENTA-DE-LA-ASOCIACION-NACIONAL-DE-EMPLEADAS-DE-CASA-PARTICULARES-ANECAP.jpg?resize=200%2C131&amp;ssl=1 200w, https:\/\/i0.wp.com\/eltrabajo.cl\/portal\/wp-content\/uploads\/2016\/01\/FOTO-1-BERNARDINA-MUNOZ-PRESIDENTA-DE-LA-ASOCIACION-NACIONAL-DE-EMPLEADAS-DE-CASA-PARTICULARES-ANECAP.jpg?resize=300%2C197&amp;ssl=1 300w, https:\/\/i0.wp.com\/eltrabajo.cl\/portal\/wp-content\/uploads\/2016\/01\/FOTO-1-BERNARDINA-MUNOZ-PRESIDENTA-DE-LA-ASOCIACION-NACIONAL-DE-EMPLEADAS-DE-CASA-PARTICULARES-ANECAP.jpg?resize=228%2C150&amp;ssl=1 228w, https:\/\/i0.wp.com\/eltrabajo.cl\/portal\/wp-content\/uploads\/2016\/01\/FOTO-1-BERNARDINA-MUNOZ-PRESIDENTA-DE-LA-ASOCIACION-NACIONAL-DE-EMPLEADAS-DE-CASA-PARTICULARES-ANECAP.jpg?resize=400%2C263&amp;ssl=1 400w\" width=\"208\" height=\"137\" loading=\"lazy\" data-original-width=\"208\" data-original-height=\"137\" itemprop=\"http:\/\/schema.org\/image\" title=\"FOTO 1 BERNARDINA MUNOZ PRESIDENTA DE LA ASOCIACION NACIONAL DE EMPLEADAS DE CASA PARTICULARES ANECAP\" alt=\"Bernardina Mu\u00f1oz, presidenta de la Asociaci\u00f3n Nacional de Empleadas de Casa Particulares, Anecap.\" style=\"width: 208px; height: 137px;\" \/> <\/a> <div class=\"tiled-gallery-caption\" itemprop=\"caption description\"> Bernardina Mu\u00f1oz, presidenta de la Asociaci\u00f3n Nacional de Empleadas de Casa Particulares, Anecap. <\/div> <\/div> <\/div> <!-- close group --> <\/div> <!-- close row --> <div class=\"gallery-row\" style=\"width: 640px; height: 424px;\" data-original-width=\"640\" data-original-height=\"424\" > <div class=\"gallery-group images-1\" style=\"width: 640px; height: 424px;\" data-original-width=\"640\" data-original-height=\"424\" > <div class=\"tiled-gallery-item tiled-gallery-item-large\" itemprop=\"associatedMedia\" itemscope itemtype=\"http:\/\/schema.org\/ImageObject\"> <a href=\"https:\/\/eltrabajo.cl\/portal\/ministra-del-trabajo-ximena-rincon-participo-en-primera-jornada-del-encuentro-nacional-de-anecap\/foto-5-cerca-de-50-trabajadoras-de-casas-parrticulares-provenientes-de-distintas-partes-del-pais-tuvieron-la-oportunidad-de-compartir-sus-inquietudes-con-la-ministra-del-trabajo-ximena-rincon\/\" border=\"0\" itemprop=\"url\"> <meta itemprop=\"width\" content=\"636\"> <meta itemprop=\"height\" content=\"420\"> <img decoding=\"async\" class=\"\" data-attachment-id=\"66084\" data-orig-file=\"https:\/\/eltrabajo.cl\/portal\/wp-content\/uploads\/2016\/01\/FOTO-5-CERCA-DE-50-TRABAJADORAS-DE-CASAS-PARRTICULARES-PROVENIENTES-DE-DISTINTAS-PARTES-DEL-PAIS-TUVIERON-LA-OPORTUNIDAD-DE-COMPARTIR-SUS-INQUIETUDES-CON-LA-MINISTRA-DEL-TRABAJO-XIMENA-RINCON.jpg\" data-orig-size=\"530,350\" data-comments-opened=\"1\" data-image-meta=\"{&quot;aperture&quot;:&quot;0&quot;,&quot;credit&quot;:&quot;&quot;,&quot;camera&quot;:&quot;&quot;,&quot;caption&quot;:&quot;&quot;,&quot;created_timestamp&quot;:&quot;0&quot;,&quot;copyright&quot;:&quot;Copyright 2012&quot;,&quot;focal_length&quot;:&quot;0&quot;,&quot;iso&quot;:&quot;0&quot;,&quot;shutter_speed&quot;:&quot;0&quot;,&quot;title&quot;:&quot;&quot;,&quot;orientation&quot;:&quot;0&quot;}\" data-image-title=\"FOTO 5 CERCA DE 50 TRABAJADORAS DE CASAS PARRTICULARES PROVENIENTES DE DISTINTAS PARTES DEL PAIS TUVIERON LA OPORTUNIDAD DE COMPARTIR SUS INQUIETUDES CON LA MINISTRA DEL TRABAJO XIMENA RINCON\" data-image-description=\"&lt;p&gt;Cerca de 50 trabajadoras de casas particulares provenientes de distintas partes del pa\u00eds, tuvieron la oportunidad de compartir sus inquietudes con la Ministra del Trabajo Ximena Rinc\u00f3n.&lt;\/p&gt; \" data-medium-file=\"https:\/\/i0.wp.com\/eltrabajo.cl\/portal\/wp-content\/uploads\/2016\/01\/FOTO-5-CERCA-DE-50-TRABAJADORAS-DE-CASAS-PARRTICULARES-PROVENIENTES-DE-DISTINTAS-PARTES-DEL-PAIS-TUVIERON-LA-OPORTUNIDAD-DE-COMPARTIR-SUS-INQUIETUDES-CON-LA-MINISTRA-DEL-TRABAJO-XIMENA-RINCON.jpg?fit=300%2C198&#038;ssl=1\" data-large-file=\"https:\/\/i0.wp.com\/eltrabajo.cl\/portal\/wp-content\/uploads\/2016\/01\/FOTO-5-CERCA-DE-50-TRABAJADORAS-DE-CASAS-PARRTICULARES-PROVENIENTES-DE-DISTINTAS-PARTES-DEL-PAIS-TUVIERON-LA-OPORTUNIDAD-DE-COMPARTIR-SUS-INQUIETUDES-CON-LA-MINISTRA-DEL-TRABAJO-XIMENA-RINCON.jpg?fit=530%2C350&#038;ssl=1\" src=\"https:\/\/i0.wp.com\/eltrabajo.cl\/portal\/wp-content\/uploads\/2016\/01\/FOTO-5-CERCA-DE-50-TRABAJADORAS-DE-CASAS-PARRTICULARES-PROVENIENTES-DE-DISTINTAS-PARTES-DEL-PAIS-TUVIERON-LA-OPORTUNIDAD-DE-COMPARTIR-SUS-INQUIETUDES-CON-LA-MINISTRA-DEL-TRABAJO-XIMENA-RINCON.jpg?w=636&#038;h=420&#038;ssl=1\" srcset=\"https:\/\/i0.wp.com\/eltrabajo.cl\/portal\/wp-content\/uploads\/2016\/01\/FOTO-5-CERCA-DE-50-TRABAJADORAS-DE-CASAS-PARRTICULARES-PROVENIENTES-DE-DISTINTAS-PARTES-DEL-PAIS-TUVIERON-LA-OPORTUNIDAD-DE-COMPARTIR-SUS-INQUIETUDES-CON-LA-MINISTRA-DEL-TRABAJO-XIMENA-RINCON.jpg?w=530&amp;ssl=1 530w, https:\/\/i0.wp.com\/eltrabajo.cl\/portal\/wp-content\/uploads\/2016\/01\/FOTO-5-CERCA-DE-50-TRABAJADORAS-DE-CASAS-PARRTICULARES-PROVENIENTES-DE-DISTINTAS-PARTES-DEL-PAIS-TUVIERON-LA-OPORTUNIDAD-DE-COMPARTIR-SUS-INQUIETUDES-CON-LA-MINISTRA-DEL-TRABAJO-XIMENA-RINCON.jpg?resize=200%2C132&amp;ssl=1 200w, https:\/\/i0.wp.com\/eltrabajo.cl\/portal\/wp-content\/uploads\/2016\/01\/FOTO-5-CERCA-DE-50-TRABAJADORAS-DE-CASAS-PARRTICULARES-PROVENIENTES-DE-DISTINTAS-PARTES-DEL-PAIS-TUVIERON-LA-OPORTUNIDAD-DE-COMPARTIR-SUS-INQUIETUDES-CON-LA-MINISTRA-DEL-TRABAJO-XIMENA-RINCON.jpg?resize=300%2C198&amp;ssl=1 300w, https:\/\/i0.wp.com\/eltrabajo.cl\/portal\/wp-content\/uploads\/2016\/01\/FOTO-5-CERCA-DE-50-TRABAJADORAS-DE-CASAS-PARRTICULARES-PROVENIENTES-DE-DISTINTAS-PARTES-DEL-PAIS-TUVIERON-LA-OPORTUNIDAD-DE-COMPARTIR-SUS-INQUIETUDES-CON-LA-MINISTRA-DEL-TRABAJO-XIMENA-RINCON.jpg?resize=227%2C150&amp;ssl=1 227w, https:\/\/i0.wp.com\/eltrabajo.cl\/portal\/wp-content\/uploads\/2016\/01\/FOTO-5-CERCA-DE-50-TRABAJADORAS-DE-CASAS-PARRTICULARES-PROVENIENTES-DE-DISTINTAS-PARTES-DEL-PAIS-TUVIERON-LA-OPORTUNIDAD-DE-COMPARTIR-SUS-INQUIETUDES-CON-LA-MINISTRA-DEL-TRABAJO-XIMENA-RINCON.jpg?resize=400%2C264&amp;ssl=1 400w\" width=\"636\" height=\"420\" loading=\"lazy\" data-original-width=\"636\" data-original-height=\"420\" itemprop=\"http:\/\/schema.org\/image\" title=\"FOTO 5 CERCA DE 50 TRABAJADORAS DE CASAS PARRTICULARES PROVENIENTES DE DISTINTAS PARTES DEL PAIS TUVIERON LA OPORTUNIDAD DE COMPARTIR SUS INQUIETUDES CON LA MINISTRA DEL TRABAJO XIMENA RINCON\" alt=\"Cerca de 50 trabajadoras de casas particulares provenientes de distintas partes del pa\u00eds, tuvieron la oportunidad de compartir sus inquietudes con la Ministra del Trabajo Ximena Rinc\u00f3n.\" style=\"width: 636px; height: 420px;\" \/> <\/a> <div class=\"tiled-gallery-caption\" itemprop=\"caption description\"> Cerca de 50 trabajadoras de casas particulares provenientes de distintas partes del pa\u00eds, tuvieron la oportunidad de compartir sus inquietudes con la Ministra del Trabajo Ximena Rinc\u00f3n. <\/div> <\/div> <\/div> <!-- close group --> <\/div> <!-- close row --> <\/div>\n","protected":false},"excerpt":{"rendered":"<p>A la cita acuden representantes de filiales de La Serena, Vi\u00f1a del Mar, La Uni\u00f3n, Coyhaique, Osorno, Punta Arenas, Los Andes y San Felipe y en ella se efectuar\u00e1n capacitaciones relacionadas con&#8230;<\/p>\n","protected":false},"author":482,"featured_media":66081,"comment_status":"open","ping_status":"open","sticky":false,"template":"","format":"standard","meta":{"advanced_seo_description":"","jetpack_seo_html_title":"","jetpack_seo_noindex":false,"_jetpack_memberships_contains_paid_content":false,"footnotes":""},"categories":[15],"tags":[],"class_list":["post-66079","post","type-post","status-publish","format-standard","has-post-thumbnail","hentry","category-comunidad"],"jetpack_featured_media_url":"https:\/\/i0.wp.com\/eltrabajo.cl\/portal\/wp-content\/uploads\/2016\/01\/FOTO-2-MINSTRA-DEL-TRABAJO-XIMENA-RINCON.jpg?fit=530%2C348&ssl=1","jetpack_sharing_enabled":true,"jetpack_likes_enabled":true,"jetpack-related-posts":[],"_links":{"self":[{"href":"https:\/\/eltrabajo.cl\/portal\/wp-json\/wp\/v2\/posts\/66079","targetHints":{"allow":["GET"]}}],"collection":[{"href":"https:\/\/eltrabajo.cl\/portal\/wp-json\/wp\/v2\/posts"}],"about":[{"href":"https:\/\/eltrabajo.cl\/portal\/wp-json\/wp\/v2\/types\/post"}],"author":[{"embeddable":true,"href":"https:\/\/eltrabajo.cl\/portal\/wp-json\/wp\/v2\/users\/482"}],"replies":[{"embeddable":true,"href":"https:\/\/eltrabajo.cl\/portal\/wp-json\/wp\/v2\/comments?post=66079"}],"version-history":[{"count":0,"href":"https:\/\/eltrabajo.cl\/portal\/wp-json\/wp\/v2\/posts\/66079\/revisions"}],"wp:featuredmedia":[{"embeddable":true,"href":"https:\/\/eltrabajo.cl\/portal\/wp-json\/wp\/v2\/media\/66081"}],"wp:attachment":[{"href":"https:\/\/eltrabajo.cl\/portal\/wp-json\/wp\/v2\/media?parent=66079"}],"wp:term":[{"taxonomy":"category","embeddable":true,"href":"https:\/\/eltrabajo.cl\/portal\/wp-json\/wp\/v2\/categories?post=66079"},{"taxonomy":"post_tag","embeddable":true,"href":"https:\/\/eltrabajo.cl\/portal\/wp-json\/wp\/v2\/tags?post=66079"}],"curies":[{"name":"wp","href":"https:\/\/api.w.org\/{rel}","templated":true}]}}