{"id":66086,"date":"2016-01-22T10:03:11","date_gmt":"2016-01-22T13:03:11","guid":{"rendered":"http:\/\/www.eltrabajo.cl\/portal\/?p=66086"},"modified":"2016-01-22T10:03:11","modified_gmt":"2016-01-22T13:03:11","slug":"abandono-su-trabajo-llevandose-automovil-y-dinero-de-una-panaderia","status":"publish","type":"post","link":"https:\/\/eltrabajo.cl\/portal\/abandono-su-trabajo-llevandose-automovil-y-dinero-de-una-panaderia\/","title":{"rendered":"Abandon\u00f3 su trabajo llev\u00e1ndose autom\u00f3vil y dinero de una panader\u00eda"},"content":{"rendered":"<figure id=\"attachment_66087\" aria-describedby=\"caption-attachment-66087\" style=\"width: 300px\" class=\"wp-caption alignleft\"><img data-recalc-dims=\"1\" loading=\"lazy\" decoding=\"async\" class=\"wp-image-66087 size-medium\" src=\"https:\/\/i0.wp.com\/www.eltrabajo.cl\/portal\/wp-content\/uploads\/2016\/01\/FISCAL-EDUARDO-FAJARDO-300x197.jpg?resize=300%2C197\" alt=\"Fiscal Jefe del Ministerio P\u00fablico de San Felipe, Eduardo Fajardo de La Cuba.\" width=\"300\" height=\"197\" srcset=\"https:\/\/i0.wp.com\/eltrabajo.cl\/portal\/wp-content\/uploads\/2016\/01\/FISCAL-EDUARDO-FAJARDO.jpg?resize=300%2C197&amp;ssl=1 300w, https:\/\/i0.wp.com\/eltrabajo.cl\/portal\/wp-content\/uploads\/2016\/01\/FISCAL-EDUARDO-FAJARDO.jpg?resize=200%2C131&amp;ssl=1 200w, https:\/\/i0.wp.com\/eltrabajo.cl\/portal\/wp-content\/uploads\/2016\/01\/FISCAL-EDUARDO-FAJARDO.jpg?resize=228%2C150&amp;ssl=1 228w, https:\/\/i0.wp.com\/eltrabajo.cl\/portal\/wp-content\/uploads\/2016\/01\/FISCAL-EDUARDO-FAJARDO.jpg?resize=400%2C263&amp;ssl=1 400w, https:\/\/i0.wp.com\/eltrabajo.cl\/portal\/wp-content\/uploads\/2016\/01\/FISCAL-EDUARDO-FAJARDO.jpg?w=530&amp;ssl=1 530w\" sizes=\"auto, (max-width: 300px) 100vw, 300px\" \/><figcaption id=\"caption-attachment-66087\" class=\"wp-caption-text\">Fiscal Jefe del Ministerio P\u00fablico de San Felipe, Eduardo Fajardo de La Cuba.<\/figcaption><\/figure>\n<ul>\n<li><strong>El condenado, quien actualmente se encuentra tras las rejas por un delito de homicidio en el sur del pa\u00eds, en el a\u00f1o 2013 fue trabajador de una panader\u00eda ubicada en calle V\u00edctor Laf\u00f3n de San Felipe.<\/strong><\/li>\n<\/ul>\n<p>Por el delito de apropiaci\u00f3n indebida de un autom\u00f3vil y dinero en efectivo, fue condenado por el Tribunal Oral en lo Penal, Jorge Ismael Rodr\u00edguez Soto, un ex funcionario de la panader\u00eda \u2018La Victoria\u2019 de San Felipe, quien abandon\u00f3 su puesto de trabajo, desapareciendo por completo con las especies hasta ser detenido por un homicidio cometido en el sur del pa\u00eds.<br \/>\nSobre este caso en particular, la sentencia judicial a\u00fan no ejecutada, obligar\u00eda al condenado a cumplir 800 d\u00edas de c\u00e1rcel de manera efectiva y el pago de once Unidades Tributarias Mensuales por los hechos acusados por la Fiscal\u00eda.<br \/>\nEl persecutor a cargo de esta causa, Eduardo Fajardo de La Cuba, afirm\u00f3 a Diario El Trabajo que de acuerdo a las investigaciones, el sentenciado trabaj\u00f3 inicialmente como panadero en dicho local comercial ubicado en calle V\u00edctor Laf\u00f3n de San Felipe.<br \/>\nNo obstante en el mes de noviembre del a\u00f1o 2013, el acusado efectuaba labores de reparto de pan, hasta que un d\u00eda desapareci\u00f3 con el autom\u00f3vil de propiedad de la empresa y el dinero de la recaudaci\u00f3n del d\u00eda consistente en $250.000 en efectivo.<br \/>\nSin embargo a ocho d\u00edas de su ausencia, en la localidad de Horc\u00f3n fue hallado el veh\u00edculo de la panader\u00eda chocado con p\u00e9rdida total; Rodr\u00edguez literalmente hab\u00eda desaparecido del mapa. Finalmente fue detenido en el sur del pa\u00eds tras su autor\u00eda en un homicidio, cumpliendo actualmente una condena en la c\u00e1rcel por este crimen.<br \/>\nEs por ello que al establecer su ubicaci\u00f3n, la Fiscal\u00eda de San Felipe someti\u00f3 a juicio oral al acusado quien fue condenado por el Tribunal Oral por el delito de apropiaci\u00f3n indebida. \u201cLa sentencia fue de 800 d\u00edas de presidio efectivo y el pago de una multa, el condenado cumple una condena actualmente por homicidio\u201d sostuvo el Fiscal Eduardo Fajardo.<br \/>\n<strong>Pablo Salinas Sald\u00edas<\/strong><\/p>\n","protected":false},"excerpt":{"rendered":"<p>El condenado, quien actualmente se encuentra tras las rejas por un delito de homicidio en el sur del pa\u00eds, en el a\u00f1o 2013 fue trabajador de una panader\u00eda ubicada en calle V\u00edctor&#8230;<\/p>\n","protected":false},"author":482,"featured_media":66087,"comment_status":"open","ping_status":"open","sticky":false,"template":"","format":"standard","meta":{"advanced_seo_description":"","jetpack_seo_html_title":"","jetpack_seo_noindex":false,"_jetpack_memberships_contains_paid_content":false,"footnotes":""},"categories":[21],"tags":[],"class_list":["post-66086","post","type-post","status-publish","format-standard","has-post-thumbnail","hentry","category-policial"],"jetpack_featured_media_url":"https:\/\/i0.wp.com\/eltrabajo.cl\/portal\/wp-content\/uploads\/2016\/01\/FISCAL-EDUARDO-FAJARDO.jpg?fit=530%2C348&ssl=1","jetpack_sharing_enabled":true,"jetpack_likes_enabled":true,"jetpack-related-posts":[],"_links":{"self":[{"href":"https:\/\/eltrabajo.cl\/portal\/wp-json\/wp\/v2\/posts\/66086","targetHints":{"allow":["GET"]}}],"collection":[{"href":"https:\/\/eltrabajo.cl\/portal\/wp-json\/wp\/v2\/posts"}],"about":[{"href":"https:\/\/eltrabajo.cl\/portal\/wp-json\/wp\/v2\/types\/post"}],"author":[{"embeddable":true,"href":"https:\/\/eltrabajo.cl\/portal\/wp-json\/wp\/v2\/users\/482"}],"replies":[{"embeddable":true,"href":"https:\/\/eltrabajo.cl\/portal\/wp-json\/wp\/v2\/comments?post=66086"}],"version-history":[{"count":0,"href":"https:\/\/eltrabajo.cl\/portal\/wp-json\/wp\/v2\/posts\/66086\/revisions"}],"wp:featuredmedia":[{"embeddable":true,"href":"https:\/\/eltrabajo.cl\/portal\/wp-json\/wp\/v2\/media\/66087"}],"wp:attachment":[{"href":"https:\/\/eltrabajo.cl\/portal\/wp-json\/wp\/v2\/media?parent=66086"}],"wp:term":[{"taxonomy":"category","embeddable":true,"href":"https:\/\/eltrabajo.cl\/portal\/wp-json\/wp\/v2\/categories?post=66086"},{"taxonomy":"post_tag","embeddable":true,"href":"https:\/\/eltrabajo.cl\/portal\/wp-json\/wp\/v2\/tags?post=66086"}],"curies":[{"name":"wp","href":"https:\/\/api.w.org\/{rel}","templated":true}]}}