{"id":66089,"date":"2016-01-22T10:04:47","date_gmt":"2016-01-22T13:04:47","guid":{"rendered":"http:\/\/www.eltrabajo.cl\/portal\/?p=66089"},"modified":"2016-01-22T10:04:47","modified_gmt":"2016-01-22T13:04:47","slug":"a-mordiscos-y-pedradas-atacan-a-carabineros-al-detener-a-infractor-en-villa-250-anos","status":"publish","type":"post","link":"https:\/\/eltrabajo.cl\/portal\/a-mordiscos-y-pedradas-atacan-a-carabineros-al-detener-a-infractor-en-villa-250-anos\/","title":{"rendered":"A mordiscos y pedradas atacan a Carabineros al detener a infractor en villa 250 A\u00f1os"},"content":{"rendered":"<figure id=\"attachment_66090\" aria-describedby=\"caption-attachment-66090\" style=\"width: 300px\" class=\"wp-caption alignleft\"><img data-recalc-dims=\"1\" loading=\"lazy\" decoding=\"async\" class=\"wp-image-66090 size-medium\" src=\"https:\/\/i0.wp.com\/www.eltrabajo.cl\/portal\/wp-content\/uploads\/2016\/01\/Imputado-Maltrato-300x198.jpg?resize=300%2C198\" alt=\"El imputado fue detenido por Carabineros para ser sometido a control de detenci\u00f3n el d\u00eda de hoy viernes en el Juzgado de Garant\u00eda de San Felipe. (Foto Archivo).\" width=\"300\" height=\"198\" srcset=\"https:\/\/i0.wp.com\/eltrabajo.cl\/portal\/wp-content\/uploads\/2016\/01\/Imputado-Maltrato.jpg?resize=300%2C198&amp;ssl=1 300w, https:\/\/i0.wp.com\/eltrabajo.cl\/portal\/wp-content\/uploads\/2016\/01\/Imputado-Maltrato.jpg?resize=200%2C132&amp;ssl=1 200w, https:\/\/i0.wp.com\/eltrabajo.cl\/portal\/wp-content\/uploads\/2016\/01\/Imputado-Maltrato.jpg?resize=228%2C150&amp;ssl=1 228w, https:\/\/i0.wp.com\/eltrabajo.cl\/portal\/wp-content\/uploads\/2016\/01\/Imputado-Maltrato.jpg?resize=400%2C263&amp;ssl=1 400w, https:\/\/i0.wp.com\/eltrabajo.cl\/portal\/wp-content\/uploads\/2016\/01\/Imputado-Maltrato.jpg?w=530&amp;ssl=1 530w\" sizes=\"auto, (max-width: 300px) 100vw, 300px\" \/><figcaption id=\"caption-attachment-66090\" class=\"wp-caption-text\">El imputado fue detenido por Carabineros para ser sometido a control de detenci\u00f3n el d\u00eda de hoy viernes en el Juzgado de Garant\u00eda de San Felipe. (Foto Archivo).<\/figcaption><\/figure>\n<ul>\n<li><strong>Residentes de esa localidad de San Felipe arrojaron objetos contundentes contra los efectivos policiales cuando deten\u00edan a un sujeto que habr\u00eda estado consumiendo una cerveza en la v\u00eda p\u00fablica.<\/strong><\/li>\n<\/ul>\n<p>Dos funcionarios de Carabineros resultaron heridos de consideraci\u00f3n luego de un violento enfrentamiento con residentes de la villa 250 A\u00f1os. Los polic\u00edas recibieron pedradas y mordeduras en sus extremidades en los momentos que efectuaban la detenci\u00f3n de un sujeto que beb\u00eda alcohol en la v\u00eda p\u00fablica, el que los intimid\u00f3 arrojando una botella de vidrio.<br \/>\nSeg\u00fan Carabineros, los hechos habr\u00edan ocurrido a eso de las 11:30 horas de la ma\u00f1ana de ayer jueves, en circunstancias que los efectivos policiales desplegaban patrullajes preventivos por dicha villa sanfelipe\u00f1a, observando a un individuo que consum\u00eda cervezas espec\u00edficamente en calle Eucaliptus esquina Dardignac de esta comuna.<br \/>\nEl sujeto, al advertir la presencia policial, habr\u00eda arrojado la botella de vidrio contra el suelo, en los momentos que uno de los funcionarios se acercaba a fiscalizarlo por consumo de alcohol en la v\u00eda p\u00fablica. No obstante en circunstancias que el aludido estaba siendo reducido por Carabineros, mordi\u00f3 el muslo del uniformado y el antebrazo de otro polic\u00eda.<br \/>\nEl procedimiento se sali\u00f3 de control luego que los residentes del sector, habr\u00edan comenzado a arrojar objetos contundentes como palos y piedras en contra de Carabineros; una de estas pedradas cay\u00f3 directamente sobre el cabeza de uno de los uniformados. El sujeto fue individualizado por su apodo de \u2018El Hueso\u2019 quien huy\u00f3 r\u00e1pidamente del lugar para no ser detenido.<br \/>\nA los pocos minutos de estos atentados, Carabineros debi\u00f3 abandonar el sector con un detenido quien de la misma forma, result\u00f3 lesionado por las pedradas que los vecinos arrojaban, debiendo concurrir hasta el Servicio de Urgencias del Hospital San Camilo de San Felipe para la constataci\u00f3n de lesiones hacia el imputado como de los mismos funcionarios policiales.<br \/>\nNo obstante por disposici\u00f3n de la Fiscal\u00eda, el imputado ser\u00e1 sometido a control de detenci\u00f3n el d\u00eda de hoy viernes en el Juzgado de Garant\u00eda de San Felipe bajo los cargos de maltrato de obra a Carabineros.<br \/>\n<strong>Pablo Salinas Sald\u00edas<\/strong><\/p>\n","protected":false},"excerpt":{"rendered":"<p>Residentes de esa localidad de San Felipe arrojaron objetos contundentes contra los efectivos policiales cuando deten\u00edan a un sujeto que habr\u00eda estado consumiendo una cerveza en la v\u00eda p\u00fablica. Dos funcionarios de&#8230;<\/p>\n","protected":false},"author":482,"featured_media":66090,"comment_status":"open","ping_status":"open","sticky":false,"template":"","format":"standard","meta":{"advanced_seo_description":"","jetpack_seo_html_title":"","jetpack_seo_noindex":false,"_jetpack_memberships_contains_paid_content":false,"footnotes":""},"categories":[21],"tags":[],"class_list":["post-66089","post","type-post","status-publish","format-standard","has-post-thumbnail","hentry","category-policial"],"jetpack_featured_media_url":"https:\/\/i0.wp.com\/eltrabajo.cl\/portal\/wp-content\/uploads\/2016\/01\/Imputado-Maltrato.jpg?fit=530%2C349&ssl=1","jetpack_sharing_enabled":true,"jetpack_likes_enabled":true,"jetpack-related-posts":[],"_links":{"self":[{"href":"https:\/\/eltrabajo.cl\/portal\/wp-json\/wp\/v2\/posts\/66089","targetHints":{"allow":["GET"]}}],"collection":[{"href":"https:\/\/eltrabajo.cl\/portal\/wp-json\/wp\/v2\/posts"}],"about":[{"href":"https:\/\/eltrabajo.cl\/portal\/wp-json\/wp\/v2\/types\/post"}],"author":[{"embeddable":true,"href":"https:\/\/eltrabajo.cl\/portal\/wp-json\/wp\/v2\/users\/482"}],"replies":[{"embeddable":true,"href":"https:\/\/eltrabajo.cl\/portal\/wp-json\/wp\/v2\/comments?post=66089"}],"version-history":[{"count":0,"href":"https:\/\/eltrabajo.cl\/portal\/wp-json\/wp\/v2\/posts\/66089\/revisions"}],"wp:featuredmedia":[{"embeddable":true,"href":"https:\/\/eltrabajo.cl\/portal\/wp-json\/wp\/v2\/media\/66090"}],"wp:attachment":[{"href":"https:\/\/eltrabajo.cl\/portal\/wp-json\/wp\/v2\/media?parent=66089"}],"wp:term":[{"taxonomy":"category","embeddable":true,"href":"https:\/\/eltrabajo.cl\/portal\/wp-json\/wp\/v2\/categories?post=66089"},{"taxonomy":"post_tag","embeddable":true,"href":"https:\/\/eltrabajo.cl\/portal\/wp-json\/wp\/v2\/tags?post=66089"}],"curies":[{"name":"wp","href":"https:\/\/api.w.org\/{rel}","templated":true}]}}