{"id":66095,"date":"2016-01-25T09:57:34","date_gmt":"2016-01-25T12:57:34","guid":{"rendered":"http:\/\/www.eltrabajo.cl\/portal\/?p=66095"},"modified":"2016-01-25T09:57:34","modified_gmt":"2016-01-25T12:57:34","slug":"nina-callelarguina-obtuvo-primer-lugar-regional-en-concurso-de-cuentos-del-ministerio-de-agricultura","status":"publish","type":"post","link":"https:\/\/eltrabajo.cl\/portal\/nina-callelarguina-obtuvo-primer-lugar-regional-en-concurso-de-cuentos-del-ministerio-de-agricultura\/","title":{"rendered":"Ni\u00f1a callelarguina obtuvo primer lugar regional en concurso de cuentos del Ministerio de Agricultura"},"content":{"rendered":"<figure id=\"attachment_66096\" aria-describedby=\"caption-attachment-66096\" style=\"width: 300px\" class=\"wp-caption alignleft\"><img data-recalc-dims=\"1\" loading=\"lazy\" decoding=\"async\" class=\"wp-image-66096 size-medium\" src=\"https:\/\/i0.wp.com\/www.eltrabajo.cl\/portal\/wp-content\/uploads\/2016\/01\/Ganadora-concurso-literario-La-Carreta-Negra-300x198.jpg?resize=300%2C198\" alt=\"Daniela Espinoza obtuvo el primer lugar en concurso de cuentos del Ministerio de Agricultura.\" width=\"300\" height=\"198\" srcset=\"https:\/\/i0.wp.com\/eltrabajo.cl\/portal\/wp-content\/uploads\/2016\/01\/Ganadora-concurso-literario-La-Carreta-Negra.jpg?resize=300%2C198&amp;ssl=1 300w, https:\/\/i0.wp.com\/eltrabajo.cl\/portal\/wp-content\/uploads\/2016\/01\/Ganadora-concurso-literario-La-Carreta-Negra.jpg?resize=200%2C132&amp;ssl=1 200w, https:\/\/i0.wp.com\/eltrabajo.cl\/portal\/wp-content\/uploads\/2016\/01\/Ganadora-concurso-literario-La-Carreta-Negra.jpg?resize=227%2C150&amp;ssl=1 227w, https:\/\/i0.wp.com\/eltrabajo.cl\/portal\/wp-content\/uploads\/2016\/01\/Ganadora-concurso-literario-La-Carreta-Negra.jpg?resize=400%2C264&amp;ssl=1 400w, https:\/\/i0.wp.com\/eltrabajo.cl\/portal\/wp-content\/uploads\/2016\/01\/Ganadora-concurso-literario-La-Carreta-Negra.jpg?w=530&amp;ssl=1 530w\" sizes=\"auto, (max-width: 300px) 100vw, 300px\" \/><figcaption id=\"caption-attachment-66096\" class=\"wp-caption-text\">Daniela Espinoza obtuvo el primer lugar en concurso de cuentos del Ministerio de Agricultura.<\/figcaption><\/figure>\n<p><strong>CALLE LARGA.-<\/strong> \u2018La Carreta Negra\u2019 fue el cuento ganador en Regi\u00f3n de Valpara\u00edso en la categor\u00eda \u2018Me lo cont\u00f3 mi abuelito\u2019, del concurso literario \u2018Historias de nuestra tierra\u2019, realizado por el Ministerio de Agricultura a trav\u00e9s de la Fundaci\u00f3n de Comunicaciones, Capacitaci\u00f3n y Cultura del Agro (Fucoa).<br \/>\nSu autora fue Daniela Espinoza Espinoza, una peque\u00f1a callelarguina de segundo b\u00e1sico de la escuela Pedro Aguirre Cerda quien junto a su familia, dio vida a esta historia que relata el recorrido que hac\u00eda una fantasmal carreta negra por las antiguas calles del sector de Pocuro, Calle Larga.<br \/>\n\u201cEsta historia la hice con la ayuda de mi familia, ellos me dieron ideas y m\u00e1s las m\u00edas hicimos esta historia. Con mi abuelito siempre jugamos a contar historias y ahora pudimos crear \u2018La Carreta Negra\u2019 \u201d, cont\u00f3 la peque\u00f1a Daniela.<br \/>\nPor su parte el alcalde Nelson Venegas, destac\u00f3 el logro obtenido por la estudiante callelarguina.<br \/>\n\u201cDaniela vive en Calle Larga y proviene de una familia trabajadora y de mucho esfuerzo. Qui\u00e9n sabe, ella quiz\u00e1s en el futuro se pueda convertir en una gran escritora. El municipio desde el Departamento de Educaci\u00f3n Municipal y desde la Biblioteca, hace esfuerzos para potenciar el talento de ni\u00f1os y ni\u00f1as que como Daniela desarrollan este tipo de habilidades\u201d, manifest\u00f3 el alcalde Nelson Venegas.<br \/>\nCabe se\u00f1alar que a nivel nacional fueron 2 mil 871 obras recibidas en el contexto de este concurso. Los cuentos y poemas finalistas, tanto regionales como nacionales, ser\u00e1n publicados en una antolog\u00eda que estar\u00e1 disponible al p\u00fablico en formato digital. Adem\u00e1s, estar\u00e1 disponible en las bibliotecas regionales del pa\u00eds y ser\u00e1 entregada a los ganadores.<\/p>\n","protected":false},"excerpt":{"rendered":"<p>CALLE LARGA.- \u2018La Carreta Negra\u2019 fue el cuento ganador en Regi\u00f3n de Valpara\u00edso en la categor\u00eda \u2018Me lo cont\u00f3 mi abuelito\u2019, del concurso literario \u2018Historias de nuestra tierra\u2019, realizado por el Ministerio&#8230;<\/p>\n","protected":false},"author":482,"featured_media":66096,"comment_status":"open","ping_status":"open","sticky":false,"template":"","format":"standard","meta":{"advanced_seo_description":"","jetpack_seo_html_title":"","jetpack_seo_noindex":false,"_jetpack_memberships_contains_paid_content":false,"footnotes":""},"categories":[15],"tags":[],"class_list":["post-66095","post","type-post","status-publish","format-standard","has-post-thumbnail","hentry","category-comunidad"],"jetpack_featured_media_url":"https:\/\/i0.wp.com\/eltrabajo.cl\/portal\/wp-content\/uploads\/2016\/01\/Ganadora-concurso-literario-La-Carreta-Negra.jpg?fit=530%2C350&ssl=1","jetpack_sharing_enabled":true,"jetpack_likes_enabled":true,"jetpack-related-posts":[],"_links":{"self":[{"href":"https:\/\/eltrabajo.cl\/portal\/wp-json\/wp\/v2\/posts\/66095","targetHints":{"allow":["GET"]}}],"collection":[{"href":"https:\/\/eltrabajo.cl\/portal\/wp-json\/wp\/v2\/posts"}],"about":[{"href":"https:\/\/eltrabajo.cl\/portal\/wp-json\/wp\/v2\/types\/post"}],"author":[{"embeddable":true,"href":"https:\/\/eltrabajo.cl\/portal\/wp-json\/wp\/v2\/users\/482"}],"replies":[{"embeddable":true,"href":"https:\/\/eltrabajo.cl\/portal\/wp-json\/wp\/v2\/comments?post=66095"}],"version-history":[{"count":0,"href":"https:\/\/eltrabajo.cl\/portal\/wp-json\/wp\/v2\/posts\/66095\/revisions"}],"wp:featuredmedia":[{"embeddable":true,"href":"https:\/\/eltrabajo.cl\/portal\/wp-json\/wp\/v2\/media\/66096"}],"wp:attachment":[{"href":"https:\/\/eltrabajo.cl\/portal\/wp-json\/wp\/v2\/media?parent=66095"}],"wp:term":[{"taxonomy":"category","embeddable":true,"href":"https:\/\/eltrabajo.cl\/portal\/wp-json\/wp\/v2\/categories?post=66095"},{"taxonomy":"post_tag","embeddable":true,"href":"https:\/\/eltrabajo.cl\/portal\/wp-json\/wp\/v2\/tags?post=66095"}],"curies":[{"name":"wp","href":"https:\/\/api.w.org\/{rel}","templated":true}]}}