{"id":66098,"date":"2016-01-25T10:03:48","date_gmt":"2016-01-25T13:03:48","guid":{"rendered":"http:\/\/www.eltrabajo.cl\/portal\/?p=66098"},"modified":"2016-01-25T10:03:48","modified_gmt":"2016-01-25T13:03:48","slug":"academia-manteka-gonzalez-con-semillero-de-futbolistas-en-la-troya","status":"publish","type":"post","link":"https:\/\/eltrabajo.cl\/portal\/academia-manteka-gonzalez-con-semillero-de-futbolistas-en-la-troya\/","title":{"rendered":"\u2018Academia Manteka Gonz\u00e1lez\u2019 con semillero de futbolistas en La Troya"},"content":{"rendered":"<figure id=\"attachment_66099\" aria-describedby=\"caption-attachment-66099\" style=\"width: 300px\" class=\"wp-caption alignleft\"><img data-recalc-dims=\"1\" loading=\"lazy\" decoding=\"async\" class=\"wp-image-66099 size-medium\" src=\"https:\/\/i0.wp.com\/www.eltrabajo.cl\/portal\/wp-content\/uploads\/2016\/01\/Mantequitos1-300x198.jpg?resize=300%2C198\" alt=\"FUTUROS CAMPEONES.- Ellos son los \u2018Mantequitos\u2019 que dan vida y explosividad a la \u2018Academia de F\u00fatbol Manteka Gonz\u00e1lez\u2019.\" width=\"300\" height=\"198\" srcset=\"https:\/\/i0.wp.com\/eltrabajo.cl\/portal\/wp-content\/uploads\/2016\/01\/Mantequitos1.jpg?resize=300%2C198&amp;ssl=1 300w, https:\/\/i0.wp.com\/eltrabajo.cl\/portal\/wp-content\/uploads\/2016\/01\/Mantequitos1.jpg?resize=200%2C132&amp;ssl=1 200w, https:\/\/i0.wp.com\/eltrabajo.cl\/portal\/wp-content\/uploads\/2016\/01\/Mantequitos1.jpg?resize=228%2C150&amp;ssl=1 228w, https:\/\/i0.wp.com\/eltrabajo.cl\/portal\/wp-content\/uploads\/2016\/01\/Mantequitos1.jpg?resize=400%2C263&amp;ssl=1 400w, https:\/\/i0.wp.com\/eltrabajo.cl\/portal\/wp-content\/uploads\/2016\/01\/Mantequitos1.jpg?w=530&amp;ssl=1 530w\" sizes=\"auto, (max-width: 300px) 100vw, 300px\" \/><figcaption id=\"caption-attachment-66099\" class=\"wp-caption-text\">FUTUROS CAMPEONES.- Ellos son los \u2018Mantequitos\u2019 que dan vida y explosividad a la \u2018Academia de F\u00fatbol Manteka Gonz\u00e1lez\u2019.<\/figcaption><\/figure>\n<p>Una explosiva aventura de aprendizaje y talento en desarrollo es la que viven los 50 ni\u00f1os que componen la \u2018Academia de F\u00fatbol Manteka Gonz\u00e1lez\u2019, quienes s\u00e1bado a s\u00e1bado se re\u00fanen de 10:00 a las 12:00 horas en la cancha de La Troya para hacer sus entrenamientos.<br \/>\n\u00abTengo a chicos de todo el Valle de Aconcagua en mi academia, son menores entre cinco a 15 a\u00f1os los que reciben aprendizaje y pr\u00e1ctica en esta escuela de f\u00fatbol. Ellos aprenden c\u00f3mo se juega f\u00fatbol; sus reglas; las t\u00e9cnicas y estrategias en equipo que se deben poner en pr\u00e1ctica para un buen desarrollo de este deporte\u00bb, explic\u00f3 a Diario El Trabajo el mismo Ricardo \u2018Manteca\u2019 Gonz\u00e1lez.<\/p>\n<p><strong>EST\u00c1N CASI LISTOS<\/strong><br \/>\nT\u00e9cnicas como tiro al arco; conocimiento del Reglamento Fifa y c\u00f3mo enfrentar al adversario durante el partido, en esta academia s\u00f3lo se cobra la mensualidad que es de $12.000 y las clases est\u00e1n desarrolladas por el propio Ricardo Gonz\u00e1lez, Ignacio Reinoso, C\u00e9sar Contreras y Claudio Gonz\u00e1lez.<br \/>\n\u00abEn marzo de este a\u00f1o estaremos armando los primeros partidos contra otras escuelas del pa\u00eds, pues es de suponer que ya los chicos estar\u00e1n bien fogueados para vencer sus miedos naturales\u00bb, agreg\u00f3 Gonz\u00e1lez.<br \/>\n<strong>Roberto Gonz\u00e1lez Short<\/strong><br \/>\n<strong>rgonzalez@eltrabajo.cl<\/strong><\/p>\n<div class=\"tiled-gallery type-rectangular tiled-gallery-unresized\" data-original-width=\"640\" data-carousel-extra='null' itemscope itemtype=\"http:\/\/schema.org\/ImageGallery\" > <div class=\"gallery-row\" style=\"width: 640px; height: 282px;\" data-original-width=\"640\" data-original-height=\"282\" > <div class=\"gallery-group images-1\" style=\"width: 428px; height: 282px;\" data-original-width=\"428\" data-original-height=\"282\" > <div class=\"tiled-gallery-item tiled-gallery-item-large\" itemprop=\"associatedMedia\" itemscope itemtype=\"http:\/\/schema.org\/ImageObject\"> <a href=\"https:\/\/eltrabajo.cl\/portal\/academia-manteka-gonzalez-con-semillero-de-futbolistas-en-la-troya\/tecnicos1-3\/\" border=\"0\" itemprop=\"url\"> <meta itemprop=\"width\" content=\"424\"> <meta itemprop=\"height\" content=\"278\"> <img decoding=\"async\" class=\"\" data-attachment-id=\"66103\" data-orig-file=\"https:\/\/eltrabajo.cl\/portal\/wp-content\/uploads\/2016\/01\/Tecnicos1.jpg\" data-orig-size=\"530,348\" data-comments-opened=\"1\" data-image-meta=\"{&quot;aperture&quot;:&quot;0&quot;,&quot;credit&quot;:&quot;&quot;,&quot;camera&quot;:&quot;&quot;,&quot;caption&quot;:&quot;&quot;,&quot;created_timestamp&quot;:&quot;0&quot;,&quot;copyright&quot;:&quot;&quot;,&quot;focal_length&quot;:&quot;0&quot;,&quot;iso&quot;:&quot;0&quot;,&quot;shutter_speed&quot;:&quot;0&quot;,&quot;title&quot;:&quot;&quot;,&quot;orientation&quot;:&quot;0&quot;}\" data-image-title=\"Tecnicos1\" data-image-description=\"&lt;p&gt;LOS T\u00c9CNICOS.- Las clases est\u00e1n desarrolladas por el propio Ricardo Gonz\u00e1lez, Ignacio Reinoso, C\u00e9sar Contreras y Claudio Gonz\u00e1lez.&lt;\/p&gt; \" data-medium-file=\"https:\/\/i0.wp.com\/eltrabajo.cl\/portal\/wp-content\/uploads\/2016\/01\/Tecnicos1.jpg?fit=300%2C197&#038;ssl=1\" data-large-file=\"https:\/\/i0.wp.com\/eltrabajo.cl\/portal\/wp-content\/uploads\/2016\/01\/Tecnicos1.jpg?fit=530%2C348&#038;ssl=1\" src=\"https:\/\/i0.wp.com\/eltrabajo.cl\/portal\/wp-content\/uploads\/2016\/01\/Tecnicos1.jpg?w=424&#038;h=278&#038;ssl=1\" srcset=\"https:\/\/i0.wp.com\/eltrabajo.cl\/portal\/wp-content\/uploads\/2016\/01\/Tecnicos1.jpg?w=530&amp;ssl=1 530w, https:\/\/i0.wp.com\/eltrabajo.cl\/portal\/wp-content\/uploads\/2016\/01\/Tecnicos1.jpg?resize=200%2C131&amp;ssl=1 200w, https:\/\/i0.wp.com\/eltrabajo.cl\/portal\/wp-content\/uploads\/2016\/01\/Tecnicos1.jpg?resize=300%2C197&amp;ssl=1 300w, https:\/\/i0.wp.com\/eltrabajo.cl\/portal\/wp-content\/uploads\/2016\/01\/Tecnicos1.jpg?resize=228%2C150&amp;ssl=1 228w, https:\/\/i0.wp.com\/eltrabajo.cl\/portal\/wp-content\/uploads\/2016\/01\/Tecnicos1.jpg?resize=400%2C263&amp;ssl=1 400w\" width=\"424\" height=\"278\" loading=\"lazy\" data-original-width=\"424\" data-original-height=\"278\" itemprop=\"http:\/\/schema.org\/image\" title=\"Tecnicos1\" alt=\"LOS T\u00c9CNICOS.- Las clases est\u00e1n desarrolladas por el propio Ricardo Gonz\u00e1lez, Ignacio Reinoso, C\u00e9sar Contreras y Claudio Gonz\u00e1lez.\" style=\"width: 424px; height: 278px;\" \/> <\/a> <div class=\"tiled-gallery-caption\" itemprop=\"caption description\"> LOS T\u00c9CNICOS.- Las clases est\u00e1n desarrolladas por el propio Ricardo Gonz\u00e1lez, Ignacio Reinoso, C\u00e9sar Contreras y Claudio Gonz\u00e1lez. <\/div> <\/div> <\/div> <!-- close group --> <div class=\"gallery-group images-2\" style=\"width: 212px; height: 282px;\" data-original-width=\"212\" data-original-height=\"282\" > <div class=\"tiled-gallery-item tiled-gallery-item-small\" itemprop=\"associatedMedia\" itemscope itemtype=\"http:\/\/schema.org\/ImageObject\"> <a href=\"https:\/\/eltrabajo.cl\/portal\/academia-manteka-gonzalez-con-semillero-de-futbolistas-en-la-troya\/portero1-2\/\" border=\"0\" itemprop=\"url\"> <meta itemprop=\"width\" content=\"208\"> <meta itemprop=\"height\" content=\"137\"> <img decoding=\"async\" class=\"\" data-attachment-id=\"66101\" data-orig-file=\"https:\/\/eltrabajo.cl\/portal\/wp-content\/uploads\/2016\/01\/Portero1.jpg\" data-orig-size=\"530,349\" data-comments-opened=\"1\" data-image-meta=\"{&quot;aperture&quot;:&quot;0&quot;,&quot;credit&quot;:&quot;&quot;,&quot;camera&quot;:&quot;&quot;,&quot;caption&quot;:&quot;&quot;,&quot;created_timestamp&quot;:&quot;0&quot;,&quot;copyright&quot;:&quot;&quot;,&quot;focal_length&quot;:&quot;0&quot;,&quot;iso&quot;:&quot;0&quot;,&quot;shutter_speed&quot;:&quot;0&quot;,&quot;title&quot;:&quot;&quot;,&quot;orientation&quot;:&quot;0&quot;}\" data-image-title=\"Portero1\" data-image-description=\"&lt;p&gt;CALENTANDO MOTORES.- Paso a paso, estos chicos ya se animan a \u2018fusilar\u2019 al portero que sea, ni\u00f1as y ni\u00f1os se dan \u00e1nimo para anotar y saborear sus peque\u00f1os triunfos.&lt;\/p&gt; \" data-medium-file=\"https:\/\/i0.wp.com\/eltrabajo.cl\/portal\/wp-content\/uploads\/2016\/01\/Portero1.jpg?fit=300%2C198&#038;ssl=1\" data-large-file=\"https:\/\/i0.wp.com\/eltrabajo.cl\/portal\/wp-content\/uploads\/2016\/01\/Portero1.jpg?fit=530%2C349&#038;ssl=1\" src=\"https:\/\/i0.wp.com\/eltrabajo.cl\/portal\/wp-content\/uploads\/2016\/01\/Portero1.jpg?w=208&#038;h=137&#038;ssl=1\" srcset=\"https:\/\/i0.wp.com\/eltrabajo.cl\/portal\/wp-content\/uploads\/2016\/01\/Portero1.jpg?w=530&amp;ssl=1 530w, https:\/\/i0.wp.com\/eltrabajo.cl\/portal\/wp-content\/uploads\/2016\/01\/Portero1.jpg?resize=200%2C132&amp;ssl=1 200w, https:\/\/i0.wp.com\/eltrabajo.cl\/portal\/wp-content\/uploads\/2016\/01\/Portero1.jpg?resize=300%2C198&amp;ssl=1 300w, https:\/\/i0.wp.com\/eltrabajo.cl\/portal\/wp-content\/uploads\/2016\/01\/Portero1.jpg?resize=228%2C150&amp;ssl=1 228w, https:\/\/i0.wp.com\/eltrabajo.cl\/portal\/wp-content\/uploads\/2016\/01\/Portero1.jpg?resize=400%2C263&amp;ssl=1 400w\" width=\"208\" height=\"137\" loading=\"lazy\" data-original-width=\"208\" data-original-height=\"137\" itemprop=\"http:\/\/schema.org\/image\" title=\"Portero1\" alt=\"CALENTANDO MOTORES.- Paso a paso, estos chicos ya se animan a \u2018fusilar\u2019 al portero que sea, ni\u00f1as y ni\u00f1os se dan \u00e1nimo para anotar y saborear sus peque\u00f1os triunfos.\" style=\"width: 208px; height: 137px;\" \/> <\/a> <div class=\"tiled-gallery-caption\" itemprop=\"caption description\"> CALENTANDO MOTORES.- Paso a paso, estos chicos ya se animan a \u2018fusilar\u2019 al portero que sea, ni\u00f1as y ni\u00f1os se dan \u00e1nimo para anotar y saborear sus peque\u00f1os triunfos. <\/div> <\/div> <div class=\"tiled-gallery-item tiled-gallery-item-small\" itemprop=\"associatedMedia\" itemscope itemtype=\"http:\/\/schema.org\/ImageObject\"> <a href=\"https:\/\/eltrabajo.cl\/portal\/academia-manteka-gonzalez-con-semillero-de-futbolistas-en-la-troya\/marcelo-suarez\/\" border=\"0\" itemprop=\"url\"> <meta itemprop=\"width\" content=\"208\"> <meta itemprop=\"height\" content=\"137\"> <img decoding=\"async\" class=\"\" data-attachment-id=\"66100\" data-orig-file=\"https:\/\/eltrabajo.cl\/portal\/wp-content\/uploads\/2016\/01\/Marcelo-Suarez.jpg\" data-orig-size=\"530,348\" data-comments-opened=\"1\" data-image-meta=\"{&quot;aperture&quot;:&quot;0&quot;,&quot;credit&quot;:&quot;&quot;,&quot;camera&quot;:&quot;&quot;,&quot;caption&quot;:&quot;&quot;,&quot;created_timestamp&quot;:&quot;0&quot;,&quot;copyright&quot;:&quot;&quot;,&quot;focal_length&quot;:&quot;0&quot;,&quot;iso&quot;:&quot;0&quot;,&quot;shutter_speed&quot;:&quot;0&quot;,&quot;title&quot;:&quot;&quot;,&quot;orientation&quot;:&quot;0&quot;}\" data-image-title=\"Marcelo Suarez\" data-image-description=\"&lt;p&gt;MARCELO SU\u00c1REZ, APODERADO: \u00abMi hijo ha mejorado su juego, tambi\u00e9n su comportamiento, \u00e9l es m\u00e1s feliz\u00bb.&lt;\/p&gt; \" data-medium-file=\"https:\/\/i0.wp.com\/eltrabajo.cl\/portal\/wp-content\/uploads\/2016\/01\/Marcelo-Suarez.jpg?fit=300%2C197&#038;ssl=1\" data-large-file=\"https:\/\/i0.wp.com\/eltrabajo.cl\/portal\/wp-content\/uploads\/2016\/01\/Marcelo-Suarez.jpg?fit=530%2C348&#038;ssl=1\" src=\"https:\/\/i0.wp.com\/eltrabajo.cl\/portal\/wp-content\/uploads\/2016\/01\/Marcelo-Suarez.jpg?w=208&#038;h=137&#038;ssl=1\" srcset=\"https:\/\/i0.wp.com\/eltrabajo.cl\/portal\/wp-content\/uploads\/2016\/01\/Marcelo-Suarez.jpg?w=530&amp;ssl=1 530w, https:\/\/i0.wp.com\/eltrabajo.cl\/portal\/wp-content\/uploads\/2016\/01\/Marcelo-Suarez.jpg?resize=200%2C131&amp;ssl=1 200w, https:\/\/i0.wp.com\/eltrabajo.cl\/portal\/wp-content\/uploads\/2016\/01\/Marcelo-Suarez.jpg?resize=300%2C197&amp;ssl=1 300w, https:\/\/i0.wp.com\/eltrabajo.cl\/portal\/wp-content\/uploads\/2016\/01\/Marcelo-Suarez.jpg?resize=228%2C150&amp;ssl=1 228w, https:\/\/i0.wp.com\/eltrabajo.cl\/portal\/wp-content\/uploads\/2016\/01\/Marcelo-Suarez.jpg?resize=400%2C263&amp;ssl=1 400w\" width=\"208\" height=\"137\" loading=\"lazy\" data-original-width=\"208\" data-original-height=\"137\" itemprop=\"http:\/\/schema.org\/image\" title=\"Marcelo Suarez\" alt=\"MARCELO SU\u00c1REZ, APODERADO: \u00abMi hijo ha mejorado su juego, tambi\u00e9n su comportamiento, \u00e9l es m\u00e1s feliz\u00bb.\" style=\"width: 208px; height: 137px;\" \/> <\/a> <div class=\"tiled-gallery-caption\" itemprop=\"caption description\"> MARCELO SU\u00c1REZ, APODERADO: \u00abMi hijo ha mejorado su juego, tambi\u00e9n su comportamiento, \u00e9l es m\u00e1s feliz\u00bb. <\/div> <\/div> <\/div> <!-- close group --> <\/div> <!-- close row --> <div class=\"gallery-row\" style=\"width: 640px; height: 426px;\" data-original-width=\"640\" data-original-height=\"426\" > <div class=\"gallery-group images-1\" style=\"width: 640px; height: 426px;\" data-original-width=\"640\" data-original-height=\"426\" > <div class=\"tiled-gallery-item tiled-gallery-item-large\" itemprop=\"associatedMedia\" itemscope itemtype=\"http:\/\/schema.org\/ImageObject\"> <a href=\"https:\/\/eltrabajo.cl\/portal\/academia-manteka-gonzalez-con-semillero-de-futbolistas-en-la-troya\/rossana-contreras\/\" border=\"0\" itemprop=\"url\"> <meta itemprop=\"width\" content=\"636\"> <meta itemprop=\"height\" content=\"422\"> <img decoding=\"async\" class=\"\" data-attachment-id=\"66102\" data-orig-file=\"https:\/\/eltrabajo.cl\/portal\/wp-content\/uploads\/2016\/01\/Rossana-Contreras.jpg\" data-orig-size=\"528,350\" data-comments-opened=\"1\" data-image-meta=\"{&quot;aperture&quot;:&quot;0&quot;,&quot;credit&quot;:&quot;&quot;,&quot;camera&quot;:&quot;&quot;,&quot;caption&quot;:&quot;&quot;,&quot;created_timestamp&quot;:&quot;0&quot;,&quot;copyright&quot;:&quot;&quot;,&quot;focal_length&quot;:&quot;0&quot;,&quot;iso&quot;:&quot;0&quot;,&quot;shutter_speed&quot;:&quot;0&quot;,&quot;title&quot;:&quot;&quot;,&quot;orientation&quot;:&quot;0&quot;}\" data-image-title=\"Rossana Contreras\" data-image-description=\"&lt;p&gt;ROSSANA CONTRERAS, APODERADA: \u00abMi hija Matilda tiene nueve a\u00f1os, ella no era tan fan\u00e1tica al f\u00fatbol, ahora sue\u00f1a con meter goles y aprender m\u00e1s\u00bb.&lt;\/p&gt; \" data-medium-file=\"https:\/\/i0.wp.com\/eltrabajo.cl\/portal\/wp-content\/uploads\/2016\/01\/Rossana-Contreras.jpg?fit=300%2C199&#038;ssl=1\" data-large-file=\"https:\/\/i0.wp.com\/eltrabajo.cl\/portal\/wp-content\/uploads\/2016\/01\/Rossana-Contreras.jpg?fit=528%2C350&#038;ssl=1\" src=\"https:\/\/i0.wp.com\/eltrabajo.cl\/portal\/wp-content\/uploads\/2016\/01\/Rossana-Contreras.jpg?w=636&#038;h=422&#038;ssl=1\" srcset=\"https:\/\/i0.wp.com\/eltrabajo.cl\/portal\/wp-content\/uploads\/2016\/01\/Rossana-Contreras.jpg?w=528&amp;ssl=1 528w, https:\/\/i0.wp.com\/eltrabajo.cl\/portal\/wp-content\/uploads\/2016\/01\/Rossana-Contreras.jpg?resize=200%2C133&amp;ssl=1 200w, https:\/\/i0.wp.com\/eltrabajo.cl\/portal\/wp-content\/uploads\/2016\/01\/Rossana-Contreras.jpg?resize=300%2C199&amp;ssl=1 300w, https:\/\/i0.wp.com\/eltrabajo.cl\/portal\/wp-content\/uploads\/2016\/01\/Rossana-Contreras.jpg?resize=226%2C150&amp;ssl=1 226w, https:\/\/i0.wp.com\/eltrabajo.cl\/portal\/wp-content\/uploads\/2016\/01\/Rossana-Contreras.jpg?resize=400%2C265&amp;ssl=1 400w\" width=\"636\" height=\"422\" loading=\"lazy\" data-original-width=\"636\" data-original-height=\"422\" itemprop=\"http:\/\/schema.org\/image\" title=\"Rossana Contreras\" alt=\"ROSSANA CONTRERAS, APODERADA: \u00abMi hija Matilda tiene nueve a\u00f1os, ella no era tan fan\u00e1tica al f\u00fatbol, ahora sue\u00f1a con meter goles y aprender m\u00e1s\u00bb.\" style=\"width: 636px; height: 422px;\" \/> <\/a> <div class=\"tiled-gallery-caption\" itemprop=\"caption description\"> ROSSANA CONTRERAS, APODERADA: \u00abMi hija Matilda tiene nueve a\u00f1os, ella no era tan fan\u00e1tica al f\u00fatbol, ahora sue\u00f1a con meter goles y aprender m\u00e1s\u00bb. <\/div> <\/div> <\/div> <!-- close group --> <\/div> <!-- close row --> <\/div>\n","protected":false},"excerpt":{"rendered":"<p>Una explosiva aventura de aprendizaje y talento en desarrollo es la que viven los 50 ni\u00f1os que componen la \u2018Academia de F\u00fatbol Manteka Gonz\u00e1lez\u2019, quienes s\u00e1bado a s\u00e1bado se re\u00fanen de 10:00&#8230;<\/p>\n","protected":false},"author":482,"featured_media":66099,"comment_status":"open","ping_status":"open","sticky":false,"template":"","format":"standard","meta":{"advanced_seo_description":"","jetpack_seo_html_title":"","jetpack_seo_noindex":false,"_jetpack_memberships_contains_paid_content":false,"footnotes":""},"categories":[15],"tags":[],"class_list":["post-66098","post","type-post","status-publish","format-standard","has-post-thumbnail","hentry","category-comunidad"],"jetpack_featured_media_url":"https:\/\/i0.wp.com\/eltrabajo.cl\/portal\/wp-content\/uploads\/2016\/01\/Mantequitos1.jpg?fit=530%2C349&ssl=1","jetpack_sharing_enabled":true,"jetpack_likes_enabled":true,"jetpack-related-posts":[],"_links":{"self":[{"href":"https:\/\/eltrabajo.cl\/portal\/wp-json\/wp\/v2\/posts\/66098","targetHints":{"allow":["GET"]}}],"collection":[{"href":"https:\/\/eltrabajo.cl\/portal\/wp-json\/wp\/v2\/posts"}],"about":[{"href":"https:\/\/eltrabajo.cl\/portal\/wp-json\/wp\/v2\/types\/post"}],"author":[{"embeddable":true,"href":"https:\/\/eltrabajo.cl\/portal\/wp-json\/wp\/v2\/users\/482"}],"replies":[{"embeddable":true,"href":"https:\/\/eltrabajo.cl\/portal\/wp-json\/wp\/v2\/comments?post=66098"}],"version-history":[{"count":0,"href":"https:\/\/eltrabajo.cl\/portal\/wp-json\/wp\/v2\/posts\/66098\/revisions"}],"wp:featuredmedia":[{"embeddable":true,"href":"https:\/\/eltrabajo.cl\/portal\/wp-json\/wp\/v2\/media\/66099"}],"wp:attachment":[{"href":"https:\/\/eltrabajo.cl\/portal\/wp-json\/wp\/v2\/media?parent=66098"}],"wp:term":[{"taxonomy":"category","embeddable":true,"href":"https:\/\/eltrabajo.cl\/portal\/wp-json\/wp\/v2\/categories?post=66098"},{"taxonomy":"post_tag","embeddable":true,"href":"https:\/\/eltrabajo.cl\/portal\/wp-json\/wp\/v2\/tags?post=66098"}],"curies":[{"name":"wp","href":"https:\/\/api.w.org\/{rel}","templated":true}]}}