{"id":66109,"date":"2016-01-25T10:09:19","date_gmt":"2016-01-25T13:09:19","guid":{"rendered":"http:\/\/www.eltrabajo.cl\/portal\/?p=66109"},"modified":"2016-01-25T10:09:19","modified_gmt":"2016-01-25T13:09:19","slug":"poblacion-irene-frei-de-los-andes-cuenta-con-nueva-plaza","status":"publish","type":"post","link":"https:\/\/eltrabajo.cl\/portal\/poblacion-irene-frei-de-los-andes-cuenta-con-nueva-plaza\/","title":{"rendered":"Poblaci\u00f3n Irene Frei de Los Andes cuenta con nueva plaza"},"content":{"rendered":"<figure id=\"attachment_66110\" aria-describedby=\"caption-attachment-66110\" style=\"width: 300px\" class=\"wp-caption alignleft\"><img data-recalc-dims=\"1\" loading=\"lazy\" decoding=\"async\" class=\"wp-image-66110 size-medium\" src=\"https:\/\/i0.wp.com\/www.eltrabajo.cl\/portal\/wp-content\/uploads\/2016\/01\/Nueva-plaza-pobl.-Irene-Frei-300x197.jpg?resize=300%2C197\" alt=\"Muy contentos, los vecinos de la poblaci\u00f3n Irene Frei inauguraron su nueva plaza que beneficiar\u00e1 a m\u00e1s de 60 familias del sector.\" width=\"300\" height=\"197\" srcset=\"https:\/\/i0.wp.com\/eltrabajo.cl\/portal\/wp-content\/uploads\/2016\/01\/Nueva-plaza-pobl.-Irene-Frei.jpg?resize=300%2C197&amp;ssl=1 300w, https:\/\/i0.wp.com\/eltrabajo.cl\/portal\/wp-content\/uploads\/2016\/01\/Nueva-plaza-pobl.-Irene-Frei.jpg?resize=200%2C131&amp;ssl=1 200w, https:\/\/i0.wp.com\/eltrabajo.cl\/portal\/wp-content\/uploads\/2016\/01\/Nueva-plaza-pobl.-Irene-Frei.jpg?resize=228%2C150&amp;ssl=1 228w, https:\/\/i0.wp.com\/eltrabajo.cl\/portal\/wp-content\/uploads\/2016\/01\/Nueva-plaza-pobl.-Irene-Frei.jpg?resize=400%2C263&amp;ssl=1 400w, https:\/\/i0.wp.com\/eltrabajo.cl\/portal\/wp-content\/uploads\/2016\/01\/Nueva-plaza-pobl.-Irene-Frei.jpg?w=530&amp;ssl=1 530w\" sizes=\"auto, (max-width: 300px) 100vw, 300px\" \/><figcaption id=\"caption-attachment-66110\" class=\"wp-caption-text\">Muy contentos, los vecinos de la poblaci\u00f3n Irene Frei inauguraron su nueva plaza que beneficiar\u00e1 a m\u00e1s de 60 familias del sector.<\/figcaption><\/figure>\n<ul>\n<li><strong>Con el estreno de las nuevas instalaciones y un sector pavimentado, la comunidad busca mejorar la calidad de vida y fomentar el encuentro familiar en el sector.<\/strong><\/li>\n<\/ul>\n<p><strong>LOS ANDES<\/strong>.- Gracias a los fondos concursables de Codelco Andina y la Gobernaci\u00f3n Provincial de Los Andes, los vecinos de la poblaci\u00f3n Irene Frei lograron llevar a cabo la remodelaci\u00f3n de la plaza que une a m\u00e1s de 60 familias. Atr\u00e1s quedaron las piedras y el polvo, pues los locatarios dirigieron la obra para implementar un total de 350 soler\u00edas y la pavimentaci\u00f3n de las entradas de su sede.<br \/>\nSe trat\u00f3 de un proyecto que naci\u00f3 desde de la misma comunidad, donde ya hab\u00edan postulado a otras instancias para embellecer el sector y potenciar la vida en familia. \u201cEsto permite que los vecinos actuemos en conjunto y cuidemos nuestro lugar. Nosotros, con nuestras manos, dimos vida a este proyecto y hoy se ven los resultados\u201d, asegura orgulloso el presidente de la Junta de Vecinos Irene Frei, V\u00edctor Calder\u00f3n.<br \/>\nLa recuperaci\u00f3n de \u00e1reas verdes y promoci\u00f3n de una mejor calidad de vida han sido las tem\u00e1ticas que adjudicaron mayor cantidad de recursos en los Fondos Concursables de Codelco Andina \u2013 Gobernaci\u00f3n Provincial de Los Andes y, esta remodelaci\u00f3n, obedece a ello.<br \/>\nAs\u00ed tambi\u00e9n los afirm\u00f3 el presidente de la Uni\u00f3n Comunal de Los Andes, Jorge Ponce, destacando que \u201ces importante el apoyo de Divisi\u00f3n Andina, cada a\u00f1o se han ido integrando m\u00e1s recursos para realizar obras relacionadas a la recuperaci\u00f3n de \u00e1reas verdes, sustentabilidad y mejor calidad de vida. Aqu\u00ed se demuestran las ganas de los vecinos por trabajar por su poblaci\u00f3n\u201d.<br \/>\nCarlos R\u00edos, director de Desarrollo Comunitario de Andina, valor\u00f3 el trabajo de los vecinos, \u201cprimero por unirse y postular al Fondo y luego por trabajar para construir esta hermosa plaza, una iniciativa que recoge claramente el objetivo que tienen estos recursos que la Divisi\u00f3n pone a disposici\u00f3n de las organizaciones sociales y comunitarias\u201d.<\/p>\n","protected":false},"excerpt":{"rendered":"<p>Con el estreno de las nuevas instalaciones y un sector pavimentado, la comunidad busca mejorar la calidad de vida y fomentar el encuentro familiar en el sector. LOS ANDES.- Gracias a los&#8230;<\/p>\n","protected":false},"author":482,"featured_media":66110,"comment_status":"open","ping_status":"open","sticky":false,"template":"","format":"standard","meta":{"advanced_seo_description":"","jetpack_seo_html_title":"","jetpack_seo_noindex":false,"_jetpack_memberships_contains_paid_content":false,"footnotes":""},"categories":[15],"tags":[],"class_list":["post-66109","post","type-post","status-publish","format-standard","has-post-thumbnail","hentry","category-comunidad"],"jetpack_featured_media_url":"https:\/\/i0.wp.com\/eltrabajo.cl\/portal\/wp-content\/uploads\/2016\/01\/Nueva-plaza-pobl.-Irene-Frei.jpg?fit=530%2C348&ssl=1","jetpack_sharing_enabled":true,"jetpack_likes_enabled":true,"jetpack-related-posts":[],"_links":{"self":[{"href":"https:\/\/eltrabajo.cl\/portal\/wp-json\/wp\/v2\/posts\/66109","targetHints":{"allow":["GET"]}}],"collection":[{"href":"https:\/\/eltrabajo.cl\/portal\/wp-json\/wp\/v2\/posts"}],"about":[{"href":"https:\/\/eltrabajo.cl\/portal\/wp-json\/wp\/v2\/types\/post"}],"author":[{"embeddable":true,"href":"https:\/\/eltrabajo.cl\/portal\/wp-json\/wp\/v2\/users\/482"}],"replies":[{"embeddable":true,"href":"https:\/\/eltrabajo.cl\/portal\/wp-json\/wp\/v2\/comments?post=66109"}],"version-history":[{"count":0,"href":"https:\/\/eltrabajo.cl\/portal\/wp-json\/wp\/v2\/posts\/66109\/revisions"}],"wp:featuredmedia":[{"embeddable":true,"href":"https:\/\/eltrabajo.cl\/portal\/wp-json\/wp\/v2\/media\/66110"}],"wp:attachment":[{"href":"https:\/\/eltrabajo.cl\/portal\/wp-json\/wp\/v2\/media?parent=66109"}],"wp:term":[{"taxonomy":"category","embeddable":true,"href":"https:\/\/eltrabajo.cl\/portal\/wp-json\/wp\/v2\/categories?post=66109"},{"taxonomy":"post_tag","embeddable":true,"href":"https:\/\/eltrabajo.cl\/portal\/wp-json\/wp\/v2\/tags?post=66109"}],"curies":[{"name":"wp","href":"https:\/\/api.w.org\/{rel}","templated":true}]}}