{"id":66112,"date":"2016-01-25T10:11:39","date_gmt":"2016-01-25T13:11:39","guid":{"rendered":"http:\/\/www.eltrabajo.cl\/portal\/?p=66112"},"modified":"2016-01-25T10:11:39","modified_gmt":"2016-01-25T13:11:39","slug":"anuncian-ejecucion-de-estudios-para-determinar-viabilidad-del-proyecto-para-region-de-aconcagua","status":"publish","type":"post","link":"https:\/\/eltrabajo.cl\/portal\/anuncian-ejecucion-de-estudios-para-determinar-viabilidad-del-proyecto-para-region-de-aconcagua\/","title":{"rendered":"Anuncian ejecuci\u00f3n de estudios para determinar viabilidad del proyecto para Regi\u00f3n de Aconcagua"},"content":{"rendered":"<figure id=\"attachment_66113\" aria-describedby=\"caption-attachment-66113\" style=\"width: 300px\" class=\"wp-caption alignleft\"><img data-recalc-dims=\"1\" loading=\"lazy\" decoding=\"async\" class=\"wp-image-66113 size-medium\" src=\"https:\/\/i0.wp.com\/www.eltrabajo.cl\/portal\/wp-content\/uploads\/2016\/01\/Reunion-autoridades-subdere-300x198.jpg?resize=300%2C198\" alt=\"Diversas autoridades provinciales participaron del seminario \u2018Descentralizaci\u00f3n: Trabajando por la Nueva Regi\u00f3n de Aconcagua\u2019, realizado en San Esteban.\" width=\"300\" height=\"198\" srcset=\"https:\/\/i0.wp.com\/eltrabajo.cl\/portal\/wp-content\/uploads\/2016\/01\/Reunion-autoridades-subdere.jpg?resize=300%2C198&amp;ssl=1 300w, https:\/\/i0.wp.com\/eltrabajo.cl\/portal\/wp-content\/uploads\/2016\/01\/Reunion-autoridades-subdere.jpg?resize=200%2C132&amp;ssl=1 200w, https:\/\/i0.wp.com\/eltrabajo.cl\/portal\/wp-content\/uploads\/2016\/01\/Reunion-autoridades-subdere.jpg?resize=228%2C150&amp;ssl=1 228w, https:\/\/i0.wp.com\/eltrabajo.cl\/portal\/wp-content\/uploads\/2016\/01\/Reunion-autoridades-subdere.jpg?resize=400%2C263&amp;ssl=1 400w, https:\/\/i0.wp.com\/eltrabajo.cl\/portal\/wp-content\/uploads\/2016\/01\/Reunion-autoridades-subdere.jpg?w=530&amp;ssl=1 530w\" sizes=\"auto, (max-width: 300px) 100vw, 300px\" \/><figcaption id=\"caption-attachment-66113\" class=\"wp-caption-text\">Diversas autoridades provinciales participaron del seminario \u2018Descentralizaci\u00f3n: Trabajando por la Nueva Regi\u00f3n de Aconcagua\u2019, realizado en San Esteban.<\/figcaption><\/figure>\n<p>Durante el transcurso del presente a\u00f1o se iniciar\u00e1n los estudios que determinar\u00e1n la viabilidad de crear o no la Regi\u00f3n de Aconcagua, que, en principio, estar\u00eda formada por las actuales provincias de San Felipe de Aconcagua, Los Andes, Quillota y Petorca.<br \/>\nAs\u00ed lo anunci\u00f3 el subsecretario de Desarrollo Regional, Ricardo Cifuentes, durante su participaci\u00f3n en el seminario \u2018Descentralizaci\u00f3n: Trabajando por la Nueva Regi\u00f3n de Aconcagua\u2019, que se realiz\u00f3 en el Hotel Termas El Coraz\u00f3n, en la comuna de San Esteban, actividad que cont\u00f3 adem\u00e1s, con la participaci\u00f3n de parlamentarios, alcaldes y autoridades regionales, provinciales, comunales y de la sociedad civil.<br \/>\nEn la ocasi\u00f3n, el titular de la Subdere record\u00f3 que la Presidenta Michelle Bachelet, se comprometi\u00f3 durante su campa\u00f1a a iniciar dichos estudios bajo su mandato, proceso que se est\u00e1 iniciando y cuyos resultados, espera, que puedan estar listos antes de fin de a\u00f1o.<br \/>\nNo obstante, el subsecretario Cifuentes no quiso adelantar una fecha espec\u00edfica. Al respecto, dijo que la Subdere est\u00e1 elaborando las bases de la licitaci\u00f3n para definir la instituci\u00f3n que realizar\u00e1 los estudios, las que deben ser aprobadas por la Contralor\u00eda y solo una vez cumplida esa etapa se efectuar\u00e1 el llamado a concurso.<br \/>\nLa autoridad a\u00f1adi\u00f3 que se trata de un proceso complejo, ya que involucra muchos temas, aunque tambi\u00e9n se\u00f1al\u00f3 que se efectuar\u00e1 en un contexto distinto al que se hizo para crear otras regiones.<br \/>\n\u201cHoy estamos impulsando una Agenda de Descentralizaci\u00f3n que va a cambiar el modelo de los gobiernos regionales, los que en el futuro van a tener autoridades electas, m\u00e1s atribuciones y m\u00e1s autonom\u00eda\u201d, afirm\u00f3.<br \/>\nPor su parte, el diputado de la zona y actual presidente de la c\u00e1mara baja, Marco Antonio N\u00fa\u00f1ez (PPD), expres\u00f3 que este anuncio es una gran noticia para las diversas organizaciones que han trabajado duramente durante varios a\u00f1os para hacer realidad la Regi\u00f3n de Aconcagua.<br \/>\nAsimismo, el parlamentario expres\u00f3 su esperanza de que los respectivos estudios puedan estar terminados antes que finalice el a\u00f1o 2016 y asegur\u00f3 que los habitantes de los territorios involucrados en esta iniciativa esperar\u00e1n unidos sus resultados.<br \/>\nEl diputado N\u00fa\u00f1ez agreg\u00f3 estar convencido de la viabilidad de este proyecto, asegurando que \u201ctenemos la historia, los recursos y la viabilidad pol\u00edtica y econ\u00f3mica para poder construir una regi\u00f3n nueva, distinta y en la que se acoja este anhelo de todos sus habitantes\u201d.<br \/>\nSin perjuicio de ello, el parlamentario reconoci\u00f3 que esta ser\u00e1 \u201cuna pelea de largo aliento, pero vamos a luchar por la descentralizaci\u00f3n, la autonom\u00eda y por nuestra identidad y recursos\u201d, concluy\u00f3.<\/p>\n","protected":false},"excerpt":{"rendered":"<p>Durante el transcurso del presente a\u00f1o se iniciar\u00e1n los estudios que determinar\u00e1n la viabilidad de crear o no la Regi\u00f3n de Aconcagua, que, en principio, estar\u00eda formada por las actuales provincias de&#8230;<\/p>\n","protected":false},"author":482,"featured_media":66113,"comment_status":"open","ping_status":"open","sticky":false,"template":"","format":"standard","meta":{"advanced_seo_description":"","jetpack_seo_html_title":"","jetpack_seo_noindex":false,"_jetpack_memberships_contains_paid_content":false,"footnotes":""},"categories":[1],"tags":[],"class_list":["post-66112","post","type-post","status-publish","format-standard","has-post-thumbnail","hentry","category-cronica"],"jetpack_featured_media_url":"https:\/\/i0.wp.com\/eltrabajo.cl\/portal\/wp-content\/uploads\/2016\/01\/Reunion-autoridades-subdere.jpg?fit=530%2C349&ssl=1","jetpack_sharing_enabled":true,"jetpack_likes_enabled":true,"jetpack-related-posts":[],"_links":{"self":[{"href":"https:\/\/eltrabajo.cl\/portal\/wp-json\/wp\/v2\/posts\/66112","targetHints":{"allow":["GET"]}}],"collection":[{"href":"https:\/\/eltrabajo.cl\/portal\/wp-json\/wp\/v2\/posts"}],"about":[{"href":"https:\/\/eltrabajo.cl\/portal\/wp-json\/wp\/v2\/types\/post"}],"author":[{"embeddable":true,"href":"https:\/\/eltrabajo.cl\/portal\/wp-json\/wp\/v2\/users\/482"}],"replies":[{"embeddable":true,"href":"https:\/\/eltrabajo.cl\/portal\/wp-json\/wp\/v2\/comments?post=66112"}],"version-history":[{"count":0,"href":"https:\/\/eltrabajo.cl\/portal\/wp-json\/wp\/v2\/posts\/66112\/revisions"}],"wp:featuredmedia":[{"embeddable":true,"href":"https:\/\/eltrabajo.cl\/portal\/wp-json\/wp\/v2\/media\/66113"}],"wp:attachment":[{"href":"https:\/\/eltrabajo.cl\/portal\/wp-json\/wp\/v2\/media?parent=66112"}],"wp:term":[{"taxonomy":"category","embeddable":true,"href":"https:\/\/eltrabajo.cl\/portal\/wp-json\/wp\/v2\/categories?post=66112"},{"taxonomy":"post_tag","embeddable":true,"href":"https:\/\/eltrabajo.cl\/portal\/wp-json\/wp\/v2\/tags?post=66112"}],"curies":[{"name":"wp","href":"https:\/\/api.w.org\/{rel}","templated":true}]}}