{"id":66115,"date":"2016-01-25T10:13:20","date_gmt":"2016-01-25T13:13:20","guid":{"rendered":"http:\/\/www.eltrabajo.cl\/portal\/?p=66115"},"modified":"2016-01-25T10:13:20","modified_gmt":"2016-01-25T13:13:20","slug":"colectiveros-andinos-no-pueden-acceder-a-bono-compensatorio-del-transantiago","status":"publish","type":"post","link":"https:\/\/eltrabajo.cl\/portal\/colectiveros-andinos-no-pueden-acceder-a-bono-compensatorio-del-transantiago\/","title":{"rendered":"Colectiveros andinos no pueden acceder a bono compensatorio del Transantiago"},"content":{"rendered":"<figure id=\"attachment_66116\" aria-describedby=\"caption-attachment-66116\" style=\"width: 300px\" class=\"wp-caption alignleft\"><img data-recalc-dims=\"1\" loading=\"lazy\" decoding=\"async\" class=\"wp-image-66116 size-medium\" src=\"https:\/\/i0.wp.com\/www.eltrabajo.cl\/portal\/wp-content\/uploads\/2016\/01\/Roberto-Osses-300x197.jpg?resize=300%2C197\" alt=\"Presidente del Consejo Superior de Taxis Colectivos de Los Andes, Roberto Osses.\" width=\"300\" height=\"197\" srcset=\"https:\/\/i0.wp.com\/eltrabajo.cl\/portal\/wp-content\/uploads\/2016\/01\/Roberto-Osses.jpg?resize=300%2C197&amp;ssl=1 300w, https:\/\/i0.wp.com\/eltrabajo.cl\/portal\/wp-content\/uploads\/2016\/01\/Roberto-Osses.jpg?resize=200%2C131&amp;ssl=1 200w, https:\/\/i0.wp.com\/eltrabajo.cl\/portal\/wp-content\/uploads\/2016\/01\/Roberto-Osses.jpg?resize=228%2C150&amp;ssl=1 228w, https:\/\/i0.wp.com\/eltrabajo.cl\/portal\/wp-content\/uploads\/2016\/01\/Roberto-Osses.jpg?resize=400%2C263&amp;ssl=1 400w, https:\/\/i0.wp.com\/eltrabajo.cl\/portal\/wp-content\/uploads\/2016\/01\/Roberto-Osses.jpg?w=530&amp;ssl=1 530w\" sizes=\"auto, (max-width: 300px) 100vw, 300px\" \/><figcaption id=\"caption-attachment-66116\" class=\"wp-caption-text\">Presidente del Consejo Superior de Taxis Colectivos de Los Andes, Roberto Osses.<\/figcaption><\/figure>\n<ul>\n<li><strong>De los 13 mil taxis colectivos de la regi\u00f3n, 10 mil no han podido percibir esos dineros al no contar con an\u00e1lisis de gases actualizado.<\/strong><\/li>\n<\/ul>\n<p><strong>LOS ANDES.<\/strong>&#8211; El Presidente del Consejo Superior de Taxis Colectivos de Los Andes, Roberto Osses, expres\u00f3 la preocupaci\u00f3n del gremio porque el 75% del parque de colectivos de la Quinta Regi\u00f3n no ha podido hacer efectivo el cobro del bono compensatorio al Transantiago por el que tanto lucharon.<br \/>\nOsses afirm\u00f3 que esta situaci\u00f3n se debe a que las plantas de revisi\u00f3n t\u00e9cnica no est\u00e1n entregando los registros actualizados de los certificados de emisi\u00f3n de gases de los veh\u00edculos, por lo cual no pueden acceder a ellos.<br \/>\nEl dirigente sostuvo que hubo bastantes meses antes de la entrada en vigencia de la ley para que esta situaci\u00f3n fuera subsanada y ahora ven c\u00f3mo tendr\u00edan que recurrir a burocr\u00e1ticos tr\u00e1mites en el aparato p\u00fablico para poder acceder a ellos, lo que no est\u00e1n dispuestos a hacer tras la larga lucha que dieron para obtener este beneficio.<br \/>\n\u201cEsta es una situaci\u00f3n que se tiene que corregir entre el Ministerio de Transportes y las plantas de revisi\u00f3n t\u00e9cnica y no somos nosotros los dirigentes que tenemos que estar preocupados o enviando a toda la gente a corregir esta situaci\u00f3n, porque es una obligaci\u00f3n de ellos hacerlo\u201d, fustig\u00f3.<br \/>\nRecord\u00f3 que este bono es 5 Unidades Tributarias que debi\u00f3 haber sido cancelado el a\u00f1o 2015, correspondiente una cifra similar pagadera en junio de este a\u00f1o y otras 5 UTM a mediados de 2017.<br \/>\nOsse argument\u00f3 que este bono debe transformarse en permanente porque no hay ninguna posibilidad de eliminar el impuesto espec\u00edfico de los combustibles, \u201cpor lo tanto se deber\u00e1 estar compensando permanentemente al gremio de la locomoci\u00f3n colectiva para poder seguir funcionando\u201d.<br \/>\nRemarc\u00f3 que todos los veh\u00edculos que estaban al d\u00eda al 31 de marzo de 2015 deb\u00edan recibir ese bono, pero luego esa informaci\u00f3n no lleg\u00f3.<br \/>\nCabe recordar que esta situaci\u00f3n afecta a los 847 taxis coletivos y radiotaxis que existen en la provincia.<\/p>\n","protected":false},"excerpt":{"rendered":"<p>De los 13 mil taxis colectivos de la regi\u00f3n, 10 mil no han podido percibir esos dineros al no contar con an\u00e1lisis de gases actualizado. LOS ANDES.&#8211; El Presidente del Consejo Superior&#8230;<\/p>\n","protected":false},"author":482,"featured_media":66116,"comment_status":"open","ping_status":"open","sticky":false,"template":"","format":"standard","meta":{"advanced_seo_description":"","jetpack_seo_html_title":"","jetpack_seo_noindex":false,"_jetpack_memberships_contains_paid_content":false,"footnotes":""},"categories":[1],"tags":[],"class_list":["post-66115","post","type-post","status-publish","format-standard","has-post-thumbnail","hentry","category-cronica"],"jetpack_featured_media_url":"https:\/\/i0.wp.com\/eltrabajo.cl\/portal\/wp-content\/uploads\/2016\/01\/Roberto-Osses.jpg?fit=530%2C348&ssl=1","jetpack_sharing_enabled":true,"jetpack_likes_enabled":true,"jetpack-related-posts":[],"_links":{"self":[{"href":"https:\/\/eltrabajo.cl\/portal\/wp-json\/wp\/v2\/posts\/66115","targetHints":{"allow":["GET"]}}],"collection":[{"href":"https:\/\/eltrabajo.cl\/portal\/wp-json\/wp\/v2\/posts"}],"about":[{"href":"https:\/\/eltrabajo.cl\/portal\/wp-json\/wp\/v2\/types\/post"}],"author":[{"embeddable":true,"href":"https:\/\/eltrabajo.cl\/portal\/wp-json\/wp\/v2\/users\/482"}],"replies":[{"embeddable":true,"href":"https:\/\/eltrabajo.cl\/portal\/wp-json\/wp\/v2\/comments?post=66115"}],"version-history":[{"count":0,"href":"https:\/\/eltrabajo.cl\/portal\/wp-json\/wp\/v2\/posts\/66115\/revisions"}],"wp:featuredmedia":[{"embeddable":true,"href":"https:\/\/eltrabajo.cl\/portal\/wp-json\/wp\/v2\/media\/66116"}],"wp:attachment":[{"href":"https:\/\/eltrabajo.cl\/portal\/wp-json\/wp\/v2\/media?parent=66115"}],"wp:term":[{"taxonomy":"category","embeddable":true,"href":"https:\/\/eltrabajo.cl\/portal\/wp-json\/wp\/v2\/categories?post=66115"},{"taxonomy":"post_tag","embeddable":true,"href":"https:\/\/eltrabajo.cl\/portal\/wp-json\/wp\/v2\/tags?post=66115"}],"curies":[{"name":"wp","href":"https:\/\/api.w.org\/{rel}","templated":true}]}}