{"id":66118,"date":"2016-01-25T10:15:18","date_gmt":"2016-01-25T13:15:18","guid":{"rendered":"http:\/\/www.eltrabajo.cl\/portal\/?p=66118"},"modified":"2016-01-25T10:15:18","modified_gmt":"2016-01-25T13:15:18","slug":"se-reunen-autoridades-y-equipos-tecnicos-que-realizaran-precenso-y-censo-en-la-provincia-de-san-felipe","status":"publish","type":"post","link":"https:\/\/eltrabajo.cl\/portal\/se-reunen-autoridades-y-equipos-tecnicos-que-realizaran-precenso-y-censo-en-la-provincia-de-san-felipe\/","title":{"rendered":"Se re\u00fanen autoridades y equipos t\u00e9cnicos que realizar\u00e1n Precenso y Censo en la Provincia de San Felipe"},"content":{"rendered":"<figure id=\"attachment_66119\" aria-describedby=\"caption-attachment-66119\" style=\"width: 300px\" class=\"wp-caption alignleft\"><img data-recalc-dims=\"1\" loading=\"lazy\" decoding=\"async\" class=\"wp-image-66119 size-medium\" src=\"https:\/\/i0.wp.com\/www.eltrabajo.cl\/portal\/wp-content\/uploads\/2016\/01\/Reunion-autoridades-precenso-y-censo-300x198.jpg?resize=300%2C198\" alt=\"La reuni\u00f3n cont\u00f3 con el Director Regional de INE, el gobernador Eduardo Le\u00f3n y los Encargados T\u00e9cnicos Comunales (ETC) que realizar\u00e1n el pre-censo en la Provincia de San Felipe.\" width=\"300\" height=\"198\" srcset=\"https:\/\/i0.wp.com\/eltrabajo.cl\/portal\/wp-content\/uploads\/2016\/01\/Reunion-autoridades-precenso-y-censo.jpg?resize=300%2C198&amp;ssl=1 300w, https:\/\/i0.wp.com\/eltrabajo.cl\/portal\/wp-content\/uploads\/2016\/01\/Reunion-autoridades-precenso-y-censo.jpg?resize=200%2C132&amp;ssl=1 200w, https:\/\/i0.wp.com\/eltrabajo.cl\/portal\/wp-content\/uploads\/2016\/01\/Reunion-autoridades-precenso-y-censo.jpg?resize=227%2C150&amp;ssl=1 227w, https:\/\/i0.wp.com\/eltrabajo.cl\/portal\/wp-content\/uploads\/2016\/01\/Reunion-autoridades-precenso-y-censo.jpg?resize=400%2C264&amp;ssl=1 400w, https:\/\/i0.wp.com\/eltrabajo.cl\/portal\/wp-content\/uploads\/2016\/01\/Reunion-autoridades-precenso-y-censo.jpg?w=530&amp;ssl=1 530w\" sizes=\"auto, (max-width: 300px) 100vw, 300px\" \/><figcaption id=\"caption-attachment-66119\" class=\"wp-caption-text\">La reuni\u00f3n cont\u00f3 con el Director Regional de INE, el gobernador Eduardo Le\u00f3n y los Encargados T\u00e9cnicos Comunales (ETC) que realizar\u00e1n el pre-censo en la Provincia de San Felipe.<\/figcaption><\/figure>\n<ul>\n<li><strong>Conocieron a los encargados comunales que desarrollar\u00e1n, en una primera etapa, el pre-censo durante este 2016.<\/strong><\/li>\n<\/ul>\n<p>Con la presencia del Director Regional de INE, y el gobernador Eduardo Le\u00f3n, dieron a conocer los Encargados T\u00e9cnicos Comunales (ETC) de las comunas de Llay Llay, Catemu, Panquehue, San Felipe, Putaendo y Santa Mar\u00eda quienes ser\u00e1n los encargados de realizar el pre-censo en la Provincia.<br \/>\nEste proceso corresponde a una etapa de preparaci\u00f3n que se realiza en todo Chile un a\u00f1o antes de cada censo y que permite actualizar la cartograf\u00eda y obtener un primer recuento de las viviendas, hogares y personas para estimar la carga de trabajo de los voluntarios.<br \/>\nEn la ocasi\u00f3n, el director regional de INE, Mauricio Serrano, inform\u00f3 que \u201cesta visita es para interiorizarme de c\u00f3mo est\u00e1 el curso de capacitaci\u00f3n de los equipos t\u00e9cnicos de las Provincias de Los Andes y San Felipe que ser\u00e1n los encargados de llevar adelante este proceso\u201d.<br \/>\nAsimismo, a\u00f1adi\u00f3 que desde este 22 de enero a las 00.00 hrs, o sea el 23 de enero se abrir\u00e1 el concurso p\u00fablico para la contrataci\u00f3n de 324 personas correspondiente al personal operativo en terreno para el proceso del Pre Censo. El concurso finalizar\u00e1 el 1\u00b0 de febrero. Los seleccionados se capacitar\u00e1n a mediados de marzo para que comiencen sus labores el 1\u00b0 de abril. \u201cEste llamado que estamos realizando es para aquellos que est\u00e9n interesados en este empleo que ser\u00e1 remunerado, por lo tanto, significa una importante oportunidad laboral, no s\u00f3lo en ambas provincias sino que en toda la regi\u00f3n\u201d, se\u00f1al\u00f3 el Director.<br \/>\nEn marzo, iniciar\u00e1n las capacitaciones a los seleccionados para estos cupos y desde abril se estar\u00e1 desarrollando el levantamiento de informaci\u00f3n oficial, lo que finalizar\u00e1 en junio.<br \/>\nEl n\u00famero de precensistas depender\u00e1 de la cantidad de habitantes que tenga la comuna. Es decir, en Los Andes y San Felipe, habr\u00e1 alrededor de 10 y en las m\u00e1s peque\u00f1as, 4 encuestadores como en el caso de Panquehue.<br \/>\nEn tanto, el Gobernador Eduardo Le\u00f3n manifest\u00f3 que \u201cla idea es que se realice un trabajo transparente y profesional para desarrollar un buen censo, que en definitiva, este instrumento delinea las pol\u00edticas p\u00fablicas del pa\u00eds\u201d, sostuvo.<br \/>\nAsimismo, inform\u00f3 que la encargada provincial se encuentra en la Gobernaci\u00f3n de San Felipe, lugar desde el que ha podido desarrollar los procesos necesarios para conformar los equipos operativos y, adem\u00e1s, agradeci\u00f3 el apoyo de los municipios que han sido fundamentales para la realizaci\u00f3n del precenso.<\/p>\n<p><strong>CENSO 2017<\/strong><br \/>\nEn cuanto al Censo, el Director Regional del INE manifest\u00f3 que se desarrollar\u00e1 s\u00f3lo en un d\u00eda \u2013 volviendo a la f\u00f3rmula cl\u00e1sica- siendo la fecha tentativa el mi\u00e9rcoles 19 de abril del pr\u00f3ximo a\u00f1o, estableci\u00e9ndolo como un feriado para la normal realizaci\u00f3n de este sondeo.<\/p>\n","protected":false},"excerpt":{"rendered":"<p>Conocieron a los encargados comunales que desarrollar\u00e1n, en una primera etapa, el pre-censo durante este 2016. Con la presencia del Director Regional de INE, y el gobernador Eduardo Le\u00f3n, dieron a conocer&#8230;<\/p>\n","protected":false},"author":482,"featured_media":66119,"comment_status":"open","ping_status":"open","sticky":false,"template":"","format":"standard","meta":{"advanced_seo_description":"","jetpack_seo_html_title":"","jetpack_seo_noindex":false,"_jetpack_memberships_contains_paid_content":false,"footnotes":""},"categories":[1],"tags":[],"class_list":["post-66118","post","type-post","status-publish","format-standard","has-post-thumbnail","hentry","category-cronica"],"jetpack_featured_media_url":"https:\/\/i0.wp.com\/eltrabajo.cl\/portal\/wp-content\/uploads\/2016\/01\/Reunion-autoridades-precenso-y-censo.jpg?fit=530%2C350&ssl=1","jetpack_sharing_enabled":true,"jetpack_likes_enabled":true,"jetpack-related-posts":[],"_links":{"self":[{"href":"https:\/\/eltrabajo.cl\/portal\/wp-json\/wp\/v2\/posts\/66118","targetHints":{"allow":["GET"]}}],"collection":[{"href":"https:\/\/eltrabajo.cl\/portal\/wp-json\/wp\/v2\/posts"}],"about":[{"href":"https:\/\/eltrabajo.cl\/portal\/wp-json\/wp\/v2\/types\/post"}],"author":[{"embeddable":true,"href":"https:\/\/eltrabajo.cl\/portal\/wp-json\/wp\/v2\/users\/482"}],"replies":[{"embeddable":true,"href":"https:\/\/eltrabajo.cl\/portal\/wp-json\/wp\/v2\/comments?post=66118"}],"version-history":[{"count":0,"href":"https:\/\/eltrabajo.cl\/portal\/wp-json\/wp\/v2\/posts\/66118\/revisions"}],"wp:featuredmedia":[{"embeddable":true,"href":"https:\/\/eltrabajo.cl\/portal\/wp-json\/wp\/v2\/media\/66119"}],"wp:attachment":[{"href":"https:\/\/eltrabajo.cl\/portal\/wp-json\/wp\/v2\/media?parent=66118"}],"wp:term":[{"taxonomy":"category","embeddable":true,"href":"https:\/\/eltrabajo.cl\/portal\/wp-json\/wp\/v2\/categories?post=66118"},{"taxonomy":"post_tag","embeddable":true,"href":"https:\/\/eltrabajo.cl\/portal\/wp-json\/wp\/v2\/tags?post=66118"}],"curies":[{"name":"wp","href":"https:\/\/api.w.org\/{rel}","templated":true}]}}