{"id":66121,"date":"2016-01-25T10:17:48","date_gmt":"2016-01-25T13:17:48","guid":{"rendered":"http:\/\/www.eltrabajo.cl\/portal\/?p=66121"},"modified":"2016-01-25T10:17:48","modified_gmt":"2016-01-25T13:17:48","slug":"seremi-del-trabajo-intensificara-fiscalizaciones-en-predios-agricolas-del-valle-de-aconcagua","status":"publish","type":"post","link":"https:\/\/eltrabajo.cl\/portal\/seremi-del-trabajo-intensificara-fiscalizaciones-en-predios-agricolas-del-valle-de-aconcagua\/","title":{"rendered":"Seremi del Trabajo intensificar\u00e1 fiscalizaciones en predios agr\u00edcolas del Valle de Aconcagua"},"content":{"rendered":"<figure id=\"attachment_66122\" aria-describedby=\"caption-attachment-66122\" style=\"width: 300px\" class=\"wp-caption alignleft\"><img data-recalc-dims=\"1\" loading=\"lazy\" decoding=\"async\" class=\"wp-image-66122 size-medium\" src=\"https:\/\/i0.wp.com\/www.eltrabajo.cl\/portal\/wp-content\/uploads\/2016\/01\/Karen-Medina-300x198.jpg?resize=300%2C198\" alt=\"Karen Medina, Seremi del Trabajo regi\u00f3n de Valpara\u00edso.\" width=\"300\" height=\"198\" srcset=\"https:\/\/i0.wp.com\/eltrabajo.cl\/portal\/wp-content\/uploads\/2016\/01\/Karen-Medina.jpg?resize=300%2C198&amp;ssl=1 300w, https:\/\/i0.wp.com\/eltrabajo.cl\/portal\/wp-content\/uploads\/2016\/01\/Karen-Medina.jpg?resize=200%2C132&amp;ssl=1 200w, https:\/\/i0.wp.com\/eltrabajo.cl\/portal\/wp-content\/uploads\/2016\/01\/Karen-Medina.jpg?resize=228%2C150&amp;ssl=1 228w, https:\/\/i0.wp.com\/eltrabajo.cl\/portal\/wp-content\/uploads\/2016\/01\/Karen-Medina.jpg?resize=400%2C263&amp;ssl=1 400w, https:\/\/i0.wp.com\/eltrabajo.cl\/portal\/wp-content\/uploads\/2016\/01\/Karen-Medina.jpg?w=530&amp;ssl=1 530w\" sizes=\"auto, (max-width: 300px) 100vw, 300px\" \/><figcaption id=\"caption-attachment-66122\" class=\"wp-caption-text\">Karen Medina, Seremi del Trabajo regi\u00f3n de Valpara\u00edso.<\/figcaption><\/figure>\n<ul>\n<li><strong>Se exigir\u00e1 a los empleadores el cumplimiento de garant\u00edas b\u00e1sicas como la disposici\u00f3n de un ba\u00f1o, la entrega de protector solar, gorros legionarios y la revisi\u00f3n de contratos y jornadas laborales.<\/strong><\/li>\n<\/ul>\n<p>La Secretaria Regional Ministerial del Trabajo, Seremi, Karen Medina anunci\u00f3 que durante los pr\u00f3ximos d\u00edas se realizar\u00e1n fuertes y sucesivas fiscalizaciones a distintos predios agr\u00edcolas del Valle de Aconcagua, con el objetivo de asegurar el cumplimiento de todas las condiciones laborales que se desarrollan durante los trabajos de temporada.<br \/>\nMedina asegur\u00f3 que \u201cel trabajo decente, de calidad es el desaf\u00edo prioritario del Gobierno de la Nueva Mayor\u00eda y la Presidenta Michelle Bachelet lo instala en las tareas que el Ministerio del Trabajo debe desarrollar a diario, tambi\u00e9n en la Provincia de San Felipe vamos a construir junto al Gobernador una agenda de trabajo de calidad\u201d, sostuvo.<br \/>\nDentro de la materias que m\u00e1s preocupan, Medina afirm\u00f3 que \u201ces un derecho de los trabajadores tener un contrato, m\u00e1s all\u00e1 de la obra o de la faena que se desarrolle, hay que entregar las garant\u00edas y los seguros de accidente, la necesidad que se cotice, por eso es tambi\u00e9n tan importante insistir en este tema en lo que respecta las obligaciones de los empleadores de garantizar un trabajo de calidad\u201d.<br \/>\nEn este mismo plano, Medina agreg\u00f3 que \u201clamentablemente hace un par de semanas conocimos de un accidente bastante grave, que afect\u00f3 a trabajadores agr\u00edcolas que no estaban contratados y precisamente de eso estamos hablando, de evitar este tipo de situaciones\u201d, apunt\u00f3<br \/>\nFinalmente la Seremi, hizo hincapi\u00e9 en que es fundamental que los predios agr\u00edcolas, adem\u00e1s de la contrataci\u00f3n legal de sus trabajadores, cuenten con ba\u00f1os, casino, hagan entrega de un protector solar, un gorro legionario, etc. \u00cdtems que se fiscalizar\u00e1n en las pr\u00f3ximas visitas inspectivas que se desarrollen en conjunto con el Instituto de Seguridad Laboral, ISL y la direcci\u00f3n del trabajo.<\/p>\n","protected":false},"excerpt":{"rendered":"<p>Se exigir\u00e1 a los empleadores el cumplimiento de garant\u00edas b\u00e1sicas como la disposici\u00f3n de un ba\u00f1o, la entrega de protector solar, gorros legionarios y la revisi\u00f3n de contratos y jornadas laborales. La&#8230;<\/p>\n","protected":false},"author":482,"featured_media":66122,"comment_status":"open","ping_status":"open","sticky":false,"template":"","format":"standard","meta":{"advanced_seo_description":"","jetpack_seo_html_title":"","jetpack_seo_noindex":false,"_jetpack_memberships_contains_paid_content":false,"footnotes":""},"categories":[1],"tags":[],"class_list":["post-66121","post","type-post","status-publish","format-standard","has-post-thumbnail","hentry","category-cronica"],"jetpack_featured_media_url":"https:\/\/i0.wp.com\/eltrabajo.cl\/portal\/wp-content\/uploads\/2016\/01\/Karen-Medina.jpg?fit=530%2C349&ssl=1","jetpack_sharing_enabled":true,"jetpack_likes_enabled":true,"jetpack-related-posts":[],"_links":{"self":[{"href":"https:\/\/eltrabajo.cl\/portal\/wp-json\/wp\/v2\/posts\/66121","targetHints":{"allow":["GET"]}}],"collection":[{"href":"https:\/\/eltrabajo.cl\/portal\/wp-json\/wp\/v2\/posts"}],"about":[{"href":"https:\/\/eltrabajo.cl\/portal\/wp-json\/wp\/v2\/types\/post"}],"author":[{"embeddable":true,"href":"https:\/\/eltrabajo.cl\/portal\/wp-json\/wp\/v2\/users\/482"}],"replies":[{"embeddable":true,"href":"https:\/\/eltrabajo.cl\/portal\/wp-json\/wp\/v2\/comments?post=66121"}],"version-history":[{"count":0,"href":"https:\/\/eltrabajo.cl\/portal\/wp-json\/wp\/v2\/posts\/66121\/revisions"}],"wp:featuredmedia":[{"embeddable":true,"href":"https:\/\/eltrabajo.cl\/portal\/wp-json\/wp\/v2\/media\/66122"}],"wp:attachment":[{"href":"https:\/\/eltrabajo.cl\/portal\/wp-json\/wp\/v2\/media?parent=66121"}],"wp:term":[{"taxonomy":"category","embeddable":true,"href":"https:\/\/eltrabajo.cl\/portal\/wp-json\/wp\/v2\/categories?post=66121"},{"taxonomy":"post_tag","embeddable":true,"href":"https:\/\/eltrabajo.cl\/portal\/wp-json\/wp\/v2\/tags?post=66121"}],"curies":[{"name":"wp","href":"https:\/\/api.w.org\/{rel}","templated":true}]}}