{"id":66124,"date":"2016-01-25T10:20:12","date_gmt":"2016-01-25T13:20:12","guid":{"rendered":"http:\/\/www.eltrabajo.cl\/portal\/?p=66124"},"modified":"2016-01-25T10:20:12","modified_gmt":"2016-01-25T13:20:12","slug":"a-sus-87-anos-muere-conocido-comerciante-don-julio","status":"publish","type":"post","link":"https:\/\/eltrabajo.cl\/portal\/a-sus-87-anos-muere-conocido-comerciante-don-julio\/","title":{"rendered":"A sus 87 a\u00f1os muere conocido comerciante \u2018Don Julio\u2019"},"content":{"rendered":"<figure id=\"attachment_66125\" aria-describedby=\"caption-attachment-66125\" style=\"width: 300px\" class=\"wp-caption alignleft\"><img data-recalc-dims=\"1\" loading=\"lazy\" decoding=\"async\" class=\"wp-image-66125 size-medium\" src=\"https:\/\/i0.wp.com\/www.eltrabajo.cl\/portal\/wp-content\/uploads\/2016\/01\/Julio-Segura-300x197.jpg?resize=300%2C197\" alt=\"ADI\u00d3S DON JULIO.- Julio Segura Coral, falleci\u00f3 a los 87 a\u00f1os.\" width=\"300\" height=\"197\" srcset=\"https:\/\/i0.wp.com\/eltrabajo.cl\/portal\/wp-content\/uploads\/2016\/01\/Julio-Segura.jpg?resize=300%2C197&amp;ssl=1 300w, https:\/\/i0.wp.com\/eltrabajo.cl\/portal\/wp-content\/uploads\/2016\/01\/Julio-Segura.jpg?resize=200%2C131&amp;ssl=1 200w, https:\/\/i0.wp.com\/eltrabajo.cl\/portal\/wp-content\/uploads\/2016\/01\/Julio-Segura.jpg?resize=228%2C150&amp;ssl=1 228w, https:\/\/i0.wp.com\/eltrabajo.cl\/portal\/wp-content\/uploads\/2016\/01\/Julio-Segura.jpg?resize=400%2C263&amp;ssl=1 400w, https:\/\/i0.wp.com\/eltrabajo.cl\/portal\/wp-content\/uploads\/2016\/01\/Julio-Segura.jpg?w=530&amp;ssl=1 530w\" sizes=\"auto, (max-width: 300px) 100vw, 300px\" \/><figcaption id=\"caption-attachment-66125\" class=\"wp-caption-text\"><strong>ADI\u00d3S DON JULIO.- Julio Segura Coral, falleci\u00f3 a los 87 a\u00f1os.<\/strong><\/figcaption><\/figure>\n<p>\u2018De capa ca\u00edda\u2019 est\u00e1n muchos en San Felipe, luego que al filo del mediod\u00eda de este s\u00e1bado falleciera a la edad de 87 a\u00f1os, el querido \u2018Don Julio Segura\u2019, de quien el verdadero nombre era Orlando Julio Segura Coral. Este vecino de la poblaci\u00f3n Pedro Aguirre Cerda fue un polifac\u00e9tico servidor comunal y destacado comerciante sanfelipe\u00f1o.<\/p>\n<p><strong>SIEMPRE DON JULIO<\/strong><br \/>\nFue en la tibieza de su funeral, realizado en la 4\u00aa Compa\u00f1\u00eda de Bomberos en esa misma poblaci\u00f3n, que su hijo Alejandro Segura Lepe nos atendi\u00f3 para informar a nuestros lectores algunos datos del querido \u2018Don Julio\u2019.<br \/>\n\u00abMi pap\u00e1 fue un hombre bueno. Servicial y de intachable conducta. \u00c9l sirvi\u00f3 como presidente de locatarios del Mercado Municipal en donde ten\u00eda tambi\u00e9n su local comercial; fue socio fundador y el primer presidente de Sanfecoop; miembro directivo de la C\u00e1mara de Comercio de San Felipe y bombero honorario de nuestra comuna\u00bb, explic\u00f3 Alejandro a Diario El Trabajo.<br \/>\nDon Julio tuvo cuatro hijos; nueve nietos y una bisnieta. Casado con do\u00f1a Olga Lepe Segovia y exdirigente falangista. Fue tambi\u00e9n director de la Cuarta CIA e impart\u00eda charlas para quienes se iban a casar en la parroquia La Merced. Don Julio fue adem\u00e1s directivo del FMC (Movimiento Familiar Cristiano).<br \/>\nFalleci\u00f3 de muerte natural y sus funerales se realizaron despu\u00e9s de la Misa en su honor a las 18:00 horas en la 4\u00aa CIA, luego de algunos homenajes de rigor, su cuerpo fue sepultado en el Cementerio Municipal de El Almendral.<br \/>\n<strong>Roberto Gonz\u00e1lez Short<\/strong><br \/>\n<strong>rgonzalez@eltrabajo.cl<\/strong><\/p>\n","protected":false},"excerpt":{"rendered":"<p>\u2018De capa ca\u00edda\u2019 est\u00e1n muchos en San Felipe, luego que al filo del mediod\u00eda de este s\u00e1bado falleciera a la edad de 87 a\u00f1os, el querido \u2018Don Julio Segura\u2019, de quien el&#8230;<\/p>\n","protected":false},"author":482,"featured_media":66125,"comment_status":"open","ping_status":"open","sticky":false,"template":"","format":"standard","meta":{"advanced_seo_description":"","jetpack_seo_html_title":"","jetpack_seo_noindex":false,"_jetpack_memberships_contains_paid_content":false,"footnotes":""},"categories":[15],"tags":[],"class_list":["post-66124","post","type-post","status-publish","format-standard","has-post-thumbnail","hentry","category-comunidad"],"jetpack_featured_media_url":"https:\/\/i0.wp.com\/eltrabajo.cl\/portal\/wp-content\/uploads\/2016\/01\/Julio-Segura.jpg?fit=530%2C348&ssl=1","jetpack_sharing_enabled":true,"jetpack_likes_enabled":true,"jetpack-related-posts":[],"_links":{"self":[{"href":"https:\/\/eltrabajo.cl\/portal\/wp-json\/wp\/v2\/posts\/66124","targetHints":{"allow":["GET"]}}],"collection":[{"href":"https:\/\/eltrabajo.cl\/portal\/wp-json\/wp\/v2\/posts"}],"about":[{"href":"https:\/\/eltrabajo.cl\/portal\/wp-json\/wp\/v2\/types\/post"}],"author":[{"embeddable":true,"href":"https:\/\/eltrabajo.cl\/portal\/wp-json\/wp\/v2\/users\/482"}],"replies":[{"embeddable":true,"href":"https:\/\/eltrabajo.cl\/portal\/wp-json\/wp\/v2\/comments?post=66124"}],"version-history":[{"count":0,"href":"https:\/\/eltrabajo.cl\/portal\/wp-json\/wp\/v2\/posts\/66124\/revisions"}],"wp:featuredmedia":[{"embeddable":true,"href":"https:\/\/eltrabajo.cl\/portal\/wp-json\/wp\/v2\/media\/66125"}],"wp:attachment":[{"href":"https:\/\/eltrabajo.cl\/portal\/wp-json\/wp\/v2\/media?parent=66124"}],"wp:term":[{"taxonomy":"category","embeddable":true,"href":"https:\/\/eltrabajo.cl\/portal\/wp-json\/wp\/v2\/categories?post=66124"},{"taxonomy":"post_tag","embeddable":true,"href":"https:\/\/eltrabajo.cl\/portal\/wp-json\/wp\/v2\/tags?post=66124"}],"curies":[{"name":"wp","href":"https:\/\/api.w.org\/{rel}","templated":true}]}}