{"id":66128,"date":"2016-01-25T10:27:48","date_gmt":"2016-01-25T13:27:48","guid":{"rendered":"http:\/\/www.eltrabajo.cl\/portal\/?p=66128"},"modified":"2016-01-25T10:28:17","modified_gmt":"2016-01-25T13:28:17","slug":"manifestantes-bloquean-transito-en-sector-de-las-coimas-protestando-contra-andes-copper","status":"publish","type":"post","link":"https:\/\/eltrabajo.cl\/portal\/manifestantes-bloquean-transito-en-sector-de-las-coimas-protestando-contra-andes-copper\/","title":{"rendered":"Manifestantes bloquean tr\u00e1nsito en sector de Las Coimas protestando contra Andes Copper"},"content":{"rendered":"<figure id=\"attachment_66129\" aria-describedby=\"caption-attachment-66129\" style=\"width: 300px\" class=\"wp-caption alignleft\"><img data-recalc-dims=\"1\" loading=\"lazy\" decoding=\"async\" class=\"wp-image-66129 size-medium\" src=\"https:\/\/i0.wp.com\/www.eltrabajo.cl\/portal\/wp-content\/uploads\/2016\/01\/BARRICADAS-LAS-COIMAS-2-300x197.jpg?resize=300%2C197\" alt=\"Cerca de 25 personas se tomaron con barricadas la ruta que une Putaendo con San Felipe el pasado viernes en oposici\u00f3n al proyecto minero de Andes Copper.\" width=\"300\" height=\"197\" srcset=\"https:\/\/i0.wp.com\/eltrabajo.cl\/portal\/wp-content\/uploads\/2016\/01\/BARRICADAS-LAS-COIMAS-2.jpg?resize=300%2C197&amp;ssl=1 300w, https:\/\/i0.wp.com\/eltrabajo.cl\/portal\/wp-content\/uploads\/2016\/01\/BARRICADAS-LAS-COIMAS-2.jpg?resize=200%2C131&amp;ssl=1 200w, https:\/\/i0.wp.com\/eltrabajo.cl\/portal\/wp-content\/uploads\/2016\/01\/BARRICADAS-LAS-COIMAS-2.jpg?resize=228%2C150&amp;ssl=1 228w, https:\/\/i0.wp.com\/eltrabajo.cl\/portal\/wp-content\/uploads\/2016\/01\/BARRICADAS-LAS-COIMAS-2.jpg?resize=400%2C263&amp;ssl=1 400w, https:\/\/i0.wp.com\/eltrabajo.cl\/portal\/wp-content\/uploads\/2016\/01\/BARRICADAS-LAS-COIMAS-2.jpg?w=530&amp;ssl=1 530w\" sizes=\"auto, (max-width: 300px) 100vw, 300px\" \/><figcaption id=\"caption-attachment-66129\" class=\"wp-caption-text\">Cerca de 25 personas se tomaron con barricadas la ruta que une Putaendo con San Felipe el pasado viernes en oposici\u00f3n al proyecto minero de Andes Copper.<\/figcaption><\/figure>\n<ul>\n<li><strong>Resultaron dos personas detenidas, en una movilizaci\u00f3n que inici\u00f3 pasadas las 21:00 horas del pasado viernes, en oposici\u00f3n contra el proyecto minero de la transnacional.<\/strong><\/li>\n<\/ul>\n<p><strong>PUTAENDO.<\/strong>&#8211; Un grupo de vecinos del sector Las Coimas, en su mayor\u00eda j\u00f3venes, decidieron interrumpir el tr\u00e1nsito en la carretera E-71 a la altura del Paradero 25, levantando barricadas para sumarse a la oposici\u00f3n de la comunidad hacia el proyecto minero de Andes Copper al interior de Los Patos.<br \/>\nLa manifestaci\u00f3n comenz\u00f3 pasadas las 21:00 horas cuando el tr\u00e1nsito fue suspendido por los residentes del sector, quienes con neum\u00e1ticos y otros elementos procedieron a encender una barricada y a instalar lienzos contra la compa\u00f1\u00eda minera canadiense, el Diputado Marco Antonio N\u00fa\u00f1ez, a quien tildaron de \u2018vendido\u2019 y contra Enrique Correa, presidente de Imaginacci\u00f3n, adem\u00e1s de gritar consignas en defensa del agua.<br \/>\nLos automovilistas que se encontraron con la manifestaci\u00f3n decidieron retornar en ambos sentidos e ingresar y salir de Putaendo a trav\u00e9s de Quebrada Herrera, mientras que transcurridos varios minutos comenz\u00f3 a llegar un peque\u00f1o contingente de Carabineros, que a eso de las 22:00 horas vio reforzada su labor con la llegada de un bus de fuerzas especiales.<br \/>\nA trav\u00e9s de Radio FM Vida, el Teniente de Carabineros \u00c1ngelo Acevedo daba aviso que no habr\u00eda di\u00e1logo entre los uniformados y los manifestantes, torn\u00e1ndose m\u00e1s tensa la situaci\u00f3n cuando desde el m\u00f3vil de fuerzas especiales comenzaron a arrojar bombas lacrim\u00f3genas directamente hacia las personas, entre las que incluso se encontraban algunos adultos mayores y ni\u00f1os que a distancia observaban lo que ocurr\u00eda y que se vieron afectados por el efecto del gas.<br \/>\nLos manifestantes se dispersaron hacia los sitios colindantes a Calle Ernesto Concha para ingresar hacia los cerros del sector, produci\u00e9ndose nuevos enfrentamientos con personal de Carabineros.<br \/>\nTras la manifestaci\u00f3n y hasta el cierre de esta edici\u00f3n s\u00f3lo se registraron dos personas detenidas, un hombre y una mujer, ambos mayores de edad, acusados de maltrato de obra a Carabineros, pues en el transcurso de la protesta se arrojaron piedras a veh\u00edculos y funcionarios policiales.<br \/>\n\u2018El agua es nuestra\u2019, \u2018Fuera la Minera de Putaendo\u2019, \u2018N\u00fa\u00f1ez vendido, Correa Corrupto\u2019 eran parte de las consignas que los manifestantes dejaban sentir durante la protesta, sum\u00e1ndose al llamado a oponerse al proyecto minero de la empresa Andes Copper al interior de Los Patos.<br \/>\nAlgunos sectores de Las Coimas se vieron afectados por cortes de luz, mientras que el tr\u00e1nsito en la carretera E-71 fue restablecido pasadas las 22:30 horas.<br \/>\n<strong>Patricio Gallardo M.<\/strong><\/p>\n","protected":false},"excerpt":{"rendered":"<p>Resultaron dos personas detenidas, en una movilizaci\u00f3n que inici\u00f3 pasadas las 21:00 horas del pasado viernes, en oposici\u00f3n contra el proyecto minero de la transnacional. PUTAENDO.&#8211; Un grupo de vecinos del sector&#8230;<\/p>\n","protected":false},"author":482,"featured_media":66129,"comment_status":"open","ping_status":"open","sticky":false,"template":"","format":"standard","meta":{"advanced_seo_description":"","jetpack_seo_html_title":"","jetpack_seo_noindex":false,"_jetpack_memberships_contains_paid_content":false,"footnotes":""},"categories":[21],"tags":[],"class_list":["post-66128","post","type-post","status-publish","format-standard","has-post-thumbnail","hentry","category-policial"],"jetpack_featured_media_url":"https:\/\/i0.wp.com\/eltrabajo.cl\/portal\/wp-content\/uploads\/2016\/01\/BARRICADAS-LAS-COIMAS-2.jpg?fit=530%2C348&ssl=1","jetpack_sharing_enabled":true,"jetpack_likes_enabled":true,"jetpack-related-posts":[],"_links":{"self":[{"href":"https:\/\/eltrabajo.cl\/portal\/wp-json\/wp\/v2\/posts\/66128","targetHints":{"allow":["GET"]}}],"collection":[{"href":"https:\/\/eltrabajo.cl\/portal\/wp-json\/wp\/v2\/posts"}],"about":[{"href":"https:\/\/eltrabajo.cl\/portal\/wp-json\/wp\/v2\/types\/post"}],"author":[{"embeddable":true,"href":"https:\/\/eltrabajo.cl\/portal\/wp-json\/wp\/v2\/users\/482"}],"replies":[{"embeddable":true,"href":"https:\/\/eltrabajo.cl\/portal\/wp-json\/wp\/v2\/comments?post=66128"}],"version-history":[{"count":0,"href":"https:\/\/eltrabajo.cl\/portal\/wp-json\/wp\/v2\/posts\/66128\/revisions"}],"wp:featuredmedia":[{"embeddable":true,"href":"https:\/\/eltrabajo.cl\/portal\/wp-json\/wp\/v2\/media\/66129"}],"wp:attachment":[{"href":"https:\/\/eltrabajo.cl\/portal\/wp-json\/wp\/v2\/media?parent=66128"}],"wp:term":[{"taxonomy":"category","embeddable":true,"href":"https:\/\/eltrabajo.cl\/portal\/wp-json\/wp\/v2\/categories?post=66128"},{"taxonomy":"post_tag","embeddable":true,"href":"https:\/\/eltrabajo.cl\/portal\/wp-json\/wp\/v2\/tags?post=66128"}],"curies":[{"name":"wp","href":"https:\/\/api.w.org\/{rel}","templated":true}]}}