{"id":66138,"date":"2016-01-26T09:45:39","date_gmt":"2016-01-26T12:45:39","guid":{"rendered":"http:\/\/www.eltrabajo.cl\/portal\/?p=66138"},"modified":"2016-01-26T09:45:39","modified_gmt":"2016-01-26T12:45:39","slug":"con-gran-exito-finalizo-fiesta-de-la-chaya-2016-en-san-felipe","status":"publish","type":"post","link":"https:\/\/eltrabajo.cl\/portal\/con-gran-exito-finalizo-fiesta-de-la-chaya-2016-en-san-felipe\/","title":{"rendered":"Con gran \u00e9xito finaliz\u00f3 fiesta de la Chaya 2016 en San Felipe"},"content":{"rendered":"<figure id=\"attachment_66139\" aria-describedby=\"caption-attachment-66139\" style=\"width: 300px\" class=\"wp-caption alignleft\"><img data-recalc-dims=\"1\" loading=\"lazy\" decoding=\"async\" class=\"wp-image-66139 size-medium\" src=\"https:\/\/i0.wp.com\/www.eltrabajo.cl\/portal\/wp-content\/uploads\/2016\/01\/Fiesta-de-la-Chaya-2-Super-Super-Maravillosos-del-Peru-300x197.jpg?resize=300%2C197\" alt=\" El d\u00eda s\u00e1bado se presentaron los S\u00faper S\u00faper Maravillosos del Per\u00fa, quienes entregaron un repertorio cargado de \u00e9xitos que fue motivo del aplauso espont\u00e1neo.\" width=\"300\" height=\"197\" srcset=\"https:\/\/i0.wp.com\/eltrabajo.cl\/portal\/wp-content\/uploads\/2016\/01\/Fiesta-de-la-Chaya-2-Super-Super-Maravillosos-del-Peru.jpg?resize=300%2C197&amp;ssl=1 300w, https:\/\/i0.wp.com\/eltrabajo.cl\/portal\/wp-content\/uploads\/2016\/01\/Fiesta-de-la-Chaya-2-Super-Super-Maravillosos-del-Peru.jpg?resize=200%2C131&amp;ssl=1 200w, https:\/\/i0.wp.com\/eltrabajo.cl\/portal\/wp-content\/uploads\/2016\/01\/Fiesta-de-la-Chaya-2-Super-Super-Maravillosos-del-Peru.jpg?resize=228%2C150&amp;ssl=1 228w, https:\/\/i0.wp.com\/eltrabajo.cl\/portal\/wp-content\/uploads\/2016\/01\/Fiesta-de-la-Chaya-2-Super-Super-Maravillosos-del-Peru.jpg?resize=400%2C263&amp;ssl=1 400w, https:\/\/i0.wp.com\/eltrabajo.cl\/portal\/wp-content\/uploads\/2016\/01\/Fiesta-de-la-Chaya-2-Super-Super-Maravillosos-del-Peru.jpg?w=530&amp;ssl=1 530w\" sizes=\"auto, (max-width: 300px) 100vw, 300px\" \/><figcaption id=\"caption-attachment-66139\" class=\"wp-caption-text\">El d\u00eda s\u00e1bado se presentaron los S\u00faper S\u00faper Maravillosos del Per\u00fa, quienes entregaron un repertorio cargado de \u00e9xitos que fue motivo del aplauso espont\u00e1neo.<\/figcaption><\/figure>\n<ul>\n<li><strong>Durante la \u00faltima jornada, la lluvia impidi\u00f3 que el Grupo Shamanes pudiese realizar \u00edntegramente su show, por lo que el alcalde Patricio Freire inform\u00f3 que se reprogramar\u00e1 esa presentaci\u00f3n.<\/strong><\/li>\n<\/ul>\n<p>Una gran convocatoria de p\u00fablico registr\u00f3 a lo largo de sus cuatro noches, la Fiesta de la Chaya que organiz\u00f3 el Departamento de Cultura de la Municipalidad de San Felipe, evento que el alcalde Patricio Freire logr\u00f3 restablecer en la comuna a partir de la importancia que reviste si de identidad local se trata.<br \/>\nLa atractiva programaci\u00f3n definida para cada jornada, con artistas locales, nacionales e internacionales de renombre, sumada a la feria que se instal\u00f3 en la Plaza de Armas y el patio de comidas que all\u00ed tambi\u00e9n funcion\u00f3, permiti\u00f3 dar a este evento la categor\u00eda que merece, logrando una positiva respuesta del p\u00fablico aconcag\u00fcino, que acudi\u00f3 en masa noche a noche, para disfrutar junto a su familia.<br \/>\nLa jornada inaugural del d\u00eda mi\u00e9rcoles, permiti\u00f3 reunir a algunos de los grandes exponentes de la m\u00fasica local, que en el marco de la noche de la Nueva Ola, recordaron los \u00e9xitos de anta\u00f1o, vi\u00e9ndose coronados m\u00e1s tarde con la presentaci\u00f3n del Grupo The Ramblers, que no solo hizo recordar, sino tambi\u00e9n cantar y bailar a los m\u00e1s adultos, as\u00ed como tambi\u00e9n a los j\u00f3venes.<\/p>\n<figure id=\"attachment_66140\" aria-describedby=\"caption-attachment-66140\" style=\"width: 300px\" class=\"wp-caption alignright\"><img data-recalc-dims=\"1\" loading=\"lazy\" decoding=\"async\" class=\"wp-image-66140 size-medium\" src=\"https:\/\/i0.wp.com\/www.eltrabajo.cl\/portal\/wp-content\/uploads\/2016\/01\/Fiesta-de-la-Chaya-4-publico-asistente-300x197.jpg?resize=300%2C197\" alt=\"Gran concurrencia tuvo la Fiesta de la Chaya en su versi\u00f3n 2016.\" width=\"300\" height=\"197\" srcset=\"https:\/\/i0.wp.com\/eltrabajo.cl\/portal\/wp-content\/uploads\/2016\/01\/Fiesta-de-la-Chaya-4-publico-asistente.jpg?resize=300%2C197&amp;ssl=1 300w, https:\/\/i0.wp.com\/eltrabajo.cl\/portal\/wp-content\/uploads\/2016\/01\/Fiesta-de-la-Chaya-4-publico-asistente.jpg?resize=200%2C131&amp;ssl=1 200w, https:\/\/i0.wp.com\/eltrabajo.cl\/portal\/wp-content\/uploads\/2016\/01\/Fiesta-de-la-Chaya-4-publico-asistente.jpg?resize=228%2C150&amp;ssl=1 228w, https:\/\/i0.wp.com\/eltrabajo.cl\/portal\/wp-content\/uploads\/2016\/01\/Fiesta-de-la-Chaya-4-publico-asistente.jpg?resize=400%2C263&amp;ssl=1 400w, https:\/\/i0.wp.com\/eltrabajo.cl\/portal\/wp-content\/uploads\/2016\/01\/Fiesta-de-la-Chaya-4-publico-asistente.jpg?w=530&amp;ssl=1 530w\" sizes=\"auto, (max-width: 300px) 100vw, 300px\" \/><figcaption id=\"caption-attachment-66140\" class=\"wp-caption-text\">Gran concurrencia tuvo la Fiesta de la Chaya en su versi\u00f3n 2016.<\/figcaption><\/figure>\n<p>El jueves en tanto, Pascuala Ilabaca subi\u00f3 al escenario para entregar un s\u00f3lido espect\u00e1culo, que fue aplaudido por los asistentes, al tiempo que la artista nacional agradeci\u00f3 la oportunidad que le brind\u00f3 la municipalidad de participar de este evento. \u201cEs muy gratificante estar en San Felipe, me voy muy contenta de participar en este show, porque se genera una relaci\u00f3n muy rica con la gente\u201d, se\u00f1al\u00f3.<br \/>\nEl viernes en tanto, Los Kuatreros del Sur y Millenium Show, fueron los encargados de poner el broche de oro a una noche que el p\u00fablico replet\u00f3 la Plaza de Armas, tal como ocurri\u00f3 el s\u00e1bado, en la jornada de cierre, cuando tras la presentaci\u00f3n de la banda sanfelipe\u00f1a Dixon, subi\u00f3 al escenario el grupo Los S\u00faper S\u00faper Maravillosos del Per\u00fa, que entreg\u00f3 un repertorio cargado de \u00e9xitos que fue motivo del aplauso espont\u00e1neo.<br \/>\nEl cierre, estaba a cargo de Shamanes, agrupaci\u00f3n musical que debido a la lluvia, solo pudo presentar un par de canciones, por lo que el alcalde Patricio Freire se comprometi\u00f3 para que en el transcurso del mes de febrero se reprograme su espect\u00e1culo, ampliamente esperado por el p\u00fablico.<br \/>\nSobre la realizaci\u00f3n de la chaya, el alcalde Freire manifest\u00f3 su satisfacci\u00f3n por la positiva respuesta de p\u00fablico, se\u00f1alando que \u201cconfirmamos una vez m\u00e1s que la Fiesta de la Chaya, es una fiesta de todas y todos, donde en el aspecto musical intentamos satisfacer a todos los gustos, mientras que tambi\u00e9n nos preocupamos por generar una instancia que sea agradable para la comunidad\u201d.<br \/>\nLa autoridad agradeci\u00f3 en este sentido el apoyo de Carabineros, que colabor\u00f3 y favoreci\u00f3 la seguridad de los asistentes a cada una de las cuatro jornadas de la Chaya 2016.<\/p>\n","protected":false},"excerpt":{"rendered":"<p>Durante la \u00faltima jornada, la lluvia impidi\u00f3 que el Grupo Shamanes pudiese realizar \u00edntegramente su show, por lo que el alcalde Patricio Freire inform\u00f3 que se reprogramar\u00e1 esa presentaci\u00f3n. Una gran convocatoria&#8230;<\/p>\n","protected":false},"author":482,"featured_media":66139,"comment_status":"open","ping_status":"open","sticky":false,"template":"","format":"standard","meta":{"advanced_seo_description":"","jetpack_seo_html_title":"","jetpack_seo_noindex":false,"_jetpack_memberships_contains_paid_content":false,"footnotes":""},"categories":[1],"tags":[],"class_list":["post-66138","post","type-post","status-publish","format-standard","has-post-thumbnail","hentry","category-cronica"],"jetpack_featured_media_url":"https:\/\/i0.wp.com\/eltrabajo.cl\/portal\/wp-content\/uploads\/2016\/01\/Fiesta-de-la-Chaya-2-Super-Super-Maravillosos-del-Peru.jpg?fit=530%2C348&ssl=1","jetpack_sharing_enabled":true,"jetpack_likes_enabled":true,"jetpack-related-posts":[],"_links":{"self":[{"href":"https:\/\/eltrabajo.cl\/portal\/wp-json\/wp\/v2\/posts\/66138","targetHints":{"allow":["GET"]}}],"collection":[{"href":"https:\/\/eltrabajo.cl\/portal\/wp-json\/wp\/v2\/posts"}],"about":[{"href":"https:\/\/eltrabajo.cl\/portal\/wp-json\/wp\/v2\/types\/post"}],"author":[{"embeddable":true,"href":"https:\/\/eltrabajo.cl\/portal\/wp-json\/wp\/v2\/users\/482"}],"replies":[{"embeddable":true,"href":"https:\/\/eltrabajo.cl\/portal\/wp-json\/wp\/v2\/comments?post=66138"}],"version-history":[{"count":0,"href":"https:\/\/eltrabajo.cl\/portal\/wp-json\/wp\/v2\/posts\/66138\/revisions"}],"wp:featuredmedia":[{"embeddable":true,"href":"https:\/\/eltrabajo.cl\/portal\/wp-json\/wp\/v2\/media\/66139"}],"wp:attachment":[{"href":"https:\/\/eltrabajo.cl\/portal\/wp-json\/wp\/v2\/media?parent=66138"}],"wp:term":[{"taxonomy":"category","embeddable":true,"href":"https:\/\/eltrabajo.cl\/portal\/wp-json\/wp\/v2\/categories?post=66138"},{"taxonomy":"post_tag","embeddable":true,"href":"https:\/\/eltrabajo.cl\/portal\/wp-json\/wp\/v2\/tags?post=66138"}],"curies":[{"name":"wp","href":"https:\/\/api.w.org\/{rel}","templated":true}]}}