{"id":66142,"date":"2016-01-26T09:47:21","date_gmt":"2016-01-26T12:47:21","guid":{"rendered":"http:\/\/www.eltrabajo.cl\/portal\/?p=66142"},"modified":"2016-01-26T09:47:21","modified_gmt":"2016-01-26T12:47:21","slug":"%ef%bb%bfpresentan-equipo-encargado-de-precenso-2016-y-censo-2017-en-la-provincia-de-los-andes","status":"publish","type":"post","link":"https:\/\/eltrabajo.cl\/portal\/%ef%bb%bfpresentan-equipo-encargado-de-precenso-2016-y-censo-2017-en-la-provincia-de-los-andes\/","title":{"rendered":"\ufeffPresentan equipo encargado de Precenso 2016 y Censo 2017 en la provincia de Los Andes"},"content":{"rendered":"<figure id=\"attachment_66143\" aria-describedby=\"caption-attachment-66143\" style=\"width: 300px\" class=\"wp-caption alignleft\"><img data-recalc-dims=\"1\" loading=\"lazy\" decoding=\"async\" class=\"wp-image-66143 size-medium\" src=\"https:\/\/i0.wp.com\/www.eltrabajo.cl\/portal\/wp-content\/uploads\/2016\/01\/Equipo-de-trabajo-Precenso-y-censo-Los-Andes-300x198.jpg?resize=300%2C198\" alt=\"Autoridades presentaron encargados que llevar\u00e1n a cabo el Precenso 2016 y el Censo 2017 en la provincia de Los Andes.\" width=\"300\" height=\"198\" srcset=\"https:\/\/i0.wp.com\/eltrabajo.cl\/portal\/wp-content\/uploads\/2016\/01\/Equipo-de-trabajo-Precenso-y-censo-Los-Andes.jpg?resize=300%2C198&amp;ssl=1 300w, https:\/\/i0.wp.com\/eltrabajo.cl\/portal\/wp-content\/uploads\/2016\/01\/Equipo-de-trabajo-Precenso-y-censo-Los-Andes.jpg?resize=200%2C132&amp;ssl=1 200w, https:\/\/i0.wp.com\/eltrabajo.cl\/portal\/wp-content\/uploads\/2016\/01\/Equipo-de-trabajo-Precenso-y-censo-Los-Andes.jpg?resize=228%2C150&amp;ssl=1 228w, https:\/\/i0.wp.com\/eltrabajo.cl\/portal\/wp-content\/uploads\/2016\/01\/Equipo-de-trabajo-Precenso-y-censo-Los-Andes.jpg?resize=400%2C263&amp;ssl=1 400w, https:\/\/i0.wp.com\/eltrabajo.cl\/portal\/wp-content\/uploads\/2016\/01\/Equipo-de-trabajo-Precenso-y-censo-Los-Andes.jpg?w=530&amp;ssl=1 530w\" sizes=\"auto, (max-width: 300px) 100vw, 300px\" \/><figcaption id=\"caption-attachment-66143\" class=\"wp-caption-text\">Autoridades presentaron encargados que llevar\u00e1n a cabo el Precenso 2016 y el Censo 2017 en la provincia de Los Andes.<\/figcaption><\/figure>\n<p><strong>LOS ANDES.<\/strong>&#8211; Con la presencia del director regional del Instituto Nacional de Estad\u00edsticas (INE), Mauricio Serrano; el Seremi de Econom\u00eda, Aland Tapia; y la gobernadora provincial de Los Andes, Mar\u00eda Victoria Rodr\u00edguez, se present\u00f3 al equipo de trabajo encargado de la realizaci\u00f3n del Precenso 2016 y Censo 2017, instancias que buscar\u00e1n recopilar datos de la poblaci\u00f3n chilena en la provincia de Los Andes y que cumplir\u00e1 con uno de los compromisos del Gobierno de la Presidenta Michelle Bachelet.<br \/>\nMauricio Serrano, director regional del INE indic\u00f3 que \u201cen el Precenso 2016, que se llevar\u00e1 a cabo entre abril y junio, contrataremos equipos, 30 personas en la provincia, y desde el s\u00e1bado 23 est\u00e1 disponible en el portal Empleos P\u00fablicos los cargos para postular. El 2017 se realizar\u00e1 un Censo de Hecho, como se hac\u00eda antiguamente, es decir, se declarar\u00e1 el mi\u00e9rcoles 19 de abril como feriado y se trabajar\u00e1 con voluntarios\u201d.<br \/>\n\u201cExiste un compromiso del Gobierno de la Presidenta Michelle Bachelet de saber cu\u00e1ntos son los datos de la poblaci\u00f3n que existe, y para eso, a trav\u00e9s del Ministerio de Econom\u00eda mediante el INE se est\u00e1 realizando este proceso gracias a capacitaciones al equipo de trabajo. Esto permite saber para poder orientar las pol\u00edticas p\u00fablicas a quienes m\u00e1s lo necesiten\u201d, se\u00f1al\u00f3 el Seremi de Econom\u00eda, Aland Tapia.<br \/>\nPor su parte, la gobernadora provincial de Los Andes, Mar\u00eda Victoria Rodr\u00edguez, expuso que \u201cesto ha significado el cumplimiento de uno de los compromisos del Gobierno de la Presidenta Michelle Bachelet, que se comprometi\u00f3 a mejorar las condiciones estad\u00edsticas del Censo 2012, que lamentablemente no funcion\u00f3, y en las algunas comunidades influy\u00f3 en la disminuci\u00f3n de Consejeros Regionales y recursos que se vieron perjudicadas al no poder encuestar al 100% de sus habitantes. Este Censo tiene por idea fuerza \u201cTodos Contamos\u201d, ya que se trabajar\u00e1 durante un d\u00eda, donde todos tenemos la obligaci\u00f3n de estar en nuestros hogares y entregar los datos\u201d.<br \/>\nViviana Cortez, encargada provincial del Censo, explic\u00f3 que \u201cestamos trabajando en el Precenso 2016 y Censo 2017, estamos capacitando a las personas que trabajar\u00e1n en las comunas, cuyo cargo es el de Encargado T\u00e9cnico Comunal (ETC), que desde el lunes 25 de enero, se instalaron en cada comuna para realizar reconocimiento de ellas y revisar sus l\u00edmites urbanos y rurales\u201d.<br \/>\nEn tanto, el administrador municipal de Los Andes, Juan Pablo Pozo, enfatiz\u00f3 que \u201cestamos comprometidos por el desarrollo de este Censo que nos entregar\u00e1 datos para poder tener claridad de cu\u00e1l es nuestra situaci\u00f3n de calidad de vida, habitantes, y corregir informaci\u00f3n que en anteriores procesos nos ha provocado situaciones que no se relacionan con la realidad\u201d.<br \/>\nCarlos Rodr\u00edguez, ETC de la comuna de Rinconada, mencion\u00f3 que este proceso \u201cha sido una experiencia enriquecedora. Somos un grupo de profesionales capacitados para cumplir esta funci\u00f3n, trascendental para que este proyecto se lleve a cabo de forma exitosa\u201d. Similar opini\u00f3n tuvo Crist\u00f3bal Arancibia, jefe del Censo en la misma comuna, quien dijo que \u201chemos ido puliendo aspectos, haciendo una comparaci\u00f3n con el Censo pasado y con la actualidad. Estamos generando un proceso de actualizaci\u00f3n de calles, rutas, para que todo quede finamente pulido\u201d.<strong><br \/>\n<\/strong><\/p>\n","protected":false},"excerpt":{"rendered":"<p>LOS ANDES.&#8211; Con la presencia del director regional del Instituto Nacional de Estad\u00edsticas (INE), Mauricio Serrano; el Seremi de Econom\u00eda, Aland Tapia; y la gobernadora provincial de Los Andes, Mar\u00eda Victoria Rodr\u00edguez,&#8230;<\/p>\n","protected":false},"author":482,"featured_media":66143,"comment_status":"open","ping_status":"open","sticky":false,"template":"","format":"standard","meta":{"advanced_seo_description":"","jetpack_seo_html_title":"","jetpack_seo_noindex":false,"_jetpack_memberships_contains_paid_content":false,"footnotes":""},"categories":[15],"tags":[],"class_list":["post-66142","post","type-post","status-publish","format-standard","has-post-thumbnail","hentry","category-comunidad"],"jetpack_featured_media_url":"https:\/\/i0.wp.com\/eltrabajo.cl\/portal\/wp-content\/uploads\/2016\/01\/Equipo-de-trabajo-Precenso-y-censo-Los-Andes.jpg?fit=530%2C349&ssl=1","jetpack_sharing_enabled":true,"jetpack_likes_enabled":true,"jetpack-related-posts":[],"_links":{"self":[{"href":"https:\/\/eltrabajo.cl\/portal\/wp-json\/wp\/v2\/posts\/66142","targetHints":{"allow":["GET"]}}],"collection":[{"href":"https:\/\/eltrabajo.cl\/portal\/wp-json\/wp\/v2\/posts"}],"about":[{"href":"https:\/\/eltrabajo.cl\/portal\/wp-json\/wp\/v2\/types\/post"}],"author":[{"embeddable":true,"href":"https:\/\/eltrabajo.cl\/portal\/wp-json\/wp\/v2\/users\/482"}],"replies":[{"embeddable":true,"href":"https:\/\/eltrabajo.cl\/portal\/wp-json\/wp\/v2\/comments?post=66142"}],"version-history":[{"count":0,"href":"https:\/\/eltrabajo.cl\/portal\/wp-json\/wp\/v2\/posts\/66142\/revisions"}],"wp:featuredmedia":[{"embeddable":true,"href":"https:\/\/eltrabajo.cl\/portal\/wp-json\/wp\/v2\/media\/66143"}],"wp:attachment":[{"href":"https:\/\/eltrabajo.cl\/portal\/wp-json\/wp\/v2\/media?parent=66142"}],"wp:term":[{"taxonomy":"category","embeddable":true,"href":"https:\/\/eltrabajo.cl\/portal\/wp-json\/wp\/v2\/categories?post=66142"},{"taxonomy":"post_tag","embeddable":true,"href":"https:\/\/eltrabajo.cl\/portal\/wp-json\/wp\/v2\/tags?post=66142"}],"curies":[{"name":"wp","href":"https:\/\/api.w.org\/{rel}","templated":true}]}}