{"id":66145,"date":"2016-01-26T09:48:30","date_gmt":"2016-01-26T12:48:30","guid":{"rendered":"http:\/\/www.eltrabajo.cl\/portal\/?p=66145"},"modified":"2016-01-26T09:48:30","modified_gmt":"2016-01-26T12:48:30","slug":"dirigentes-critican-hermetismo-de-reuniones-sobre-la-creacion-de-la-region-de-aconcagua","status":"publish","type":"post","link":"https:\/\/eltrabajo.cl\/portal\/dirigentes-critican-hermetismo-de-reuniones-sobre-la-creacion-de-la-region-de-aconcagua\/","title":{"rendered":"Dirigentes critican hermetismo de reuniones sobre la creaci\u00f3n de la Regi\u00f3n de Aconcagua"},"content":{"rendered":"<figure id=\"attachment_66146\" aria-describedby=\"caption-attachment-66146\" style=\"width: 300px\" class=\"wp-caption alignleft\"><img data-recalc-dims=\"1\" loading=\"lazy\" decoding=\"async\" class=\"wp-image-66146 size-medium\" src=\"https:\/\/i0.wp.com\/www.eltrabajo.cl\/portal\/wp-content\/uploads\/2016\/01\/Marcos-Morales-300x198.jpg?resize=300%2C198\" alt=\"Marcos Morales, presidente de los Comerciantes de la v\u00eda P\u00fablica de Los Andes.\" width=\"300\" height=\"198\" srcset=\"https:\/\/i0.wp.com\/eltrabajo.cl\/portal\/wp-content\/uploads\/2016\/01\/Marcos-Morales.jpg?resize=300%2C198&amp;ssl=1 300w, https:\/\/i0.wp.com\/eltrabajo.cl\/portal\/wp-content\/uploads\/2016\/01\/Marcos-Morales.jpg?resize=200%2C132&amp;ssl=1 200w, https:\/\/i0.wp.com\/eltrabajo.cl\/portal\/wp-content\/uploads\/2016\/01\/Marcos-Morales.jpg?resize=228%2C150&amp;ssl=1 228w, https:\/\/i0.wp.com\/eltrabajo.cl\/portal\/wp-content\/uploads\/2016\/01\/Marcos-Morales.jpg?resize=400%2C263&amp;ssl=1 400w, https:\/\/i0.wp.com\/eltrabajo.cl\/portal\/wp-content\/uploads\/2016\/01\/Marcos-Morales.jpg?w=530&amp;ssl=1 530w\" sizes=\"auto, (max-width: 300px) 100vw, 300px\" \/><figcaption id=\"caption-attachment-66146\" class=\"wp-caption-text\">Marcos Morales, presidente de los Comerciantes de la v\u00eda P\u00fablica de Los Andes.<\/figcaption><\/figure>\n<ul>\n<li><strong>Acusan que estas reuniones se est\u00e1n haciendo cada vez m\u00e1s cerradas y con poca participaci\u00f3n de las bases.<\/strong><\/li>\n<\/ul>\n<p><strong>LOS ANDES.<\/strong>&#8211; El seminario sobre la creaci\u00f3n de la nueva Regi\u00f3n de Aconcagua efectuado la semana pasada en las Termas El Coraz\u00f3n donde particip\u00f3 el subsecretario de Desarrollo Regional Ricardo Cifuentes trajo consigo una ola de cr\u00edticas por parte de algunos dirigentes sociales que han apoyado fuertemente esta iniciativa y que fueron convocados a \u00faltima hora al encuentro.<br \/>\nAs\u00ed al menos lo expres\u00f3 el Presidente de los Comerciantes de la v\u00eda P\u00fablica de Los Andes, Marcos Morales, quien critic\u00f3 el hecho que se est\u00e9 dejando fuera a las bases sociales de esta iniciativa de crear esta nueva regi\u00f3n, sobre todo porque las reuniones y seminarios se est\u00e1n llevando adelante en lugares apartados como el caso de la Termas del Coraz\u00f3n donde no todos pueden llegar a menos que cuenten con movilizaci\u00f3n propia.<br \/>\n\u201cYo y varios dirigentes nos sentimos bastante mal porque si nos interesaba participar de este seminario, pero lamentablemente no ten\u00eda los medios como para llegar hasta all\u00ed y otros dirigentes tampoco pudieron ir\u201d, manifest\u00f3.<br \/>\nMorales dijo que es entendible que en un a\u00f1o de elecciones municipales se quiera politizar el tema de la regi\u00f3n de Aconcagua, \u201cpero ellos tambi\u00e9n tienen que entender que nosotros quienes vivimos en esta zona queremos participar activamente en esto\u201d.<br \/>\nEl Presidente de los Comerciantes de la v\u00eda p\u00fablica precis\u00f3 que las reuniones deber\u00edan ser avisadas con antelaci\u00f3n e incluir a todos y facilitar la asistencia de todos los dirigentes que quieran ir, \u201cal menos poner locomoci\u00f3n para todos quienes no tienen veh\u00edculo propio, pues esa es la mejor opci\u00f3n de ayudar a quienes si queremos impulsar esta nueva regi\u00f3n de Aconcagua\u201d.<br \/>\nAleg\u00f3 que esperan que esta situaci\u00f3n sea revertida en las pr\u00f3ximas reuniones y seminarios para que puedan asistir y as\u00ed tener la posibilidad de realizar consultas y aclarar algunos puntos que siempre est\u00e1n surgiendo, \u201cporque ahora nos estamos sintiendo un poco discriminados\u201d.<\/p>\n","protected":false},"excerpt":{"rendered":"<p>Acusan que estas reuniones se est\u00e1n haciendo cada vez m\u00e1s cerradas y con poca participaci\u00f3n de las bases. LOS ANDES.&#8211; El seminario sobre la creaci\u00f3n de la nueva Regi\u00f3n de Aconcagua efectuado&#8230;<\/p>\n","protected":false},"author":482,"featured_media":66146,"comment_status":"open","ping_status":"open","sticky":false,"template":"","format":"standard","meta":{"advanced_seo_description":"","jetpack_seo_html_title":"","jetpack_seo_noindex":false,"_jetpack_memberships_contains_paid_content":false,"footnotes":""},"categories":[15],"tags":[],"class_list":["post-66145","post","type-post","status-publish","format-standard","has-post-thumbnail","hentry","category-comunidad"],"jetpack_featured_media_url":"https:\/\/i0.wp.com\/eltrabajo.cl\/portal\/wp-content\/uploads\/2016\/01\/Marcos-Morales.jpg?fit=530%2C349&ssl=1","jetpack_sharing_enabled":true,"jetpack_likes_enabled":true,"jetpack-related-posts":[],"_links":{"self":[{"href":"https:\/\/eltrabajo.cl\/portal\/wp-json\/wp\/v2\/posts\/66145","targetHints":{"allow":["GET"]}}],"collection":[{"href":"https:\/\/eltrabajo.cl\/portal\/wp-json\/wp\/v2\/posts"}],"about":[{"href":"https:\/\/eltrabajo.cl\/portal\/wp-json\/wp\/v2\/types\/post"}],"author":[{"embeddable":true,"href":"https:\/\/eltrabajo.cl\/portal\/wp-json\/wp\/v2\/users\/482"}],"replies":[{"embeddable":true,"href":"https:\/\/eltrabajo.cl\/portal\/wp-json\/wp\/v2\/comments?post=66145"}],"version-history":[{"count":0,"href":"https:\/\/eltrabajo.cl\/portal\/wp-json\/wp\/v2\/posts\/66145\/revisions"}],"wp:featuredmedia":[{"embeddable":true,"href":"https:\/\/eltrabajo.cl\/portal\/wp-json\/wp\/v2\/media\/66146"}],"wp:attachment":[{"href":"https:\/\/eltrabajo.cl\/portal\/wp-json\/wp\/v2\/media?parent=66145"}],"wp:term":[{"taxonomy":"category","embeddable":true,"href":"https:\/\/eltrabajo.cl\/portal\/wp-json\/wp\/v2\/categories?post=66145"},{"taxonomy":"post_tag","embeddable":true,"href":"https:\/\/eltrabajo.cl\/portal\/wp-json\/wp\/v2\/tags?post=66145"}],"curies":[{"name":"wp","href":"https:\/\/api.w.org\/{rel}","templated":true}]}}