{"id":66148,"date":"2016-01-26T09:49:56","date_gmt":"2016-01-26T12:49:56","guid":{"rendered":"http:\/\/www.eltrabajo.cl\/portal\/?p=66148"},"modified":"2016-01-26T09:49:56","modified_gmt":"2016-01-26T12:49:56","slug":"hoy-se-realiza-primera-charla-masiva-del-2016-en-torno-a-la-tenencia-responsable-de-mascotas","status":"publish","type":"post","link":"https:\/\/eltrabajo.cl\/portal\/hoy-se-realiza-primera-charla-masiva-del-2016-en-torno-a-la-tenencia-responsable-de-mascotas\/","title":{"rendered":"Hoy se realiza primera charla masiva del 2016 en torno a la tenencia responsable de mascotas"},"content":{"rendered":"<figure id=\"attachment_66149\" aria-describedby=\"caption-attachment-66149\" style=\"width: 300px\" class=\"wp-caption alignleft\"><img data-recalc-dims=\"1\" loading=\"lazy\" decoding=\"async\" class=\"wp-image-66149 size-medium\" src=\"https:\/\/i0.wp.com\/www.eltrabajo.cl\/portal\/wp-content\/uploads\/2016\/01\/FOTO-1-MARIANA-BRAVO-ENCARGADA--300x198.jpg?resize=300%2C198\" alt=\"Mariana Bravo, encargada del programa comunal de Tenencia Responsable de Mascotas de la Municipalidad de San Felipe.\" width=\"300\" height=\"198\" srcset=\"https:\/\/i0.wp.com\/eltrabajo.cl\/portal\/wp-content\/uploads\/2016\/01\/FOTO-1-MARIANA-BRAVO-ENCARGADA-.jpg?resize=300%2C198&amp;ssl=1 300w, https:\/\/i0.wp.com\/eltrabajo.cl\/portal\/wp-content\/uploads\/2016\/01\/FOTO-1-MARIANA-BRAVO-ENCARGADA-.jpg?resize=200%2C132&amp;ssl=1 200w, https:\/\/i0.wp.com\/eltrabajo.cl\/portal\/wp-content\/uploads\/2016\/01\/FOTO-1-MARIANA-BRAVO-ENCARGADA-.jpg?resize=227%2C150&amp;ssl=1 227w, https:\/\/i0.wp.com\/eltrabajo.cl\/portal\/wp-content\/uploads\/2016\/01\/FOTO-1-MARIANA-BRAVO-ENCARGADA-.jpg?resize=400%2C264&amp;ssl=1 400w, https:\/\/i0.wp.com\/eltrabajo.cl\/portal\/wp-content\/uploads\/2016\/01\/FOTO-1-MARIANA-BRAVO-ENCARGADA-.jpg?w=530&amp;ssl=1 530w\" sizes=\"auto, (max-width: 300px) 100vw, 300px\" \/><figcaption id=\"caption-attachment-66149\" class=\"wp-caption-text\">Mariana Bravo, encargada del programa comunal de Tenencia Responsable de Mascotas de la Municipalidad de San Felipe.<\/figcaption><\/figure>\n<ul>\n<li><strong>La actividad ser\u00e1 dirigida por Monserrat Gallardo, directora del programa Esteriliza, No Abandones Chile, quien abordar\u00e1 diferentes tem\u00e1ticas, entre ellas en qu\u00e9 estado se encuentra la nueva ley que se espera sea promulgada dentro de unos 6 meses.<\/strong><\/li>\n<\/ul>\n<p>Monserrat Gallardo, directora del Programa Nacional \u2018Esteriliza No Abandones\u2019 Chile, ser\u00e1 la encargada de impartir la primera charla masiva de este a\u00f1o respecto de la Tenencia Responsable de Mascotas, a realizarse hoy a partir de las 11:30 Hrs. en el Teatro Municipal de San Felipe.<br \/>\nAs\u00ed lo inform\u00f3, Mariana Bravo, Encargada del Programa tenencia Responsable de Mascotas de la Municipalidad de San Felipe, quien afirm\u00f3 que \u201cinvitamos a todas las personas a enterarse en qu\u00e9 paso va la ley de esta tem\u00e1tica en nuestro pa\u00eds y tambi\u00e9n para que puedan profundizar de los cuidados que necesita una mascota para tenerlo adentro del hogar\u201d, sostuvo.<br \/>\nRespecto de cuanto se ha avanzado en torno a la promulgaci\u00f3n definitiva de la Ley de Tenencia Responsable, Bravo asegur\u00f3 que \u201cestuvimos el otro d\u00eda en el Congreso conversando con Guido Girardi, que es el encargado de informarnos en qu\u00e9 situaci\u00f3n se encuentra la ley, por eso es importante que asistan todos los animalistas, las juntas de vecinos, los que aman y no aman a los animales porque esperamos ya poder trabajar en torno a ella en unos 6 meses m\u00e1s\u201d, detall\u00f3<br \/>\nEn cuanto a cu\u00e1les son las reformas que se impondr\u00e1n con la nueva legislaci\u00f3n, Bravo adujo que \u00e9sta permitir\u00e1 a los animalistas trabajar directamente con las denuncias, saber cu\u00e1les son los maltratos que reciben las mascotas y se espera que sea una ley fuerte, en la cual se produzcan cambios relevantes en torno al maltrato y la Tenencia Responsable.<\/p>\n","protected":false},"excerpt":{"rendered":"<p>La actividad ser\u00e1 dirigida por Monserrat Gallardo, directora del programa Esteriliza, No Abandones Chile, quien abordar\u00e1 diferentes tem\u00e1ticas, entre ellas en qu\u00e9 estado se encuentra la nueva ley que se espera sea&#8230;<\/p>\n","protected":false},"author":482,"featured_media":66149,"comment_status":"open","ping_status":"open","sticky":false,"template":"","format":"standard","meta":{"advanced_seo_description":"","jetpack_seo_html_title":"","jetpack_seo_noindex":false,"_jetpack_memberships_contains_paid_content":false,"footnotes":""},"categories":[1],"tags":[],"class_list":["post-66148","post","type-post","status-publish","format-standard","has-post-thumbnail","hentry","category-cronica"],"jetpack_featured_media_url":"https:\/\/i0.wp.com\/eltrabajo.cl\/portal\/wp-content\/uploads\/2016\/01\/FOTO-1-MARIANA-BRAVO-ENCARGADA-.jpg?fit=530%2C350&ssl=1","jetpack_sharing_enabled":true,"jetpack_likes_enabled":true,"jetpack-related-posts":[],"_links":{"self":[{"href":"https:\/\/eltrabajo.cl\/portal\/wp-json\/wp\/v2\/posts\/66148","targetHints":{"allow":["GET"]}}],"collection":[{"href":"https:\/\/eltrabajo.cl\/portal\/wp-json\/wp\/v2\/posts"}],"about":[{"href":"https:\/\/eltrabajo.cl\/portal\/wp-json\/wp\/v2\/types\/post"}],"author":[{"embeddable":true,"href":"https:\/\/eltrabajo.cl\/portal\/wp-json\/wp\/v2\/users\/482"}],"replies":[{"embeddable":true,"href":"https:\/\/eltrabajo.cl\/portal\/wp-json\/wp\/v2\/comments?post=66148"}],"version-history":[{"count":0,"href":"https:\/\/eltrabajo.cl\/portal\/wp-json\/wp\/v2\/posts\/66148\/revisions"}],"wp:featuredmedia":[{"embeddable":true,"href":"https:\/\/eltrabajo.cl\/portal\/wp-json\/wp\/v2\/media\/66149"}],"wp:attachment":[{"href":"https:\/\/eltrabajo.cl\/portal\/wp-json\/wp\/v2\/media?parent=66148"}],"wp:term":[{"taxonomy":"category","embeddable":true,"href":"https:\/\/eltrabajo.cl\/portal\/wp-json\/wp\/v2\/categories?post=66148"},{"taxonomy":"post_tag","embeddable":true,"href":"https:\/\/eltrabajo.cl\/portal\/wp-json\/wp\/v2\/tags?post=66148"}],"curies":[{"name":"wp","href":"https:\/\/api.w.org\/{rel}","templated":true}]}}