{"id":66151,"date":"2016-01-26T09:51:13","date_gmt":"2016-01-26T12:51:13","guid":{"rendered":"http:\/\/www.eltrabajo.cl\/portal\/?p=66151"},"modified":"2016-01-26T09:51:13","modified_gmt":"2016-01-26T12:51:13","slug":"fosila-realiza-presentacion-ante-mas-de-200-vecinos-de-calle-larga","status":"publish","type":"post","link":"https:\/\/eltrabajo.cl\/portal\/fosila-realiza-presentacion-ante-mas-de-200-vecinos-de-calle-larga\/","title":{"rendered":"Fosila realiza presentaci\u00f3n ante m\u00e1s de 200 vecinos de Calle Larga"},"content":{"rendered":"<figure id=\"attachment_66152\" aria-describedby=\"caption-attachment-66152\" style=\"width: 300px\" class=\"wp-caption alignleft\"><img data-recalc-dims=\"1\" loading=\"lazy\" decoding=\"async\" class=\"wp-image-66152 size-medium\" src=\"https:\/\/i0.wp.com\/www.eltrabajo.cl\/portal\/wp-content\/uploads\/2016\/01\/Fosila-Calle-larga-300x198.jpg?resize=300%2C198\" alt=\"M\u00e1s de 200 personas asistieron a la presentaci\u00f3n de Fosila en Calle Larga.\" width=\"300\" height=\"198\" srcset=\"https:\/\/i0.wp.com\/eltrabajo.cl\/portal\/wp-content\/uploads\/2016\/01\/Fosila-Calle-larga.jpg?resize=300%2C198&amp;ssl=1 300w, https:\/\/i0.wp.com\/eltrabajo.cl\/portal\/wp-content\/uploads\/2016\/01\/Fosila-Calle-larga.jpg?resize=200%2C132&amp;ssl=1 200w, https:\/\/i0.wp.com\/eltrabajo.cl\/portal\/wp-content\/uploads\/2016\/01\/Fosila-Calle-larga.jpg?resize=228%2C150&amp;ssl=1 228w, https:\/\/i0.wp.com\/eltrabajo.cl\/portal\/wp-content\/uploads\/2016\/01\/Fosila-Calle-larga.jpg?resize=400%2C263&amp;ssl=1 400w, https:\/\/i0.wp.com\/eltrabajo.cl\/portal\/wp-content\/uploads\/2016\/01\/Fosila-Calle-larga.jpg?w=530&amp;ssl=1 530w\" sizes=\"auto, (max-width: 300px) 100vw, 300px\" \/><figcaption id=\"caption-attachment-66152\" class=\"wp-caption-text\">M\u00e1s de 200 personas asistieron a la presentaci\u00f3n de Fosila en Calle Larga.<\/figcaption><\/figure>\n<ul>\n<li><strong>El concierto se realiz\u00f3 en Plaza de Armas:<\/strong><\/li>\n<\/ul>\n<p><strong>LOS ANDES.<\/strong>&#8211; Durante una hora aproximadamente, 42 j\u00f3venes y ni\u00f1os integrantes de Fosila se presentaron ante m\u00e1s de200 vecinos de Calle Larga en un concierto que se enmarc\u00f3 en las actividades de clausura del 2015 para el colectivo musical.<br \/>\nLos alumnos demostraron a los asistentes los avances que alcanzaron durante el a\u00f1o pasado y encantaron con su talento, acercando la m\u00fasica y la cultura al Valle de Aconcagua.<br \/>\n\u201cPara nosotros es importante estar presentes en distintos escenarios para hacer presencia y mostrar el trabajo que los ni\u00f1os desarrollan\u201d, expres\u00f3 Jos\u00e9 Tomas Rives, director musical de Fosila.<br \/>\nPara la gobernadora de la provincia de Los Andes, Mar\u00eda Victoria Rodr\u00edguez, estas instancias sirven para compartir. \u201cEste concierto permite participar y empoderarse de los espacios p\u00fablicos de manera positiva\u201d, destac\u00f3 la autoridad.<br \/>\nImpulsado por Codelco Andina desde el a\u00f1o 2008, Fosila es un proyecto socio educativo que busca apoyar la formaci\u00f3n integral de ni\u00f1os, entreg\u00e1ndoles herramientas para su desarrollo social y cognitivo.<br \/>\n\u201cCuando uno empieza a ver resultados concretos y los ni\u00f1os terminan haciendo en sus vidas cosas mucho mejores todos los que trabajamos en Andina tenemos que estar orgullosos de haber aportado un grano de arena a los ni\u00f1os de la provincia y del Valle de Aconcagua\u201d, expres\u00f3 Jorge Sanhueza, gerente de Sustentabilidad y Asuntos Externos de Divisi\u00f3n Andina.<\/p>\n<p><strong>FOSILA ES UN ORGULLO<\/strong><br \/>\nAlexis Luna, p\u00fablico del concierto: \u201cDeben sentirse orgullosos de tener a estos ni\u00f1os talentosos, me alegro por ellos y por la comuna\u201d.<br \/>\nIsabel Urtubia, p\u00fablico del concierto: \u201cEstoy orgullosa de ver esto, porque uno piensa que en el pueblo m\u00e1s grande no m\u00e1s se puede ver y no ac\u00e1 en las comunas chicas, pero es algo muy bonito, precioso\u201d.<br \/>\nHeidy Baeza, p\u00fablico del concierto: \u201cEs s\u00faper interesante ver como los ni\u00f1itos tan chiquititos tocan tan bien los instrumentos\u201d.<br \/>\nAlain Vargas, p\u00fablico del concierto: \u201cEs una buena iniciativa para la comuna que traigan este tipo de espect\u00e1culos para que se den a conocer m\u00e1s de lo que ya es conocido Fosila en Los Andes\u201d.<\/p>\n","protected":false},"excerpt":{"rendered":"<p>El concierto se realiz\u00f3 en Plaza de Armas: LOS ANDES.&#8211; Durante una hora aproximadamente, 42 j\u00f3venes y ni\u00f1os integrantes de Fosila se presentaron ante m\u00e1s de200 vecinos de Calle Larga en un&#8230;<\/p>\n","protected":false},"author":482,"featured_media":66152,"comment_status":"open","ping_status":"open","sticky":false,"template":"","format":"standard","meta":{"advanced_seo_description":"","jetpack_seo_html_title":"","jetpack_seo_noindex":false,"_jetpack_memberships_contains_paid_content":false,"footnotes":""},"categories":[15],"tags":[],"class_list":["post-66151","post","type-post","status-publish","format-standard","has-post-thumbnail","hentry","category-comunidad"],"jetpack_featured_media_url":"https:\/\/i0.wp.com\/eltrabajo.cl\/portal\/wp-content\/uploads\/2016\/01\/Fosila-Calle-larga.jpg?fit=530%2C349&ssl=1","jetpack_sharing_enabled":true,"jetpack_likes_enabled":true,"jetpack-related-posts":[],"_links":{"self":[{"href":"https:\/\/eltrabajo.cl\/portal\/wp-json\/wp\/v2\/posts\/66151","targetHints":{"allow":["GET"]}}],"collection":[{"href":"https:\/\/eltrabajo.cl\/portal\/wp-json\/wp\/v2\/posts"}],"about":[{"href":"https:\/\/eltrabajo.cl\/portal\/wp-json\/wp\/v2\/types\/post"}],"author":[{"embeddable":true,"href":"https:\/\/eltrabajo.cl\/portal\/wp-json\/wp\/v2\/users\/482"}],"replies":[{"embeddable":true,"href":"https:\/\/eltrabajo.cl\/portal\/wp-json\/wp\/v2\/comments?post=66151"}],"version-history":[{"count":0,"href":"https:\/\/eltrabajo.cl\/portal\/wp-json\/wp\/v2\/posts\/66151\/revisions"}],"wp:featuredmedia":[{"embeddable":true,"href":"https:\/\/eltrabajo.cl\/portal\/wp-json\/wp\/v2\/media\/66152"}],"wp:attachment":[{"href":"https:\/\/eltrabajo.cl\/portal\/wp-json\/wp\/v2\/media?parent=66151"}],"wp:term":[{"taxonomy":"category","embeddable":true,"href":"https:\/\/eltrabajo.cl\/portal\/wp-json\/wp\/v2\/categories?post=66151"},{"taxonomy":"post_tag","embeddable":true,"href":"https:\/\/eltrabajo.cl\/portal\/wp-json\/wp\/v2\/tags?post=66151"}],"curies":[{"name":"wp","href":"https:\/\/api.w.org\/{rel}","templated":true}]}}