{"id":66154,"date":"2016-01-26T09:52:36","date_gmt":"2016-01-26T12:52:36","guid":{"rendered":"http:\/\/www.eltrabajo.cl\/portal\/?p=66154"},"modified":"2016-01-26T09:52:36","modified_gmt":"2016-01-26T12:52:36","slug":"autoridades-establecen-mesa-de-trabajo-en-apoyo-de-pequenos-agricultores-de-putaendo","status":"publish","type":"post","link":"https:\/\/eltrabajo.cl\/portal\/autoridades-establecen-mesa-de-trabajo-en-apoyo-de-pequenos-agricultores-de-putaendo\/","title":{"rendered":"Autoridades establecen mesa de trabajo en apoyo de peque\u00f1os agricultores de Putaendo"},"content":{"rendered":"<figure id=\"attachment_66155\" aria-describedby=\"caption-attachment-66155\" style=\"width: 300px\" class=\"wp-caption alignleft\"><img data-recalc-dims=\"1\" loading=\"lazy\" decoding=\"async\" class=\"wp-image-66155 size-medium\" src=\"https:\/\/i0.wp.com\/www.eltrabajo.cl\/portal\/wp-content\/uploads\/2016\/01\/Mesa-de-trabajo-agricultores-Putaendo-300x198.jpg?resize=300%2C198\" alt=\"El gobernador Eduardo Le\u00f3n y el seremi de Agricultura, Ricardo Astorga, se reunieron con peque\u00f1os agricultores y productores de durazno de la comuna de Putaendo para establecer una mesa de trabajo.\" width=\"300\" height=\"198\" srcset=\"https:\/\/i0.wp.com\/eltrabajo.cl\/portal\/wp-content\/uploads\/2016\/01\/Mesa-de-trabajo-agricultores-Putaendo.jpg?resize=300%2C198&amp;ssl=1 300w, https:\/\/i0.wp.com\/eltrabajo.cl\/portal\/wp-content\/uploads\/2016\/01\/Mesa-de-trabajo-agricultores-Putaendo.jpg?resize=200%2C132&amp;ssl=1 200w, https:\/\/i0.wp.com\/eltrabajo.cl\/portal\/wp-content\/uploads\/2016\/01\/Mesa-de-trabajo-agricultores-Putaendo.jpg?resize=227%2C150&amp;ssl=1 227w, https:\/\/i0.wp.com\/eltrabajo.cl\/portal\/wp-content\/uploads\/2016\/01\/Mesa-de-trabajo-agricultores-Putaendo.jpg?resize=400%2C264&amp;ssl=1 400w, https:\/\/i0.wp.com\/eltrabajo.cl\/portal\/wp-content\/uploads\/2016\/01\/Mesa-de-trabajo-agricultores-Putaendo.jpg?w=530&amp;ssl=1 530w\" sizes=\"auto, (max-width: 300px) 100vw, 300px\" \/><figcaption id=\"caption-attachment-66155\" class=\"wp-caption-text\">El gobernador Eduardo Le\u00f3n y el seremi de Agricultura, Ricardo Astorga, se reunieron con peque\u00f1os agricultores y productores de durazno de la comuna de Putaendo para establecer una mesa de trabajo.<\/figcaption><\/figure>\n<ul>\n<li><strong>Las autoridades se reunieron con peque\u00f1os agricultores y productores de durazno de la comuna, donde informaron sobre la baja del precio de este fruto y las complicaciones que esto ha tra\u00eddo.<\/strong><\/li>\n<\/ul>\n<p>Con la finalidad de conocer la realidad de los peque\u00f1os agricultores y productores de durazno de la comuna de Putaendo, arribaron el gobernador Eduardo Le\u00f3n junto al seremi de Agricultura, Ricardo Astorga, hasta el sector de Rinconada de Silva.<br \/>\nEn la ocasi\u00f3n, dialogaron sobre dos grandes ejes: la baja en el precio del durazno conservero -seg\u00fan los mismos agricultores, hoy est\u00e1n obligados a vender este fruto a un precio por debajo del costo de producci\u00f3n- e inversi\u00f3n en riego en la comuna, por lo que acordaron generan una mesa t\u00e9cnica para abordar estas problem\u00e1ticas.<br \/>\nEn la ocasi\u00f3n, Ra\u00fal Iturrieta, presidente de la Asociaci\u00f3n de Agricultores de Putaendo A.G., manifest\u00f3 que \u201choy, seg\u00fan la estimaci\u00f3n que tenemos nosotros, estamos perdiendo cerca de $1 mill\u00f3n por hect\u00e1rea de producci\u00f3n debido a la ca\u00edda de los precios, es por eso que estamos de acuerdo en la creaci\u00f3n de esta mesa t\u00e9cnica y para desarrollar las propuestas que le hemos planteado a las autoridades\u201d, sostuvo el dirigente.<br \/>\nEn tanto, el gobernador Eduardo Le\u00f3n enfatiz\u00f3 que \u201ccomprometemos a sentarnos en una mesa y poder sobre transferencia tecnol\u00f3gica, innovaci\u00f3n y avanzar en inversi\u00f3n en riego, por eso convocaremos a quien sea necesario para venir en ayuda de los peque\u00f1os agricultores. Darle valor agregado al mundo campesino es una tarea pendiente, pero estamos ac\u00e1 para abordarlo porque es una tarea primordial del Gobierno de la Presidenta Bachelet, apoyar a los m\u00e1s vulnerables y especialmente en el sector rural\u201d, se\u00f1al\u00f3 la m\u00e1xima autoridad provincial.<br \/>\nEn tanto, el Seremi Astorga manifest\u00f3 que \u201choy nos comprometimos con los agricultores de Putaendo para conformar esta mesa, de manera que los recursos que est\u00e1n destinados en el Ministerio de Agricultura llegue r\u00e1pidamente y de forma eficiente para que puedan solucionar los problemas que tienen\u201d, sostuvo.<br \/>\nFinalmente, las autoridades se\u00f1alaron que para esta mesa de trabajo participar\u00e1n representantes de Corfo, CNR e Indap, para dar a conocer los mecanismos de apoyo del Gobierno.<\/p>\n","protected":false},"excerpt":{"rendered":"<p>Las autoridades se reunieron con peque\u00f1os agricultores y productores de durazno de la comuna, donde informaron sobre la baja del precio de este fruto y las complicaciones que esto ha tra\u00eddo. Con&#8230;<\/p>\n","protected":false},"author":482,"featured_media":66155,"comment_status":"open","ping_status":"open","sticky":false,"template":"","format":"standard","meta":{"advanced_seo_description":"","jetpack_seo_html_title":"","jetpack_seo_noindex":false,"_jetpack_memberships_contains_paid_content":false,"footnotes":""},"categories":[1],"tags":[],"class_list":["post-66154","post","type-post","status-publish","format-standard","has-post-thumbnail","hentry","category-cronica"],"jetpack_featured_media_url":"https:\/\/i0.wp.com\/eltrabajo.cl\/portal\/wp-content\/uploads\/2016\/01\/Mesa-de-trabajo-agricultores-Putaendo.jpg?fit=530%2C350&ssl=1","jetpack_sharing_enabled":true,"jetpack_likes_enabled":true,"jetpack-related-posts":[],"_links":{"self":[{"href":"https:\/\/eltrabajo.cl\/portal\/wp-json\/wp\/v2\/posts\/66154","targetHints":{"allow":["GET"]}}],"collection":[{"href":"https:\/\/eltrabajo.cl\/portal\/wp-json\/wp\/v2\/posts"}],"about":[{"href":"https:\/\/eltrabajo.cl\/portal\/wp-json\/wp\/v2\/types\/post"}],"author":[{"embeddable":true,"href":"https:\/\/eltrabajo.cl\/portal\/wp-json\/wp\/v2\/users\/482"}],"replies":[{"embeddable":true,"href":"https:\/\/eltrabajo.cl\/portal\/wp-json\/wp\/v2\/comments?post=66154"}],"version-history":[{"count":0,"href":"https:\/\/eltrabajo.cl\/portal\/wp-json\/wp\/v2\/posts\/66154\/revisions"}],"wp:featuredmedia":[{"embeddable":true,"href":"https:\/\/eltrabajo.cl\/portal\/wp-json\/wp\/v2\/media\/66155"}],"wp:attachment":[{"href":"https:\/\/eltrabajo.cl\/portal\/wp-json\/wp\/v2\/media?parent=66154"}],"wp:term":[{"taxonomy":"category","embeddable":true,"href":"https:\/\/eltrabajo.cl\/portal\/wp-json\/wp\/v2\/categories?post=66154"},{"taxonomy":"post_tag","embeddable":true,"href":"https:\/\/eltrabajo.cl\/portal\/wp-json\/wp\/v2\/tags?post=66154"}],"curies":[{"name":"wp","href":"https:\/\/api.w.org\/{rel}","templated":true}]}}