{"id":66157,"date":"2016-01-26T09:55:38","date_gmt":"2016-01-26T12:55:38","guid":{"rendered":"http:\/\/www.eltrabajo.cl\/portal\/?p=66157"},"modified":"2016-01-26T09:55:38","modified_gmt":"2016-01-26T12:55:38","slug":"mas-de-500-ninos-han-participado-de-las-actividades-deportivas-y-recreativas-del-programa-municipal-un-verano-entretenido","status":"publish","type":"post","link":"https:\/\/eltrabajo.cl\/portal\/mas-de-500-ninos-han-participado-de-las-actividades-deportivas-y-recreativas-del-programa-municipal-un-verano-entretenido\/","title":{"rendered":"M\u00e1s de 500 ni\u00f1os han participado de las actividades deportivas y recreativas del programa municipal \u2018Un Verano Entretenido\u2019"},"content":{"rendered":"<figure id=\"attachment_66158\" aria-describedby=\"caption-attachment-66158\" style=\"width: 300px\" class=\"wp-caption alignleft\"><img data-recalc-dims=\"1\" loading=\"lazy\" decoding=\"async\" class=\"wp-image-66158 size-medium\" src=\"https:\/\/i0.wp.com\/www.eltrabajo.cl\/portal\/wp-content\/uploads\/2016\/01\/FOTO-1-danilo-pena-300x197.jpg?resize=300%2C197\" alt=\"Danilo Pe\u00f1a, encargado del departamento de Deportes y Actividad F\u00edsica de la Municipalidad de San Felipe.\" width=\"300\" height=\"197\" srcset=\"https:\/\/i0.wp.com\/eltrabajo.cl\/portal\/wp-content\/uploads\/2016\/01\/FOTO-1-danilo-pena.jpg?resize=300%2C197&amp;ssl=1 300w, https:\/\/i0.wp.com\/eltrabajo.cl\/portal\/wp-content\/uploads\/2016\/01\/FOTO-1-danilo-pena.jpg?resize=200%2C131&amp;ssl=1 200w, https:\/\/i0.wp.com\/eltrabajo.cl\/portal\/wp-content\/uploads\/2016\/01\/FOTO-1-danilo-pena.jpg?resize=228%2C150&amp;ssl=1 228w, https:\/\/i0.wp.com\/eltrabajo.cl\/portal\/wp-content\/uploads\/2016\/01\/FOTO-1-danilo-pena.jpg?resize=400%2C263&amp;ssl=1 400w, https:\/\/i0.wp.com\/eltrabajo.cl\/portal\/wp-content\/uploads\/2016\/01\/FOTO-1-danilo-pena.jpg?w=530&amp;ssl=1 530w\" sizes=\"auto, (max-width: 300px) 100vw, 300px\" \/><figcaption id=\"caption-attachment-66158\" class=\"wp-caption-text\">Danilo Pe\u00f1a, encargado del departamento de Deportes y Actividad F\u00edsica de la Municipalidad de San Felipe.<\/figcaption><\/figure>\n<ul>\n<li><strong>Febrero tiene en la agenda sanfelipe\u00f1a un campeonato de nataci\u00f3n y un torneo nacional de slackline.<\/strong><\/li>\n<\/ul>\n<p>Danilo Pe\u00f1a, encargado del Departamento de Deportes y Actividad F\u00edsica de la Municipalidad de San Felipe hizo un positivo balance de la convocatoria que han logrado con las distintas actividades desarrolladas en el marco del Programa comunal \u2018Un Verano Entretenido\u2019.<br \/>\nSeg\u00fan relat\u00f3 Pe\u00f1a, son cerca de 500 los ni\u00f1os que en promedio han participado de las diversas disciplinas que pone a disposici\u00f3n el cuerpo de profesores a cargo de estos talleres. \u201cEn el \u00e1rea recreacional-deportiva estamos muy contentos, hemos tenido muchos ni\u00f1os participando en los distintos centros que ha dispuesto este programa: en el Estadio Fiscal con b\u00e1squetbol, voleibol, f\u00fatbol m\u00e1s todas las actividades acu\u00e1ticas, en Bucalemu con el polideportivo, en Curim\u00f3n y La Troya con F\u00fatbol tambi\u00e9n con las clases en el Club de Tenis Valle de Aconcagua los martes y jueves\u201d, narr\u00f3 Pe\u00f1a.<br \/>\nRespecto de qu\u00e9 actividades han logrado despertar m\u00e1s el inter\u00e9s de la comunidad, el profesional destac\u00f3 que \u201csin duda las entretenidas clases de \u2018aquaerobic\u2019 han sido todo un \u00e9xito en la piscina, partieron con 30 personas en la primera clase y hoy cuenta ya con cerca de 80 inscritos, as\u00ed que estamos felices y ahora trabajando duro para continuar con las actividades en febrero\u201d, adujo.<br \/>\nEn cuanto a la programaci\u00f3n que se ha dispuesto para el mes de febrero, es importante consignar que las actividades del programa Un Verano Entretenido se extender\u00e1n hasta el viernes 12 de febrero y de forma paralela se ha determinado que el primer fin de semana del pr\u00f3ximo mes marque la t\u00f3nica de lo que se viene en actividades recreativas y deportivas durante el segundo mes de 2016<br \/>\n\u201cFebrero viene muy cargado respecto de los fines de semana. El s\u00e1bado 6 vamos a tener la inauguraci\u00f3n del Programa del Ministerio del Deporte Calles Abiertas, que regresa a San Felipe durante todo el a\u00f1o hasta noviembre y vamos a partir en el sector de Bellavista. Ese mismo d\u00eda volver\u00e1 el motocross a la ciudad en el sector de Tres Esquinas y por \u00faltimo el s\u00e1bado en la ma\u00f1a se llevar\u00e1 a efecto el popular torneo de nataci\u00f3n en nuestra piscina de 25 metros\u201d, describi\u00f3 Pe\u00f1a.<br \/>\nAs\u00ed mismo, el personero municipal agreg\u00f3 que \u201cpara el fin de semana siguiente, los d\u00edas 12, 13 y 14 de febrero, vamos a tener aqu\u00ed en el centro de San Felipe, algo muy entretenido, que es el slackline (disciplina de equilibrio que se realiza sobre una cinta el\u00e1stica que se une entre dos puntos fijos y sobre la cual se realizan distintos saltos acrob\u00e1ticos), ser\u00e1 un campeonato nacional de esta disciplina el d\u00eda 13 y el domingo 14 en la piscina lo haremos a modo de exhibici\u00f3n en el agua, as\u00ed que estaremos llenos de actividades entretenidas\u201d, apunt\u00f3.<br \/>\nPe\u00f1a invit\u00f3 a toda la comunidad sanfelipe\u00f1a a formar parte de las actividades recreativas, deportivas y de actividad f\u00edsica preparadas por el Departamento de Deportes de la Municipalidad de San Felipe, sobre todo pensando en que los ni\u00f1os comienzan a vivir ya su \u00faltimo mes de vacaciones antes de volver enfocarse en el a\u00f1o escolar.<\/p>\n","protected":false},"excerpt":{"rendered":"<p>Febrero tiene en la agenda sanfelipe\u00f1a un campeonato de nataci\u00f3n y un torneo nacional de slackline. Danilo Pe\u00f1a, encargado del Departamento de Deportes y Actividad F\u00edsica de la Municipalidad de San Felipe&#8230;<\/p>\n","protected":false},"author":482,"featured_media":66158,"comment_status":"open","ping_status":"open","sticky":false,"template":"","format":"standard","meta":{"advanced_seo_description":"","jetpack_seo_html_title":"","jetpack_seo_noindex":false,"_jetpack_memberships_contains_paid_content":false,"footnotes":""},"categories":[15],"tags":[],"class_list":["post-66157","post","type-post","status-publish","format-standard","has-post-thumbnail","hentry","category-comunidad"],"jetpack_featured_media_url":"https:\/\/i0.wp.com\/eltrabajo.cl\/portal\/wp-content\/uploads\/2016\/01\/FOTO-1-danilo-pena.jpg?fit=530%2C348&ssl=1","jetpack_sharing_enabled":true,"jetpack_likes_enabled":true,"jetpack-related-posts":[],"_links":{"self":[{"href":"https:\/\/eltrabajo.cl\/portal\/wp-json\/wp\/v2\/posts\/66157","targetHints":{"allow":["GET"]}}],"collection":[{"href":"https:\/\/eltrabajo.cl\/portal\/wp-json\/wp\/v2\/posts"}],"about":[{"href":"https:\/\/eltrabajo.cl\/portal\/wp-json\/wp\/v2\/types\/post"}],"author":[{"embeddable":true,"href":"https:\/\/eltrabajo.cl\/portal\/wp-json\/wp\/v2\/users\/482"}],"replies":[{"embeddable":true,"href":"https:\/\/eltrabajo.cl\/portal\/wp-json\/wp\/v2\/comments?post=66157"}],"version-history":[{"count":0,"href":"https:\/\/eltrabajo.cl\/portal\/wp-json\/wp\/v2\/posts\/66157\/revisions"}],"wp:featuredmedia":[{"embeddable":true,"href":"https:\/\/eltrabajo.cl\/portal\/wp-json\/wp\/v2\/media\/66158"}],"wp:attachment":[{"href":"https:\/\/eltrabajo.cl\/portal\/wp-json\/wp\/v2\/media?parent=66157"}],"wp:term":[{"taxonomy":"category","embeddable":true,"href":"https:\/\/eltrabajo.cl\/portal\/wp-json\/wp\/v2\/categories?post=66157"},{"taxonomy":"post_tag","embeddable":true,"href":"https:\/\/eltrabajo.cl\/portal\/wp-json\/wp\/v2\/tags?post=66157"}],"curies":[{"name":"wp","href":"https:\/\/api.w.org\/{rel}","templated":true}]}}